{"id":121282,"date":"2023-08-30T14:21:04","date_gmt":"2023-08-30T14:21:04","guid":{"rendered":"https:\/\/haberulus.net\/?p=121282"},"modified":"2023-08-30T14:21:04","modified_gmt":"2023-08-30T14:21:04","slug":"almanyada-yillik-enflasyon-agustosta-yuzde-61e-geriledi","status":"publish","type":"post","link":"https:\/\/haberulus.net\/?p=121282","title":{"rendered":"Almanya\u2019da y\u0131ll\u0131k enflasyon a\u011fustosta y\u00fczde 6,1\u2019e geriledi"},"content":{"rendered":"<p>Almanya&#8217;da y\u0131ll\u0131k enflasyon, a\u011fustosta beklentilerin alt\u0131nda y\u00fczde 6,1&#8217;e geriledi.<\/p>\n<p>Almanya Federal \u0130statistik Ofisi (Destatis), fiyat art\u0131\u015flar\u0131na ili\u015fkin a\u011fustos ay\u0131 \u00f6nc\u00fc verilerini a\u00e7\u0131klad\u0131.<\/p>\n<p>Buna g\u00f6re, Almanya&#8217;da temmuzda y\u00fczde 6,2 olan y\u0131ll\u0131k enflasyon, a\u011fustosta y\u00fczde 6,1&#8217;e geriledi. Piyasalarda beklenti enflasyonun a\u011fustosta y\u00fczde 6&#8217;ya inmesi y\u00f6n\u00fcndeydi.<\/p>\n<p>\u00dclkede enflasyon oran\u0131, ayl\u0131k bazda ise y\u00fczde 0,3 artt\u0131.<\/p>\n<p>AB uyumlu T\u00dcFE de a\u011fustosta bir \u00f6nceki aya g\u00f6re y\u00fczde 0,4 ve y\u0131ll\u0131k bazda y\u00fczde 6,4 y\u00fckseldi.<\/p>\n<p><b>ENERJ\u0130 VE GIDA F\u0130YATLARI BEL\u0130RLEY\u0130C\u0130 OLDU<\/b><\/p>\n<p>Almanya\u2019da enerji ve g\u0131da, aylard\u0131r en b\u00fcy\u00fck fiyat belirleyici olarak \u00f6ne \u00e7\u0131karken, G\u0131da fiyatlar\u0131, a\u011fustosta enflasyonun en b\u00fcy\u00fck itici g\u00fcc\u00fc olmaya devam etti. G\u0131da fiyatlar\u0131 a\u011fustosta bir y\u0131l \u00f6ncesine g\u00f6re y\u00fczde 9 ve enerji \u00fcr\u00fcnleri y\u00fczde 8,3 art\u0131\u015f g\u00f6sterdi.<\/p>\n<p>Bu arada, ayr\u0131 veri olarak, Almanya&#8217;da temmuzda ithalat fiyatlar\u0131 bir \u00f6nceki y\u0131l\u0131n ayn\u0131 d\u00f6nemine g\u00f6re y\u00fczde 13,2 d\u00fc\u015ferek 1987\u2019den bu yana en sert d\u00fc\u015f\u00fc\u015f\u00fcn\u00fc g\u00f6sterdi.<\/p>\n<p>Analistler, d\u00fc\u015fen ithalat maliyetlerinin t\u00fcketici fiyatlar\u0131n\u0131 da etkileyece\u011fini tahmin ediyor.<\/p>\n<p>Alman ekonomisi bir\u00e7ok \u00f6n \u00fcr\u00fcn ve ham maddeyi yurt d\u0131\u015f\u0131ndan temin etti\u011finden, d\u00fc\u015fen ithalat fiyatlar\u0131 t\u00fcketici fiyatlar\u0131n\u0131 gecikmeli olarak etkiliyor.<\/p>\n<p>ECB, birka\u00e7 ay i\u00e7inde ana faiz oranlar\u0131n\u0131 9 kez art\u0131r\u0131rken, analistler ECB\u2019nin y\u00f6netim kurulu 14 Eyl\u00fcl&#8217;de faiz oranlar\u0131n\u0131 belirlemek i\u00e7in toplanacak.<\/p>\n<p>ECB y\u00fczde 2,0 enflasyon hedeflerken, banka y\u00f6netimi veri durumu gerektiriyorsa daha fazla faiz art\u0131r\u0131m\u0131na karar verece\u011fini defalarca vurgulad\u0131.<\/p>\n<p>\u00d6te yandan, Alman ekonomisi, ge\u00e7en y\u0131l\u0131n son \u00e7eyre\u011finde y\u00fczde 0,4 ve y\u0131l\u0131n ilk \u00e7eyre\u011finde y\u00fczde 0,1 k\u00fc\u00e7\u00fcl\u00fcrken, y\u0131l\u0131n ikinci \u00e7eyre\u011finde b\u00fcy\u00fcme g\u00f6sterememi\u015fti.<\/p>\n<p>Son y\u0131llarda ya\u015fanan Kovid-19 salg\u0131n\u0131, tedarik zinciri kesintileri ve Rusya-Ukrayna sava\u015f\u0131 gibi \u00e7ok say\u0131daki kriz, Alman ekonomisinin zay\u0131f y\u00f6nlerini su y\u00fcz\u00fcne \u00e7\u0131kar\u0131rken, \u00c7in ba\u015fta olmak \u00fczere bir\u00e7ok \u00fclkenin Almanya\u2019dan ithal etti\u011fi mallar\u0131 giderek daha fazla \u00fcretebilmesi ve y\u00fcksek enflasyonla artan faizler Alman ekonomisinin b\u00fcy\u00fcmesini daha da zorla\u015ft\u0131r\u0131yor.<\/p>\n<p>Yava\u015flayan k\u00fcresel b\u00fcy\u00fcme, sanayi \u00fcretimdeki d\u00fc\u015f\u00fc\u015f, t\u00fcketicilerin y\u00fckselen enflasyonla ba\u015f etme \u00e7abas\u0131 da Alman ekonomisini olumsuz etkiliyor. (AA)<\/p>\n","protected":false},"excerpt":{"rendered":"<p>Almanya Federal \u0130statistik Ofisi&#8217;nin (Destatis) a\u011fustos ay\u0131na ili\u015fkin yay\u0131mlad\u0131\u011f\u0131 \u00f6nc\u00fc verilere g\u00f6re \u00fclkede y\u0131ll\u0131k enflasyon a\u011fustosta y\u00fczde 6,1\u2019e geriledi.<\/p>\n","protected":false},"author":1,"featured_media":121283,"comment_status":"closed","ping_status":"open","sticky":false,"template":"","format":"standard","meta":{"footnotes":""},"categories":[25],"tags":[6522,6526,809,60,75],"class_list":["post-121282","post","type-post","status-publish","format-standard","has-post-thumbnail","hentry","category-ekonomi","tag-agustosta","tag-alman-ekonomisi","tag-almanya","tag-enflasyon","tag-fiyat"],"_links":{"self":[{"href":"https:\/\/haberulus.net\/index.php?rest_route=\/wp\/v2\/posts\/121282","targetHints":{"allow":["GET"]}}],"collection":[{"href":"https:\/\/haberulus.net\/index.php?rest_route=\/wp\/v2\/posts"}],"about":[{"href":"https:\/\/haberulus.net\/index.php?rest_route=\/wp\/v2\/types\/post"}],"author":[{"embeddable":true,"href":"https:\/\/haberulus.net\/index.php?rest_route=\/wp\/v2\/users\/1"}],"replies":[{"embeddable":true,"href":"https:\/\/haberulus.net\/index.php?rest_route=%2Fwp%2Fv2%2Fcomments&post=121282"}],"version-history":[{"count":1,"href":"https:\/\/haberulus.net\/index.php?rest_route=\/wp\/v2\/posts\/121282\/revisions"}],"predecessor-version":[{"id":121284,"href":"https:\/\/haberulus.net\/index.php?rest_route=\/wp\/v2\/posts\/121282\/revisions\/121284"}],"wp:featuredmedia":[{"embeddable":true,"href":"https:\/\/haberulus.net\/index.php?rest_route=\/wp\/v2\/media\/121283"}],"wp:attachment":[{"href":"https:\/\/haberulus.net\/index.php?rest_route=%2Fwp%2Fv2%2Fmedia&parent=121282"}],"wp:term":[{"taxonomy":"category","embeddable":true,"href":"https:\/\/haberulus.net\/index.php?rest_route=%2Fwp%2Fv2%2Fcategories&post=121282"},{"taxonomy":"post_tag","embeddable":true,"href":"https:\/\/haberulus.net\/index.php?rest_route=%2Fwp%2Fv2%2Ftags&post=121282"}],"curies":[{"name":"wp","href":"https:\/\/api.w.org\/{rel}","templated":true}]}}