{"id":121306,"date":"2023-08-30T14:51:03","date_gmt":"2023-08-30T14:51:03","guid":{"rendered":"https:\/\/haberulus.net\/?p=121306"},"modified":"2023-08-30T14:51:03","modified_gmt":"2023-08-30T14:51:03","slug":"netanyahunun-ogluna-para-cezasi","status":"publish","type":"post","link":"https:\/\/haberulus.net\/?p=121306","title":{"rendered":"Netanyahu\u2019nun o\u011fluna para cezas\u0131"},"content":{"rendered":"<p>\u0130srail Kefar Saba Sulh Mahkemesi, muhalif Mavi-Beyaz \u0130ttifak\u0131\u2019na mensup Dana Ke\u015fdi isimli aktivistin Yair Netanyahu hakk\u0131nda hakaret ve iftira su\u00e7undan a\u00e7t\u0131\u011f\u0131 davay\u0131 sonu\u00e7land\u0131rd\u0131.<\/p>\n<p>Mahkeme, \u0130srail Ba\u015fbakan\u0131 Netanyahu\u2019nun o\u011flunun, Ke\u015fdi\u2019ye 130 bin \u015fekel (yakla\u015f\u0131k 34 bin dolar) tazminat \u00f6demesine karar verdi.<\/p>\n<p>Kararda, Yair Netanyahu\u2019nun 2020\u2019deki genel se\u00e7imlerin kampanya d\u00f6neminde sosyal medya hesab\u0131ndan Ke\u015fdi ile \u0130srail\u2019de muhalefet ve Mavi-Beyaz \u0130ttifak\u0131 lideri Yair Lapid\u2019in \u201cyak\u0131n ve uygunsuz\u201d bir ili\u015fki i\u00e7inde oldu\u011funu iddia etti\u011fi belirtildi.<\/p>\n<p>Bu t\u00fcr yay\u0131nlar\u0131n \u015fikayet\u00e7i taraf\u0131 a\u015fa\u011f\u0131layabilece\u011fi, ona y\u00f6nelik ay\u0131plama ve hakaret te\u015fkil edebilece\u011fi kararda ifade edildi.<\/p>\n<p>Yair, nisan ay\u0131nda dava kapsam\u0131nda hakim kar\u015f\u0131s\u0131na \u00e7\u0131kt\u0131\u011f\u0131nda, Benny Gantz&#8217;\u0131n as\u0131l amac\u0131n\u0131n kendisinden intikam almak oldu\u011funu savunmu\u015ftu.<\/p>\n<p>O\u011ful Netanyahu, Gantz&#8217;\u0131n kendisini dava edemeyece\u011fini ileri s\u00fcrm\u00fc\u015f ve Dana Ke\u015fdi&#8217;yi \u201cpiyon olarak kulland\u0131\u011f\u0131n\u0131\u201d iddia etmi\u015fti.<\/p>\n<p><strong>KE\u015eD\u0130, 500 B\u0130N \u015eEKEL TAZM\u0130NAT DAVASI A\u00c7MI\u015eTI<\/strong><\/p>\n<p>The Jerusalem Post gazetesinin haberinde, Ke\u015fdi&#8217;nin dava kapsam\u0131nda Yair Netanyahu&#8217;dan 500 bin \u015fekel (yakla\u015f\u0131k 131 bin dolar) tazminat istedi\u011fi belirtilmi\u015fti.<\/p>\n<p>Yair Netanyahu&#8217;nun s\u00f6z konusu sosyal medya payla\u015f\u0131mlar\u0131n\u0131 2020&#8217;deki genel se\u00e7imlerin kampanya d\u00f6neminde yapt\u0131\u011f\u0131 aktar\u0131lm\u0131\u015ft\u0131.<\/p>\n<p>Mahkeme karar\u0131na ili\u015fkin Yair Netanyahu hen\u00fcz bir a\u00e7\u0131klamada bulunmazken, karar\u0131 temyize ta\u015f\u0131y\u0131p ta\u015f\u0131mayaca\u011f\u0131 belirsizli\u011fini koruyor.<\/p>\n<p><strong>ABD YALANLAMI\u015eTI<\/strong><\/p>\n<p>Yair Netanyahu, daha \u00f6nce de sosyal medya hesab\u0131ndan babas\u0131n\u0131n muhaliflerine y\u00f6nelik yapt\u0131\u011f\u0131 payla\u015f\u0131mlarla g\u00fcndeme gelmi\u015fti.<\/p>\n<p>\u0130srail Ba\u015fbakan\u0131 Netanyahu, Mart ay\u0131nda o\u011flu Yair\u2019in sosyal medya kullan\u0131m\u0131na k\u0131s\u0131tlama getirmi\u015fti.<\/p>\n<p>Yair sosyal medya hesab\u0131ndan, Mart ay\u0131nda, kitlesel yarg\u0131 reformu protestolar\u0131n\u0131n devam etti\u011fi d\u00f6nemde bu protestolar\u0131n arkas\u0131nda ABD\u2019nin oldu\u011funa y\u00f6nelik payla\u015f\u0131mlarda bulunmu\u015ftu.<\/p>\n<p>O\u011ful Netanyahu&#8217;nun iddialar\u0131 ABD y\u00f6netiminin tepkisini \u00e7ekmi\u015fti. ABD D\u0131\u015fi\u015fleri Bakanl\u0131\u011f\u0131 S\u00f6zc\u00fc Yard\u0131mc\u0131s\u0131 Vedant Patel, 27 Mart&#8217;ta yapt\u0131\u011f\u0131 a\u00e7\u0131klamada, \u201cBu su\u00e7lamalar tamamen ve a\u00e7\u0131k bir \u015fekilde yanl\u0131\u015f.\u201d demi\u015fti. (AA)<\/p>\n","protected":false},"excerpt":{"rendered":"<p>\u0130srail&#8217;de mahkeme, Ba\u015fbakan Binyamin Netanyahu&#8217;nun o\u011flu Yair&#8217;in hakaret ve iftira su\u00e7undan yakla\u015f\u0131k 34 bin dolar tazminat \u00f6demesine h\u00fckmetti.<\/p>\n","protected":false},"author":1,"featured_media":121307,"comment_status":"closed","ping_status":"open","sticky":false,"template":"","format":"standard","meta":{"footnotes":""},"categories":[24],"tags":[775,580,1669,13894],"class_list":["post-121306","post","type-post","status-publish","format-standard","has-post-thumbnail","hentry","category-dunya","tag-dava","tag-karar","tag-sosyal-medya","tag-yair-netanyahu"],"_links":{"self":[{"href":"https:\/\/haberulus.net\/index.php?rest_route=\/wp\/v2\/posts\/121306","targetHints":{"allow":["GET"]}}],"collection":[{"href":"https:\/\/haberulus.net\/index.php?rest_route=\/wp\/v2\/posts"}],"about":[{"href":"https:\/\/haberulus.net\/index.php?rest_route=\/wp\/v2\/types\/post"}],"author":[{"embeddable":true,"href":"https:\/\/haberulus.net\/index.php?rest_route=\/wp\/v2\/users\/1"}],"replies":[{"embeddable":true,"href":"https:\/\/haberulus.net\/index.php?rest_route=%2Fwp%2Fv2%2Fcomments&post=121306"}],"version-history":[{"count":1,"href":"https:\/\/haberulus.net\/index.php?rest_route=\/wp\/v2\/posts\/121306\/revisions"}],"predecessor-version":[{"id":121308,"href":"https:\/\/haberulus.net\/index.php?rest_route=\/wp\/v2\/posts\/121306\/revisions\/121308"}],"wp:featuredmedia":[{"embeddable":true,"href":"https:\/\/haberulus.net\/index.php?rest_route=\/wp\/v2\/media\/121307"}],"wp:attachment":[{"href":"https:\/\/haberulus.net\/index.php?rest_route=%2Fwp%2Fv2%2Fmedia&parent=121306"}],"wp:term":[{"taxonomy":"category","embeddable":true,"href":"https:\/\/haberulus.net\/index.php?rest_route=%2Fwp%2Fv2%2Fcategories&post=121306"},{"taxonomy":"post_tag","embeddable":true,"href":"https:\/\/haberulus.net\/index.php?rest_route=%2Fwp%2Fv2%2Ftags&post=121306"}],"curies":[{"name":"wp","href":"https:\/\/api.w.org\/{rel}","templated":true}]}}