{"id":121330,"date":"2023-08-30T15:21:05","date_gmt":"2023-08-30T15:21:05","guid":{"rendered":"https:\/\/haberulus.net\/?p=121330"},"modified":"2023-08-30T15:21:05","modified_gmt":"2023-08-30T15:21:05","slug":"fenerbahce-twente-maci-icin-hollandaya-geldi","status":"publish","type":"post","link":"https:\/\/haberulus.net\/?p=121330","title":{"rendered":"Fenerbah\u00e7e, Twente ma\u00e7\u0131 i\u00e7in Hollanda\u2019ya geldi"},"content":{"rendered":"<p>Fenerbah\u00e7e, UEFA Avrupa Konferans Ligi Play-Off Turu\u2019nda 5-1 kazand\u0131\u011f\u0131 ilk ma\u00e7\u0131n r\u00f6van\u015f\u0131nda Twente ile yar\u0131n TS\u0130 20.00\u2019de deplasmanda kar\u015f\u0131 kar\u015f\u0131ya gelecek. Sar\u0131-lacivertli ekip, kar\u015f\u0131la\u015fma \u00f6ncesi hava yoluyla Hollanda\u2019ya geldi. Sar\u0131-lacivertli kafile, havaliman\u0131ndan kara yoluyla Enschede kentindeki konaklayaca\u011f\u0131 otele hareket etti.<\/p>\n<p>Fenerbah\u00e7e kafilesini konaklayaca\u011f\u0131 otelin \u00f6n\u00fcnde Hollanda Fenerbah\u00e7eliler Derne\u011fi ve az say\u0131da taraftar kar\u015f\u0131lad\u0131.<\/p>\n<p>Twente-Fenerbah\u00e7e kar\u015f\u0131la\u015fmas\u0131 yar\u0131n TS\u0130 20.00\u2019de Twente Stad\u0131\u2019nda oynanacak. Kar\u015f\u0131la\u015fmay\u0131 \u0130talyan hakem Fabio Maresca y\u00f6netecek.<\/p>\n","protected":false},"excerpt":{"rendered":"<p>Fenerbah\u00e7e, UEFA Avrupa Konferans Ligi Play-Off Turu&#8217;nda Twente ile oynayaca\u011f\u0131 kar\u015f\u0131la\u015fma i\u00e7in Hollanda&#8217;ya geldi.<\/p>\n","protected":false},"author":1,"featured_media":121331,"comment_status":"closed","ping_status":"open","sticky":false,"template":"","format":"standard","meta":{"footnotes":""},"categories":[31],"tags":[],"class_list":["post-121330","post","type-post","status-publish","format-standard","has-post-thumbnail","hentry","category-spor"],"_links":{"self":[{"href":"https:\/\/haberulus.net\/index.php?rest_route=\/wp\/v2\/posts\/121330","targetHints":{"allow":["GET"]}}],"collection":[{"href":"https:\/\/haberulus.net\/index.php?rest_route=\/wp\/v2\/posts"}],"about":[{"href":"https:\/\/haberulus.net\/index.php?rest_route=\/wp\/v2\/types\/post"}],"author":[{"embeddable":true,"href":"https:\/\/haberulus.net\/index.php?rest_route=\/wp\/v2\/users\/1"}],"replies":[{"embeddable":true,"href":"https:\/\/haberulus.net\/index.php?rest_route=%2Fwp%2Fv2%2Fcomments&post=121330"}],"version-history":[{"count":1,"href":"https:\/\/haberulus.net\/index.php?rest_route=\/wp\/v2\/posts\/121330\/revisions"}],"predecessor-version":[{"id":121332,"href":"https:\/\/haberulus.net\/index.php?rest_route=\/wp\/v2\/posts\/121330\/revisions\/121332"}],"wp:featuredmedia":[{"embeddable":true,"href":"https:\/\/haberulus.net\/index.php?rest_route=\/wp\/v2\/media\/121331"}],"wp:attachment":[{"href":"https:\/\/haberulus.net\/index.php?rest_route=%2Fwp%2Fv2%2Fmedia&parent=121330"}],"wp:term":[{"taxonomy":"category","embeddable":true,"href":"https:\/\/haberulus.net\/index.php?rest_route=%2Fwp%2Fv2%2Fcategories&post=121330"},{"taxonomy":"post_tag","embeddable":true,"href":"https:\/\/haberulus.net\/index.php?rest_route=%2Fwp%2Fv2%2Ftags&post=121330"}],"curies":[{"name":"wp","href":"https:\/\/api.w.org\/{rel}","templated":true}]}}