{"id":121339,"date":"2023-08-30T15:35:05","date_gmt":"2023-08-30T15:35:05","guid":{"rendered":"https:\/\/haberulus.net\/?p=121339"},"modified":"2023-08-30T15:35:05","modified_gmt":"2023-08-30T15:35:05","slug":"rams-basaksehir-emirhan-ilkhani-kadrosuna-katti","status":"publish","type":"post","link":"https:\/\/haberulus.net\/?p=121339","title":{"rendered":"RAMS Ba\u015fak\u015fehir, Emirhan \u0130lkhan\u2019\u0131 kadrosuna katt\u0131"},"content":{"rendered":"<p>Transfer \u00e7al\u0131\u015fmalar\u0131n\u0131 s\u00fcrd\u00fcren RAMS Ba\u015fak\u015fehir, Torino formas\u0131 giyen milli futbolcu Emirhan \u0130lkhan\u2019\u0131 kadrosuna katt\u0131.<\/p>\n<p>Turuncu-lacivertli kul\u00fcpten yap\u0131lan a\u00e7\u0131klamada, 19 ya\u015f\u0131ndaki futbolcunun 1 y\u0131ll\u0131\u011f\u0131na kiraland\u0131\u011f\u0131 bildirildi<br \/>RAMS Ba\u015fak\u015fehir, a\u00e7\u0131klamas\u0131nda, \u201cKul\u00fcb\u00fcm\u00fcz son olarak \u0130talya ekiplerinden Torino\u2019da forma giyen Emirhan \u0130lkhan ile 2023-2024 sezonunun sonuna dek anla\u015fma sa\u011flad\u0131. Emirhan \u0130lkhan\u2019a ailemize \u2018ho\u015f geldin\u2019 diyor, turuncu-lacivertli formam\u0131zla ba\u015far\u0131lar diliyoruz.\u201d ifadeleri kullan\u0131ld\u0131<\/p>\n<p>Futbola Be\u015fikta\u015f altyap\u0131s\u0131nda ba\u015flay\u0131p A tak\u0131ma y\u00fckselen Emirhan \u0130lkhan, ge\u00e7ti\u011fimiz sezon ba\u015f\u0131nda Torino\u2019ya transfer olmu\u015ftu. Torino\u2019da 4 ma\u00e7ta forma giyip devre aras\u0131nda Sampdoria\u2019ya kiralanan gen\u00e7 futbolcu, bu tak\u0131mda da 8 Serie A m\u00fccadelesine \u00e7\u0131km\u0131\u015ft\u0131. (AA)<\/p>\n","protected":false},"excerpt":{"rendered":"<p>S\u00fcper Lig ekiplerinden RAMS Ba\u015fak\u015fehir, Torino&#8217;da forma giyen 19 ya\u015f\u0131ndaki milli oyuncu Emirhan \u0130lkhan&#8217;\u0131 transfer etti.<\/p>\n","protected":false},"author":1,"featured_media":121340,"comment_status":"closed","ping_status":"open","sticky":false,"template":"","format":"standard","meta":{"footnotes":""},"categories":[31],"tags":[],"class_list":["post-121339","post","type-post","status-publish","format-standard","has-post-thumbnail","hentry","category-spor"],"_links":{"self":[{"href":"https:\/\/haberulus.net\/index.php?rest_route=\/wp\/v2\/posts\/121339","targetHints":{"allow":["GET"]}}],"collection":[{"href":"https:\/\/haberulus.net\/index.php?rest_route=\/wp\/v2\/posts"}],"about":[{"href":"https:\/\/haberulus.net\/index.php?rest_route=\/wp\/v2\/types\/post"}],"author":[{"embeddable":true,"href":"https:\/\/haberulus.net\/index.php?rest_route=\/wp\/v2\/users\/1"}],"replies":[{"embeddable":true,"href":"https:\/\/haberulus.net\/index.php?rest_route=%2Fwp%2Fv2%2Fcomments&post=121339"}],"version-history":[{"count":1,"href":"https:\/\/haberulus.net\/index.php?rest_route=\/wp\/v2\/posts\/121339\/revisions"}],"predecessor-version":[{"id":121341,"href":"https:\/\/haberulus.net\/index.php?rest_route=\/wp\/v2\/posts\/121339\/revisions\/121341"}],"wp:featuredmedia":[{"embeddable":true,"href":"https:\/\/haberulus.net\/index.php?rest_route=\/wp\/v2\/media\/121340"}],"wp:attachment":[{"href":"https:\/\/haberulus.net\/index.php?rest_route=%2Fwp%2Fv2%2Fmedia&parent=121339"}],"wp:term":[{"taxonomy":"category","embeddable":true,"href":"https:\/\/haberulus.net\/index.php?rest_route=%2Fwp%2Fv2%2Fcategories&post=121339"},{"taxonomy":"post_tag","embeddable":true,"href":"https:\/\/haberulus.net\/index.php?rest_route=%2Fwp%2Fv2%2Ftags&post=121339"}],"curies":[{"name":"wp","href":"https:\/\/api.w.org\/{rel}","templated":true}]}}