{"id":121399,"date":"2023-08-30T17:51:05","date_gmt":"2023-08-30T17:51:05","guid":{"rendered":"https:\/\/haberulus.net\/?p=121399"},"modified":"2023-08-30T17:51:05","modified_gmt":"2023-08-30T17:51:05","slug":"bakan-isikhandan-memur-ve-emekli-zammiyla-ilgili-aciklama","status":"publish","type":"post","link":"https:\/\/haberulus.net\/?p=121399","title":{"rendered":"Bakan I\u015f\u0131khan\u2019dan memur ve emekli zamm\u0131yla ilgili a\u00e7\u0131klama"},"content":{"rendered":"<p>\u00c7al\u0131\u015fma ve Sosyal G\u00fcvenlik Bakan\u0131 I\u015f\u0131khan, 6,5 milyon memur ve memur emeklisinin 2024 ve 2025&#8217;te alaca\u011f\u0131 zam oran\u0131yla ilgili a\u00e7\u0131klama yapt\u0131.<\/p>\n<p>I\u015f\u0131khan, \u201cMemur ve memur emeklileri zamm\u0131 s\u00fcreci yar\u0131n sonlanacak, takdir Hakem Heyetinindir\u201d ifadesini kulland\u0131.<\/p>\n<p><strong>4 TOPLANTIDA KARAR \u00c7IKMADI<\/p>\n<p><\/strong>Yetkili konfederasyon Memur-Sen\u2019in ba\u015fvurusuyla 26 A\u011fustos\u2019ta \u00e7al\u0131\u015fmalar\u0131na ba\u015flayan kurul d\u00fcn 4\u2019\u00fcnc\u00fc kez bir araya gelmi\u015fti. Say\u0131\u015ftay Ba\u015fkan\u0131 Metin Yener ba\u015fkanl\u0131\u011f\u0131nda ger\u00e7ekle\u015fen toplant\u0131, yakla\u015f\u0131k 8 saat s\u00fcrm\u00fc\u015ft\u00fc. Toplant\u0131larda herhangi bir karar \u00e7\u0131kmad\u0131. Bug\u00fcn resmi tatil oldu\u011fu i\u00e7in toplant\u0131 yap\u0131lmazken nihai karar yar\u0131n yap\u0131lacak toplant\u0131da verilecek.<\/p>\n<p><strong>NE OLMU\u015eTU?<\/strong><\/p>\n<p>Memur ve memur emeklisini ilgilendiren 7. D\u00f6nem Kamu Toplu S\u00f6zle\u015fmesi g\u00f6r\u00fc\u015fmelerinde 1 A\u011fustos\u2019ta ba\u015flayan m\u00fczakere s\u00fcreci, yetkili memur sendikas\u0131 Memur-Sen ve h\u00fck\u00fcmet aras\u0131nda anla\u015fma sa\u011flanamadan sona erdi.<\/p>\n<p>Toplu s\u00f6zle\u015fme masas\u0131nda yetkili konfederasyon olarak yer alan Memur-Sen, 2024 i\u00e7in \u00fc\u00e7er ayl\u0131k d\u00f6nemler itibar\u0131yla refah pay\u0131 dahil ilk 3 ayda y\u00fczde 35, ikinci 3 ayda y\u00fczde 10, \u00fc\u00e7\u00fcnc\u00fc 3 ayda y\u00fczde 15, d\u00f6rd\u00fcnc\u00fc 3 ayda y\u00fczde 10 zam istemi\u015fti. Konfederasyon, 2025 i\u00e7in ise alt\u0131\u015far ayl\u0131k d\u00f6nemler itibar\u0131yla refah pay\u0131 dahil birinci 6 ayda y\u00fczde 25 ve ikinci 6 ayda y\u00fczde 15 zam talep etmi\u015fti.<\/p>\n<p>Buna kar\u015f\u0131n Kamu \u0130\u015fveren Heyeti, 14 A\u011fustos&#8217;taki ilk teklifinde 2024&#8217;\u00fcn ilk alt\u0131 ay\u0131nda y\u00fczde 14, ikinci alt\u0131 ay\u0131nda y\u00fczde 9, 2025&#8217;in ilk alt\u0131 ay\u0131nda y\u00fczde 6 ve ikinci alt\u0131 ay\u0131nda 5 zam teklif etmi\u015f, 17 A\u011fustos&#8217;ta ise teklifini 2024&#8217;\u00fcn ilk alt\u0131 ay\u0131nda y\u00fczde 15, ikinci alt\u0131 ay\u0131nda y\u00fczde 10, 2025&#8217;in ilk alt\u0131 ay\u0131nda y\u00fczde 6 ve ikinci alt\u0131 ay\u0131nda 5 \u015feklinde revize etmi\u015fti.<\/p>\n<p>Teklifler sonras\u0131 memur ve i\u015fveren temsilcileri aras\u0131nda anla\u015fma sa\u011flanamad\u0131. Toplu s\u00f6zle\u015fme s\u00fcresinin sona ermesiyle birlikte Kamu G\u00f6revlileri Hakem Heyeti devreye girdi.<\/p>\n","protected":false},"excerpt":{"rendered":"<p>\u00c7al\u0131\u015fma ve Sosyal G\u00fcvenlik Bakan\u0131 Vedat I\u015f\u0131khan, memur ve memur emeklileri zamm\u0131yla ilgili a\u00e7\u0131klama yapt\u0131.<\/p>\n","protected":false},"author":1,"featured_media":121400,"comment_status":"closed","ping_status":"open","sticky":false,"template":"","format":"standard","meta":{"footnotes":""},"categories":[25],"tags":[273,654,507,79],"class_list":["post-121399","post","type-post","status-publish","format-standard","has-post-thumbnail","hentry","category-ekonomi","tag-ikinci","tag-memur","tag-toplanti","tag-zam"],"_links":{"self":[{"href":"https:\/\/haberulus.net\/index.php?rest_route=\/wp\/v2\/posts\/121399","targetHints":{"allow":["GET"]}}],"collection":[{"href":"https:\/\/haberulus.net\/index.php?rest_route=\/wp\/v2\/posts"}],"about":[{"href":"https:\/\/haberulus.net\/index.php?rest_route=\/wp\/v2\/types\/post"}],"author":[{"embeddable":true,"href":"https:\/\/haberulus.net\/index.php?rest_route=\/wp\/v2\/users\/1"}],"replies":[{"embeddable":true,"href":"https:\/\/haberulus.net\/index.php?rest_route=%2Fwp%2Fv2%2Fcomments&post=121399"}],"version-history":[{"count":1,"href":"https:\/\/haberulus.net\/index.php?rest_route=\/wp\/v2\/posts\/121399\/revisions"}],"predecessor-version":[{"id":121401,"href":"https:\/\/haberulus.net\/index.php?rest_route=\/wp\/v2\/posts\/121399\/revisions\/121401"}],"wp:featuredmedia":[{"embeddable":true,"href":"https:\/\/haberulus.net\/index.php?rest_route=\/wp\/v2\/media\/121400"}],"wp:attachment":[{"href":"https:\/\/haberulus.net\/index.php?rest_route=%2Fwp%2Fv2%2Fmedia&parent=121399"}],"wp:term":[{"taxonomy":"category","embeddable":true,"href":"https:\/\/haberulus.net\/index.php?rest_route=%2Fwp%2Fv2%2Fcategories&post=121399"},{"taxonomy":"post_tag","embeddable":true,"href":"https:\/\/haberulus.net\/index.php?rest_route=%2Fwp%2Fv2%2Ftags&post=121399"}],"curies":[{"name":"wp","href":"https:\/\/api.w.org\/{rel}","templated":true}]}}