{"id":121435,"date":"2023-08-30T19:05:04","date_gmt":"2023-08-30T19:05:04","guid":{"rendered":"https:\/\/haberulus.net\/?p=121435"},"modified":"2023-08-30T19:05:04","modified_gmt":"2023-08-30T19:05:04","slug":"ismail-kartal-ulke-puanina-katki-icin-mucadele-edecegiz","status":"publish","type":"post","link":"https:\/\/haberulus.net\/?p=121435","title":{"rendered":"\u0130smail Kartal: \u00dclke puan\u0131na katk\u0131 i\u00e7in m\u00fccadele edece\u011fiz"},"content":{"rendered":"<p>\u0130smail Kartal, sar\u0131-lacivertlilerin Hollandal\u0131 oyuncusu Jayden Oosterwolde ile UEFA Konferans Ligi play-off turu r\u00f6van\u015f\u0131nda Twente\u2019yle kar\u015f\u0131la\u015facaklar\u0131 De Grolsch Veste Stad\u0131\u2019nda bas\u0131n toplant\u0131s\u0131 d\u00fczenledi. Konu\u015fmas\u0131n\u0131n ba\u015f\u0131nda 30 A\u011fustos Zafer Bayram\u0131\u2019n\u0131 kutlayan \u0130smail Kartal, \u015funlar\u0131 kaydetti:<\/p>\n<p>\u201c\u0130lk ma\u00e7ta 5-1 kazan\u0131p avantajl\u0131 bir skor elde ettik. Ama Twente\u2019nin ma\u00e7\u0131n ilk 15-20 dakikas\u0131nda bizi ne kadar zorlad\u0131\u011f\u0131n\u0131 g\u00f6rd\u00fck, bunun bilincindeyiz, biz de 7 ma\u00e7t\u0131r kazan\u0131yoruz. Kazanma al\u0131\u015fkanl\u0131\u011f\u0131 olan bir tak\u0131m\u0131z. Hem \u00fclke puan\u0131na katk\u0131 vermek i\u00e7in de m\u00fccadele edece\u011fiz. Her ne kadar ilk ma\u00e7\u0131 farkl\u0131 kazanm\u0131\u015f olsak da rakibimizi \u00e7ok ciddiye al\u0131yoruz. \u00c7ok iyi ko\u015fan, oyun i\u00e7inde s\u00fcrekli taktiksel anlamda opsiyonlar\u0131 olan bir tak\u0131m. Bunlar\u0131 da yapt\u0131\u011f\u0131m\u0131z analizlerle tespit ettik. \u0130yi m\u00fccadele edip kendimize yak\u0131\u015fan bir futbolla buradan kazanarak \u00fclkemize geri d\u00f6nmek istiyoruz.\u201d<\/p>\n<p><b>\u2018SAKAT OLANLARI L\u0130STEYE YAZAMADIK\u2019<\/b><\/p>\n<p>Sakatl\u0131klara da de\u011finen Kartal, \u201cElimizde baz\u0131 mevkilerde olmas\u0131 gereken baz\u0131 oyuncular\u0131m\u0131z sakat. Sakat olanlar\u0131 listeye yazamad\u0131k. Bu elimizi tabii biraz zay\u0131flat\u0131yor ama yine de \u015fu anda kadroda bulunan sa\u011fl\u0131kl\u0131 oyuncularla ilk ma\u00e7ta yapt\u0131\u011f\u0131m\u0131z gibi yar\u0131n da en iyi \u015fekilde m\u00fccadele edece\u011fimizi d\u00fc\u015f\u00fcn\u00fcyorum.\u201d \u015feklinde konu\u015ftu.<\/p>\n<p>Hollanda ekibinin \u00e7al\u0131\u015ft\u0131r\u0131c\u0131s\u0131 Oosting\u2019in ma\u00e7 \u00f6ncesi \u201cHer \u015fey hen\u00fcz bitmedi.\u201d \u015feklindeki konu\u015fmas\u0131 hat\u0131rlat\u0131lan Kartal, \u201cTabii ki rakip tak\u0131m\u0131n hocas\u0131n\u0131n \u2018her \u015fey bitmedi\u2019 demesini, kendisinin ve tak\u0131m\u0131n\u0131n motivasyonunu y\u00fckseltebilmesi i\u00e7in do\u011fal kar\u015f\u0131l\u0131yorum. Twente ger\u00e7ekten iyi futbol oynamaya \u00e7al\u0131\u015fan iyi bir tak\u0131m, ko\u015fan gen\u00e7 bir tak\u0131m. \u0130lk ma\u00e7\u0131 farkl\u0131 kaybetmi\u015f olmalar\u0131na ra\u011fmen burada kazanarak telafi etmeye \u00e7al\u0131\u015facaklard\u0131r. Biz de bunun bilincindeyiz. Biz de yar\u0131nki ma\u00e7a en iyi \u015fekilde haz\u0131rland\u0131k.\u201d ifadelerini kulland\u0131.<\/p>\n<p><b>Oosterwolde: \u201cBenim i\u00e7in \u00f6zel bir ma\u00e7 olacak\u201d<\/b><\/p>\n<p>Fenerbah\u00e7e\u2019nin Hollandal\u0131 oyuncusu Jayden Oosterwolde ise \u015funlar\u0131 aktard\u0131: \u201cBenim i\u00e7in \u00f6zel bir ma\u00e7 olacak. Kariyerim burada ba\u015flam\u0131\u015ft\u0131. \u0130lk ma\u00e7\u0131 5-1 kazanmam\u0131za ra\u011fmen \u00f6nemli bir r\u00f6van\u015f olacak. Burada da kazanmak istiyoruz. Baz\u0131 hatalar\u0131m\u0131z vard\u0131, onlar\u0131 d\u00fczelttik. T\u00fcrkiye&#8217;ye ilk geldi\u011fimde k\u00fclt\u00fcre al\u0131\u015fmak durumunda kalm\u0131\u015ft\u0131m. Ufak sakatl\u0131klar da ya\u015fad\u0131m. Zor bir ba\u015flang\u0131\u00e7 oldu. Bu sezon ger\u00e7ekten iyi haz\u0131rland\u0131m. Hocam\u0131n da g\u00fcveniyle birlikte iyi performans g\u00f6sterdi\u011fimi d\u00fc\u015f\u00fcn\u00fcyorum. Bunu ayn\u0131 \u015fekilde devam ettirmeyi umut ediyorum.\u201d<br \/>\u201c\u0130lk ma\u00e7\u0131 5-1 kazanman\u0131za ra\u011fmen turu kaybetme korkusu ya\u015f\u0131yor musunuz?\u201d sorusuna ise Oosterwolde, \u201cKendimize g\u00fcveniyoruz. B\u00fct\u00fcn ma\u00e7lar\u0131m\u0131z\u0131 kazand\u0131k. Kar\u015f\u0131la\u015fmay\u0131 kazanaca\u011f\u0131m\u0131z\u0131 d\u00fc\u015f\u00fcn\u00fcyorum. Bir tehlike olmad\u0131\u011f\u0131n\u0131 s\u00f6yleyebilirim.\u201d \u015feklinde cevap verdi.<\/p>\n<p>\u00d6te yandan sar\u0131-lacivertliler son antrenman\u0131 ma\u00e7\u0131n oynanaca\u011f\u0131 stadyumda ger\u00e7ekle\u015ftirdiler. Antrenman \u00f6ncesi teknik heyet ve futbolcular, 30 A\u011fustos Zafer Bayram\u0131 nedeniyle antrenman \u00f6ncesi T\u00fcrk bayra\u011f\u0131 a\u00e7t\u0131lar. (AA)<\/p>\n","protected":false},"excerpt":{"rendered":"<p>Fenerbah\u00e7e Teknik Direkt\u00f6r\u00fc \u0130smail Kartal, &#8220;\u0130yi m\u00fccadele edip kendimize yak\u0131\u015fan bir futbolla buradan kazanarak \u00fclkemize geri d\u00f6nmek istiyoruz&#8221; dedi.<\/p>\n","protected":false},"author":1,"featured_media":121436,"comment_status":"closed","ping_status":"open","sticky":false,"template":"","format":"standard","meta":{"footnotes":""},"categories":[31],"tags":[290,203,2460],"class_list":["post-121435","post","type-post","status-publish","format-standard","has-post-thumbnail","hentry","category-spor","tag-mac","tag-oyun","tag-sakat"],"_links":{"self":[{"href":"https:\/\/haberulus.net\/index.php?rest_route=\/wp\/v2\/posts\/121435","targetHints":{"allow":["GET"]}}],"collection":[{"href":"https:\/\/haberulus.net\/index.php?rest_route=\/wp\/v2\/posts"}],"about":[{"href":"https:\/\/haberulus.net\/index.php?rest_route=\/wp\/v2\/types\/post"}],"author":[{"embeddable":true,"href":"https:\/\/haberulus.net\/index.php?rest_route=\/wp\/v2\/users\/1"}],"replies":[{"embeddable":true,"href":"https:\/\/haberulus.net\/index.php?rest_route=%2Fwp%2Fv2%2Fcomments&post=121435"}],"version-history":[{"count":1,"href":"https:\/\/haberulus.net\/index.php?rest_route=\/wp\/v2\/posts\/121435\/revisions"}],"predecessor-version":[{"id":121437,"href":"https:\/\/haberulus.net\/index.php?rest_route=\/wp\/v2\/posts\/121435\/revisions\/121437"}],"wp:featuredmedia":[{"embeddable":true,"href":"https:\/\/haberulus.net\/index.php?rest_route=\/wp\/v2\/media\/121436"}],"wp:attachment":[{"href":"https:\/\/haberulus.net\/index.php?rest_route=%2Fwp%2Fv2%2Fmedia&parent=121435"}],"wp:term":[{"taxonomy":"category","embeddable":true,"href":"https:\/\/haberulus.net\/index.php?rest_route=%2Fwp%2Fv2%2Fcategories&post=121435"},{"taxonomy":"post_tag","embeddable":true,"href":"https:\/\/haberulus.net\/index.php?rest_route=%2Fwp%2Fv2%2Ftags&post=121435"}],"curies":[{"name":"wp","href":"https:\/\/api.w.org\/{rel}","templated":true}]}}