{"id":121450,"date":"2023-08-30T19:51:03","date_gmt":"2023-08-30T19:51:03","guid":{"rendered":"https:\/\/haberulus.net\/?p=121450"},"modified":"2023-08-30T19:51:03","modified_gmt":"2023-08-30T19:51:03","slug":"cumhuriyetin-100-yilina-ozel-mars-ilk-kez-seslendirildi","status":"publish","type":"post","link":"https:\/\/haberulus.net\/?p=121450","title":{"rendered":"Cumhuriyet\u2019in 100. y\u0131l\u0131na \u00f6zel mar\u015f ilk kez seslendirildi"},"content":{"rendered":"<p>Cumhurba\u015fkanl\u0131\u011f\u0131 K\u00fclliyesi\u2019nde 30 A\u011fustos Zafer Bayram\u0131 \u00d6zel Konseri ve 100. Y\u0131l Mar\u015f\u0131 Tan\u0131t\u0131m Program\u0131 d\u00fczenlendi.<\/p>\n<p>T\u00f6rende Garo Mafyan, Tuluyhan U\u011furlu, Sinan Ak\u00e7\u0131l, \u00d6zdemir Erdo\u011fan gibi sanat\u00e7\u0131lar\u0131n bulundu\u011fu j\u00fcrinin oylar\u0131yla birinci se\u00e7ilen 100. Y\u0131l Mar\u015f\u0131, Cumhurba\u015fkanl\u0131\u011f\u0131 Senfoni Orkestras\u0131 taraf\u0131ndan ilk kez seslendirildi.<\/p>\n<p><strong>CUMHURBA\u015eKANI ERDO\u011eAN\u2019DAN A\u00c7IKLAMA<\/strong><\/p>\n<p>Cumhurba\u015fkan\u0131 Recep Tayyip Erdo\u011fan, Be\u015ftepe\u2019de \u201c30 A\u011fustos Zafer Bayram\u0131 \u00d6zel Konseri ve 100. Y\u0131l Mar\u015f\u0131 Tan\u0131t\u0131m\u0131\u201dna kat\u0131ld\u0131. Cumhurba\u015fkan\u0131 Erdo\u011fan, a\u011fustosun, tarihe \u201cZaferler Ay\u0131\u201d olarak ge\u00e7en m\u00fcstesna bir d\u00f6nem oldu\u011funu belirterek, Malazgirt\u2019ten Belgrad\u2019a, Moha\u00e7\u2019tan K\u0131br\u0131s\u2019a kadar uzanan nice ba\u015far\u0131larla dolu olarak tarihe ismini alt\u0131n harflerle yazd\u0131ran bu \u00f6zel ay\u0131n sonuna gelindi\u011fini ifade etti.<\/p>\n<p>A\u011fustosun, Anadolu\u2019daki son devlet Cumhuriyet\u2019in kurulu\u015funa giden yolu a\u00e7an b\u00fcy\u00fck bir zaferin y\u0131l d\u00f6n\u00fcm\u00fcyle kapat\u0131ld\u0131\u011f\u0131n\u0131 dile getiren Erdo\u011fan, 26 A\u011fustos 1922\u2019de Gazi Mustafa Kemal Atat\u00fcrk\u2019\u00fcn verdi\u011fi \u201ch\u00fccum\u201d emriyle ordunun B\u00fcy\u00fck Taarruzu ba\u015flatt\u0131\u011f\u0131n\u0131 s\u00f6yledi.<\/p>\n<p>Erdo\u011fan, d\u00fc\u015fman hatlar\u0131n\u0131 birer birer da\u011f\u0131tan kahraman ordunun, 30 A\u011fustos g\u00fcn\u00fc ger\u00e7ekle\u015fen Ba\u015fkomutan Meydan Muharebesi\u2019yle, Yunan i\u015fgal kuvvetlerinin \u00f6nemli bir b\u00f6l\u00fcm\u00fcn\u00fc imha ederek \u0130zmir yolunu a\u00e7t\u0131\u011f\u0131n\u0131 hat\u0131rlatt\u0131.<\/p>\n<p>B\u00fcy\u00fck Taarruz\u2019un ba\u015flamas\u0131ndan 15 g\u00fcn sonra ka\u00e7an d\u00fc\u015fman\u0131n yak\u0131p y\u0131kt\u0131\u011f\u0131 \u0130zmir semalar\u0131nda T\u00fcrk bayraklar\u0131n\u0131n dalgaland\u0131\u011f\u0131n\u0131 ifade eden Erdo\u011fan, b\u00f6ylece ebedi vatan Anadolu topraklar\u0131n\u0131 3,5 y\u0131la yak\u0131n hain emelleri ve pis \u00e7izmeleriyle kirleten d\u00fc\u015fmana kar\u015f\u0131 sahada verilen sava\u015f\u0131n kazan\u0131ld\u0131\u011f\u0131n\u0131 kaydetti.<\/p>\n<p><img decoding=\"async\" src=\"https:\/\/i01.sozcucdn.com\/wp-content\/uploads\/2023\/08\/30\/aa-20230830-32033643-32033636-turkish_president_recep_tayyip_erdogan.jpg\" alt=\"\" title=\"\"><\/p>\n<p><strong>\u201cT\u00dcRK\u0130YE Y\u00dcZYILI\u2019NDA KENETLEND\u0130K\u201d<\/strong><\/p>\n<p>Erdo\u011fan, \u015f\u00f6yle konu\u015ftu:<\/p>\n<p>* \u201cHer zaferimiz gibi B\u00fcy\u00fck Taarruz\u2019la da istiklalimiz ve istikbalimiz i\u00e7in yapamayaca\u011f\u0131m\u0131z fedakarl\u0131k, \u00fcstesinden gelemeyece\u011fimiz zorluk olmad\u0131\u011f\u0131n\u0131 dosta-d\u00fc\u015fmana bir kez daha g\u00f6sterdik. Elbette bir as\u0131rl\u0131k Cumhuriyet d\u00f6nemimizin kendi i\u00e7inde ayr\u0131 bir serencam\u0131 var. Ac\u0131s\u0131yla-tatl\u0131s\u0131yla bir asr\u0131 geride b\u0131rakarak, asl\u0131nda her biri di\u011ferinin varisi ve temsilcisi devletler silsilemizin son halkas\u0131 Cumhuriyetimizin dayand\u0131\u011f\u0131 k\u00f6klerin derinli\u011fini ve sa\u011flaml\u0131\u011f\u0131n\u0131 ispatlad\u0131k.<\/p>\n<p>* B\u00fcy\u00fck Taarruz\u2019un \u00fczerinden 101 y\u0131l, Cumhuriyetimizin kurulu\u015funun \u00fczerinden 100 y\u0131l ge\u00e7ti\u011fi \u015fu d\u00f6nemde, millet\u00e7e ayn\u0131 hissiyatla, ayn\u0131 azimle, ayn\u0131 kararl\u0131l\u0131kla T\u00fcrkiye Y\u00fczy\u0131l\u0131 vizyonu etraf\u0131nda g\u00f6r\u00fcld\u00fc\u011f\u00fc gibi kenetlendik. \u00dclkemizi ter\u00f6r \u00f6rg\u00fctlerinin sald\u0131r\u0131lar\u0131yla, k\u00fcresel siyasi ve ekonomik g\u00fc\u00e7 ayg\u0131tlar\u0131n\u0131n sinsi emelleriyle, birli\u011fimize ve beraberli\u011fimize y\u00f6nelik nice tuzaklarla dize getirmek isteyenlere millet\u00e7e eyvallah etmedik. Cumhuriyetimizin mayas\u0131n\u0131 te\u015fkil eden milli iradenin \u00fcst\u00fcnl\u00fc\u011f\u00fc ilkesine hep birlikte ba\u011fl\u0131 kalarak t\u00fcm oyunlar\u0131 bozduk, t\u00fcm senaryolar\u0131 y\u0131rt\u0131p att\u0131k.<\/p>\n<p>* Ne diyor \u015fair; emaneti ta\u015f\u0131mak yi\u011fitlerin harc\u0131d\u0131r ve zirveye ula\u015fmak boynumuzun borcudur. Girece\u011fiz T\u00fcrkiyem hilal hilal hizaya, ula\u015faca\u011f\u0131z in\u015fallah T\u00fcrkiye Y\u00fczy\u0131l\u0131\u2019na. Evet, bu milletin yi\u011fit evlatlar\u0131; yeni devletler kurmak i\u00e7in bin y\u0131l \u00f6nce Anadolu kap\u0131lar\u0131n\u0131 sonuna kadar a\u00e7arken hangi \u00fclk\u00fcn\u00fcn pe\u015findeyse \u00fc\u00e7 k\u0131ta yedi iklime h\u00fckmeden devletini y\u0131kmak i\u00e7in d\u00f6rt bir yandan \u00fczerine sald\u0131ranlara kar\u015f\u0131 hangi hissiyatla kar\u015f\u0131 koyduysa cumhuriyetini kurarken tarihinden ve k\u00fclt\u00fcr\u00fcnden ald\u0131\u011f\u0131 miras\u0131 hangi yeni zirvelere ta\u015f\u0131man\u0131n hayalini kurduysa hamdolsun, bug\u00fcn de T\u00fcrkiye Y\u00fczy\u0131l\u0131 vizyonuyla ayn\u0131 ideal yolunda y\u00fcr\u00fcy\u00fc\u015f\u00fcne devam etmektedir.\u201d<\/p>\n","protected":false},"excerpt":{"rendered":"<p>Cumhuriyet&#8217;in 100. y\u0131l\u0131na \u00f6zel haz\u0131rlanan mar\u015f Cumhurba\u015fkanl\u0131\u011f\u0131 Senfoni Orkestras\u0131 taraf\u0131ndan ilk kez seslendirildi.<\/p>\n","protected":false},"author":1,"featured_media":121451,"comment_status":"closed","ping_status":"open","sticky":false,"template":"","format":"standard","meta":{"footnotes":""},"categories":[27],"tags":[3588,459,259,87,4965],"class_list":["post-121450","post","type-post","status-publish","format-standard","has-post-thumbnail","hentry","category-kultur-sanat","tag-agustos","tag-cumhuriyet","tag-erdogan","tag-turk","tag-zafer"],"_links":{"self":[{"href":"https:\/\/haberulus.net\/index.php?rest_route=\/wp\/v2\/posts\/121450","targetHints":{"allow":["GET"]}}],"collection":[{"href":"https:\/\/haberulus.net\/index.php?rest_route=\/wp\/v2\/posts"}],"about":[{"href":"https:\/\/haberulus.net\/index.php?rest_route=\/wp\/v2\/types\/post"}],"author":[{"embeddable":true,"href":"https:\/\/haberulus.net\/index.php?rest_route=\/wp\/v2\/users\/1"}],"replies":[{"embeddable":true,"href":"https:\/\/haberulus.net\/index.php?rest_route=%2Fwp%2Fv2%2Fcomments&post=121450"}],"version-history":[{"count":1,"href":"https:\/\/haberulus.net\/index.php?rest_route=\/wp\/v2\/posts\/121450\/revisions"}],"predecessor-version":[{"id":121452,"href":"https:\/\/haberulus.net\/index.php?rest_route=\/wp\/v2\/posts\/121450\/revisions\/121452"}],"wp:featuredmedia":[{"embeddable":true,"href":"https:\/\/haberulus.net\/index.php?rest_route=\/wp\/v2\/media\/121451"}],"wp:attachment":[{"href":"https:\/\/haberulus.net\/index.php?rest_route=%2Fwp%2Fv2%2Fmedia&parent=121450"}],"wp:term":[{"taxonomy":"category","embeddable":true,"href":"https:\/\/haberulus.net\/index.php?rest_route=%2Fwp%2Fv2%2Fcategories&post=121450"},{"taxonomy":"post_tag","embeddable":true,"href":"https:\/\/haberulus.net\/index.php?rest_route=%2Fwp%2Fv2%2Ftags&post=121450"}],"curies":[{"name":"wp","href":"https:\/\/api.w.org\/{rel}","templated":true}]}}