{"id":121498,"date":"2023-08-30T23:30:04","date_gmt":"2023-08-30T23:30:04","guid":{"rendered":"https:\/\/haberulus.net\/?p=121498"},"modified":"2023-08-30T23:30:04","modified_gmt":"2023-08-30T23:30:04","slug":"antalya-30-agustos-zafer-bayraminda-athenayla-costu","status":"publish","type":"post","link":"https:\/\/haberulus.net\/?p=121498","title":{"rendered":"Antalya, 30 A\u011fustos Zafer Bayram\u0131\u2019nda Athena\u2019yla co\u015ftu"},"content":{"rendered":"<p>Muratpa\u015fa il\u00e7esindeki Cumhuriyet Meydan\u0131\u2019nda ger\u00e7ekle\u015fen konsere, vatanda\u015flar yo\u011fun ilgi g\u00f6sterdi.<\/p>\n<p><img decoding=\"async\" src=\"https:\/\/i01.sozcucdn.com\/wp-content\/uploads\/2023\/08\/30\/ate21_23626567.jpg\" alt=\"\" title=\"\"><\/p>\n<p>Konser \u00f6ncesinde konu\u015fma yapan Antalya B\u00fcy\u00fck\u015fehir Belediye Ba\u015fkan\u0131 Muhittin B\u00f6cek, 30 A\u011fustos Zafer Bayram\u0131\u2019n\u0131 kutlad\u0131.<\/p>\n<p><img decoding=\"async\" src=\"https:\/\/i01.sozcucdn.com\/wp-content\/uploads\/2023\/08\/30\/ate41_23626562.jpg\" alt=\"\" title=\"\"><\/p>\n<p>Gazi Mustafa Kemal Atat\u00fcrk ba\u015fta olmak \u00fczere t\u00fcm \u015fehit ve gazileri minnetle and\u0131\u011f\u0131n\u0131 s\u00f6yleyen B\u00f6cek, \u201cBug\u00fcn cumhuriyetimizin temellerinin at\u0131ld\u0131\u011f\u0131, bir milletin istikbalinin belirlendi\u011fi, topra\u011f\u0131n vatan oldu\u011fu g\u00fcnd\u00fcr. Bug\u00fcn T\u00fcrk tarihinin d\u00f6n\u00fcm noktas\u0131, T\u00fcrk milletinin bayram\u0131d\u0131r, hepimize kutlu olsun.\u201d diye konu\u015ftu.<\/p>\n<p><img decoding=\"async\" src=\"https:\/\/i01.sozcucdn.com\/wp-content\/uploads\/2023\/08\/30\/ate51_23626563.jpg\" alt=\"\" title=\"\"><\/p>\n<p>Konu\u015fmalar\u0131n ard\u0131ndan B\u00f6cek, Athena grubunun \u00fcyeleri ile foto\u011fraf \u00e7ektirdi, hediye takdim etti.<\/p>\n<p><img decoding=\"async\" src=\"https:\/\/i01.sozcucdn.com\/wp-content\/uploads\/2023\/08\/30\/ate11_23626561.jpg\" alt=\"\" title=\"\"><\/p>\n<p>Konserde, m\u00fczikseverler grubun seslendirdi\u011fi par\u00e7alara e\u015flik ederek e\u011flendi.<\/p>\n","protected":false},"excerpt":{"rendered":"<p>Antalya&#8217;da 30 A\u011fustos Zafer Bayram\u0131 etkinlikleri kapsam\u0131nda Athena sahne ald\u0131.<\/p>\n","protected":false},"author":1,"featured_media":121499,"comment_status":"closed","ping_status":"open","sticky":false,"template":"","format":"standard","meta":{"footnotes":""},"categories":[27],"tags":[],"class_list":["post-121498","post","type-post","status-publish","format-standard","has-post-thumbnail","hentry","category-kultur-sanat"],"_links":{"self":[{"href":"https:\/\/haberulus.net\/index.php?rest_route=\/wp\/v2\/posts\/121498","targetHints":{"allow":["GET"]}}],"collection":[{"href":"https:\/\/haberulus.net\/index.php?rest_route=\/wp\/v2\/posts"}],"about":[{"href":"https:\/\/haberulus.net\/index.php?rest_route=\/wp\/v2\/types\/post"}],"author":[{"embeddable":true,"href":"https:\/\/haberulus.net\/index.php?rest_route=\/wp\/v2\/users\/1"}],"replies":[{"embeddable":true,"href":"https:\/\/haberulus.net\/index.php?rest_route=%2Fwp%2Fv2%2Fcomments&post=121498"}],"version-history":[{"count":1,"href":"https:\/\/haberulus.net\/index.php?rest_route=\/wp\/v2\/posts\/121498\/revisions"}],"predecessor-version":[{"id":121500,"href":"https:\/\/haberulus.net\/index.php?rest_route=\/wp\/v2\/posts\/121498\/revisions\/121500"}],"wp:featuredmedia":[{"embeddable":true,"href":"https:\/\/haberulus.net\/index.php?rest_route=\/wp\/v2\/media\/121499"}],"wp:attachment":[{"href":"https:\/\/haberulus.net\/index.php?rest_route=%2Fwp%2Fv2%2Fmedia&parent=121498"}],"wp:term":[{"taxonomy":"category","embeddable":true,"href":"https:\/\/haberulus.net\/index.php?rest_route=%2Fwp%2Fv2%2Fcategories&post=121498"},{"taxonomy":"post_tag","embeddable":true,"href":"https:\/\/haberulus.net\/index.php?rest_route=%2Fwp%2Fv2%2Ftags&post=121498"}],"curies":[{"name":"wp","href":"https:\/\/api.w.org\/{rel}","templated":true}]}}