{"id":121507,"date":"2023-08-31T00:37:02","date_gmt":"2023-08-31T00:37:02","guid":{"rendered":"https:\/\/haberulus.net\/?p=121507"},"modified":"2023-08-31T00:37:02","modified_gmt":"2023-08-31T00:37:02","slug":"tiktok-bir-ulkede-daha-yasaklandi","status":"publish","type":"post","link":"https:\/\/haberulus.net\/?p=121507","title":{"rendered":"TikTok bir \u00fclkede daha yasakland\u0131"},"content":{"rendered":"<p>K\u0131rg\u0131zistan K\u00fclt\u00fcr, Enformasyon, Spor ve Gen\u00e7lik Politikas\u0131 Bakanl\u0131\u011f\u0131 Bas\u0131n Merkezinden yap\u0131lan yaz\u0131l\u0131 a\u00e7\u0131klamada, TikTok uygulamas\u0131n\u0131n, \u00e7ocuklar\u0131n zihinsel geli\u015fimi ve sa\u011fl\u0131\u011f\u0131n\u0131 olumsuz y\u00f6nde etkileyen zararl\u0131 etkilerine ili\u015fkin \u00e7ok say\u0131da sivil toplum kurulu\u015fundan \u015fikayetlerin geldi\u011fi belirtildi.<\/p>\n<p><strong>\u201cDUYGUSAL DURUMU OLUMSUZ ETK\u0130L\u0130YOR\u201d<\/strong><\/p>\n<p>TikTok\u2019un kullan\u0131c\u0131y\u0131 k\u0131sa kliplerden olu\u015fan sanal d\u00fcnyaya s\u00fcr\u00fckledi\u011fi, gen\u00e7lerin bunlar\u0131 izledikten sonra baz\u0131lar\u0131n\u0131n hayati tehlike arz eden belirli videolar\u0131 tekrarlamaya \u00e7al\u0131\u015ft\u0131\u011f\u0131 kaydedilen a\u00e7\u0131klamada, ba\u011f\u0131ml\u0131l\u0131\u011fa neden olan bu t\u00fcr i\u00e7eriklerin gen\u00e7 neslin duygusal durumunu olumsuz y\u00f6nde etkiledi\u011fine dikkat \u00e7ekildi.<\/p>\n<p>K\u00fclt\u00fcr, Enformasyon, Spor ve Gen\u00e7lik Politikas\u0131 Bakanl\u0131\u011f\u0131n\u0131n \u00e7ok say\u0131da itiraz\u0131 dikkate alarak ve ger\u00e7ekle\u015ftirilen denetimlere dayanarak, \u00fclkede TikTok\u2019un yasaklanmas\u0131 karar\u0131n\u0131n al\u0131nd\u0131\u011f\u0131 bildirilen a\u00e7\u0131klamada, karar\u0131n uygulanmas\u0131 i\u00e7in Dijital Kalk\u0131nma Bakanl\u0131\u011f\u0131na ba\u015fvuruldu\u011fu aktar\u0131ld\u0131.<\/p>\n<p><strong>AHLAK\u0130 E\u011e\u0130T\u0130M\u0130 OLUMSUZ ETK\u0130L\u0130YOR<\/strong><\/p>\n<p>\u00dclkede TikTok\u2019u yasaklama karar\u0131n\u0131n herhangi bir jeopolitik ama\u00e7 ta\u015f\u0131mad\u0131\u011f\u0131 vurgulanan a\u00e7\u0131klamada, TikTok\u2019u durdurma karar\u0131n\u0131n tamamen \u00e7ocuklar\u0131n ahlaki e\u011fitimlerini olumsuz y\u00f6nde etkileyebilecek ve psikolojik sa\u011fl\u0131klar\u0131na zarar verebilecek bilgilerden korumak i\u00e7in al\u0131nd\u0131\u011f\u0131 an\u0131msat\u0131ld\u0131. (AA)<\/p>\n","protected":false},"excerpt":{"rendered":"<p>Sosyal medya platformu TikTok, ahlaki e\u011fitimi olumsuz etkiledi\u011fi gerek\u00e7esiyle bir \u00fclkede daha yasakland\u0131.<\/p>\n","protected":false},"author":1,"featured_media":121508,"comment_status":"closed","ping_status":"open","sticky":false,"template":"","format":"standard","meta":{"footnotes":""},"categories":[32],"tags":[6967,1291],"class_list":["post-121507","post","type-post","status-publish","format-standard","has-post-thumbnail","hentry","category-teknoloji","tag-olumsuz","tag-tiktok"],"_links":{"self":[{"href":"https:\/\/haberulus.net\/index.php?rest_route=\/wp\/v2\/posts\/121507","targetHints":{"allow":["GET"]}}],"collection":[{"href":"https:\/\/haberulus.net\/index.php?rest_route=\/wp\/v2\/posts"}],"about":[{"href":"https:\/\/haberulus.net\/index.php?rest_route=\/wp\/v2\/types\/post"}],"author":[{"embeddable":true,"href":"https:\/\/haberulus.net\/index.php?rest_route=\/wp\/v2\/users\/1"}],"replies":[{"embeddable":true,"href":"https:\/\/haberulus.net\/index.php?rest_route=%2Fwp%2Fv2%2Fcomments&post=121507"}],"version-history":[{"count":1,"href":"https:\/\/haberulus.net\/index.php?rest_route=\/wp\/v2\/posts\/121507\/revisions"}],"predecessor-version":[{"id":121509,"href":"https:\/\/haberulus.net\/index.php?rest_route=\/wp\/v2\/posts\/121507\/revisions\/121509"}],"wp:featuredmedia":[{"embeddable":true,"href":"https:\/\/haberulus.net\/index.php?rest_route=\/wp\/v2\/media\/121508"}],"wp:attachment":[{"href":"https:\/\/haberulus.net\/index.php?rest_route=%2Fwp%2Fv2%2Fmedia&parent=121507"}],"wp:term":[{"taxonomy":"category","embeddable":true,"href":"https:\/\/haberulus.net\/index.php?rest_route=%2Fwp%2Fv2%2Fcategories&post=121507"},{"taxonomy":"post_tag","embeddable":true,"href":"https:\/\/haberulus.net\/index.php?rest_route=%2Fwp%2Fv2%2Ftags&post=121507"}],"curies":[{"name":"wp","href":"https:\/\/api.w.org\/{rel}","templated":true}]}}