{"id":121549,"date":"2023-08-31T06:21:03","date_gmt":"2023-08-31T06:21:03","guid":{"rendered":"https:\/\/haberulus.net\/?p=121549"},"modified":"2023-08-31T06:21:03","modified_gmt":"2023-08-31T06:21:03","slug":"memur-zammi-belli-oluyor-toplu-sozlesme-icin-hakem-heyeti-kararini-ne-zaman-aciklayacak","status":"publish","type":"post","link":"https:\/\/haberulus.net\/?p=121549","title":{"rendered":"Memur zamm\u0131 belli oluyor\u2026 Toplu s\u00f6zle\u015fme i\u00e7in hakem heyeti karar\u0131n\u0131 ne zaman a\u00e7\u0131klayacak?"},"content":{"rendered":"<p>Hakem heyeti bug\u00fcn ger\u00e7ekle\u015ftirece\u011fi toplant\u0131 ile 2024 ve 2025\u2019te yap\u0131lacak memur zamm\u0131 oranlar\u0131n\u0131 a\u00e7\u0131klayacak. 11 \u00fcyeden olu\u015fan Kamu G\u00f6revlileri Hakem Heyetinin, oy \u00e7oklu\u011fu ile ald\u0131\u011f\u0131 karar ba\u011flay\u0131c\u0131 olacak. Hakem heyeti 3 bakanl\u0131k ile 2 sendikadan ve akademisyenlerden olu\u015fuyor. Zam miktar\u0131n\u0131 karara ba\u011flayacak olan Kamu G\u00f6revlileri hakem kurulunda Say\u0131\u015ftay, \u00c7al\u0131\u015fma ve Sosyal G\u00fcvenlik Bakanl\u0131\u011f\u0131, Hazine ve Maliye Bakanl\u0131\u011f\u0131, \u00c7evre, \u015eehircilik ve \u0130klim De\u011fi\u015fikli\u011fi Bakanl\u0131\u011f\u0131, Cumhurba\u015fkanl\u0131\u011f\u0131 Strateji ve B\u00fct\u00e7e Ba\u015fkanl\u0131\u011f\u0131\u2019ndan birer, Memur-Sen\u2019den 2, Kamu-Sen ve KESK\u2019ten birer ve 2 de akademisyen olmak \u00fczere 11 isim yer al\u0131yor.<\/p>\n<p><b>MEMUR ZAMMI NE ZAMAN A\u00c7IKLANACAK?<\/b><\/p>\n<p>6,5 milyon memur ve memur emeklisinin i\u00e7in 2024 ve 2025&#8217;te alaca\u011f\u0131 memur zamm\u0131 hakem heyetinin karar\u0131 ile 31 A\u011fustos 2023 Per\u015fembe g\u00fcn\u00fc belli oluyor.<\/p>\n<p>Kurulun verdi\u011fi karar kesin olacak ve itiraz edilemeyecek.<\/p>\n<p><b>MEMUR ZAMMI TEKL\u0130F\u0130 NE KADARDI?<\/b><\/p>\n<p>Memur ve memur emeklisini ilgilendiren 7. D\u00f6nem Kamu Toplu S\u00f6zle\u015fmesi g\u00f6r\u00fc\u015fmelerinde 1 A\u011fustos\u2019ta ba\u015flayan m\u00fczakere s\u00fcreci, yetkili memur sendikas\u0131 Memur-Sen ve h\u00fck\u00fcmet aras\u0131nda anla\u015fma sa\u011flanamadan sona erdi.<\/p>\n<p>Toplu s\u00f6zle\u015fme masas\u0131nda yetkili konfederasyon olarak yer alan Memur-Sen, 2024 i\u00e7in \u00fc\u00e7er ayl\u0131k d\u00f6nemler itibar\u0131yla refah pay\u0131 dahil ilk 3 ayda y\u00fczde 35, ikinci 3 ayda y\u00fczde 10, \u00fc\u00e7\u00fcnc\u00fc 3 ayda y\u00fczde 15, d\u00f6rd\u00fcnc\u00fc 3 ayda y\u00fczde 10 zam istemi\u015fti. Konfederasyon, 2025 i\u00e7in ise alt\u0131\u015far ayl\u0131k d\u00f6nemler itibar\u0131yla refah pay\u0131 dahil birinci 6 ayda y\u00fczde 25 ve ikinci 6 ayda y\u00fczde 15 zam talep etmi\u015fti.<\/p>\n<p>Buna kar\u015f\u0131n Kamu \u0130\u015fveren Heyeti, 14 A\u011fustos&#8217;taki ilk teklifinde 2024&#8217;\u00fcn ilk alt\u0131 ay\u0131nda y\u00fczde 14, ikinci alt\u0131 ay\u0131nda y\u00fczde 9, 2025&#8217;in ilk alt\u0131 ay\u0131nda y\u00fczde 6 ve ikinci alt\u0131 ay\u0131nda 5 zam teklif etmi\u015f, 17 A\u011fustos&#8217;ta ise teklifini 2024&#8217;\u00fcn ilk alt\u0131 ay\u0131nda y\u00fczde 15, ikinci alt\u0131 ay\u0131nda y\u00fczde 10, 2025&#8217;in ilk alt\u0131 ay\u0131nda y\u00fczde 6 ve ikinci alt\u0131 ay\u0131nda 5 \u015feklinde revize etmi\u015fti.<\/p>\n<p>Teklifler sonras\u0131 memur ve i\u015fveren temsilcileri aras\u0131nda anla\u015fma sa\u011flanamad\u0131. Toplu s\u00f6zle\u015fme s\u00fcresinin sona ermesiyle birlikte Kamu G\u00f6revlileri Hakem Heyeti devreye girdi.<\/p>\n<p><img decoding=\"async\" src=\"https:\/\/i01.sozcucdn.com\/wp-content\/uploads\/2023\/08\/31\/memur-zammi-shu.jpg\" alt=\"\" title=\"\"><\/p>\n<p><b>4 TOPLANTIDA KARAR \u00c7IKMADI<\/b><\/p>\n<p>Yetkili konfederasyon Memur-Sen\u2019in ba\u015fvurusuyla 26 A\u011fustos\u2019ta \u00e7al\u0131\u015fmalar\u0131na ba\u015flayan kurul 4 kez bir araya geldi.<br \/>Say\u0131\u015ftay Ba\u015fkan\u0131 Metin Yener ba\u015fkanl\u0131\u011f\u0131nda ger\u00e7ekle\u015fen toplant\u0131, yakla\u015f\u0131k 8 saat s\u00fcrd\u00fc. Toplant\u0131da herhangi bir karar \u00e7\u0131kmad\u0131. Bug\u00fcn resmi tatil oldu\u011fu i\u00e7in toplant\u0131 yap\u0131lmazken nihai karar bug\u00fcn yap\u0131lacak toplant\u0131da verilecek.<\/p>\n<p><b>HAKEM HEYET\u0130\u2019NDE K\u0130MLER VAR?<\/b><\/p>\n<p>\u2013 Say\u0131\u015ftay Ba\u015fkan\u0131 Metin Yener<\/p>\n<p>\u2013 \u00c7al\u0131\u015fma ve Sosyal G\u00fcvenlik Bakan Yard\u0131mc\u0131s\u0131 L\u00fctfihak Alpkan<\/p>\n<p>\u2013 Hazine ve Maliye Bakan Yard\u0131mc\u0131s\u0131 \u0130smail Hatipo\u011flu<\/p>\n<p>\u2013 \u00c7evre, \u015eehircilik ve \u0130klim De\u011fi\u015fikli\u011fi Bakan Yard\u0131mc\u0131s\u0131 Refik Tuzcuo\u011flu<\/p>\n<p>\u2013 Cumhurba\u015fkanl\u0131\u011f\u0131 Strateji ve B\u00fct\u00e7e Ba\u015fkan Yard\u0131mc\u0131s\u0131 \u0130sa At\u00e7eken<\/p>\n<p>\u2013 Memur-Sen Genel Ba\u015fkan Yard\u0131mc\u0131s\u0131 H\u00fcseyin \u00d6zt\u00fcrk<\/p>\n<p>\u2013 Memur-Sen Genel Ba\u015fkan Yard\u0131mc\u0131s\u0131 Can Tufano\u011flu<\/p>\n<p>\u2013 Kamu-Sen Genel Ba\u015fkan Yard\u0131mc\u0131s\u0131 T\u00fcrke\u015f G\u00fcney<\/p>\n<p>\u2013 KESK Genel Ba\u015fkan Yard\u0131mc\u0131s\u0131 \u015eenol K\u00f6ksal<\/p>\n<p>\u2013 Akademisyen Prof. Fatih U\u00e7an<\/p>\n","protected":false},"excerpt":{"rendered":"<p>Memur zamm\u0131 i\u00e7in Toplu S\u00f6zle\u015fme g\u00f6r\u00fc\u015fmeleri s\u00fcrecinde h\u00fck\u00fcmetin h\u00fck\u00fcmet ve sendikalar aras\u0131nda uzla\u015fma sa\u011flanamamas\u0131 nedeniyle devreye giren hakem kurulu karar\u0131n\u0131 31 A\u011fustos 2023 Per\u015fembe g\u00fcn\u00fc a\u00e7\u0131klayacak. Memur zamm\u0131 i\u00e7in h\u00fck\u00fcmet son teklifini 2024 i\u00e7in y\u00fczde 15+10, 2025 i\u00e7in 6+5 olarak yapt\u0131 ancak a\u00e7l\u0131k s\u0131n\u0131r\u0131 alt\u0131nda kalan iki teklif kabul g\u00f6rmedi.<\/p>\n","protected":false},"author":1,"featured_media":121550,"comment_status":"closed","ping_status":"open","sticky":false,"template":"","format":"standard","meta":{"footnotes":""},"categories":[25],"tags":[366,634,580,654,79],"class_list":["post-121549","post","type-post","status-publish","format-standard","has-post-thumbnail","hentry","category-ekonomi","tag-bakan","tag-kamu","tag-karar","tag-memur","tag-zam"],"_links":{"self":[{"href":"https:\/\/haberulus.net\/index.php?rest_route=\/wp\/v2\/posts\/121549","targetHints":{"allow":["GET"]}}],"collection":[{"href":"https:\/\/haberulus.net\/index.php?rest_route=\/wp\/v2\/posts"}],"about":[{"href":"https:\/\/haberulus.net\/index.php?rest_route=\/wp\/v2\/types\/post"}],"author":[{"embeddable":true,"href":"https:\/\/haberulus.net\/index.php?rest_route=\/wp\/v2\/users\/1"}],"replies":[{"embeddable":true,"href":"https:\/\/haberulus.net\/index.php?rest_route=%2Fwp%2Fv2%2Fcomments&post=121549"}],"version-history":[{"count":1,"href":"https:\/\/haberulus.net\/index.php?rest_route=\/wp\/v2\/posts\/121549\/revisions"}],"predecessor-version":[{"id":121551,"href":"https:\/\/haberulus.net\/index.php?rest_route=\/wp\/v2\/posts\/121549\/revisions\/121551"}],"wp:featuredmedia":[{"embeddable":true,"href":"https:\/\/haberulus.net\/index.php?rest_route=\/wp\/v2\/media\/121550"}],"wp:attachment":[{"href":"https:\/\/haberulus.net\/index.php?rest_route=%2Fwp%2Fv2%2Fmedia&parent=121549"}],"wp:term":[{"taxonomy":"category","embeddable":true,"href":"https:\/\/haberulus.net\/index.php?rest_route=%2Fwp%2Fv2%2Fcategories&post=121549"},{"taxonomy":"post_tag","embeddable":true,"href":"https:\/\/haberulus.net\/index.php?rest_route=%2Fwp%2Fv2%2Ftags&post=121549"}],"curies":[{"name":"wp","href":"https:\/\/api.w.org\/{rel}","templated":true}]}}