{"id":121606,"date":"2023-08-31T08:05:05","date_gmt":"2023-08-31T08:05:05","guid":{"rendered":"https:\/\/haberulus.net\/?p=121606"},"modified":"2023-08-31T08:05:05","modified_gmt":"2023-08-31T08:05:05","slug":"memur-zammi-icin-kritik-toplanti-basladi","status":"publish","type":"post","link":"https:\/\/haberulus.net\/?p=121606","title":{"rendered":"Memur zamm\u0131 i\u00e7in kritik toplant\u0131 ba\u015flad\u0131"},"content":{"rendered":"<p>Kamu G\u00f6revlileri Hakem Kurulunun 5\u2019inci ve son toplant\u0131s\u0131 ba\u015flad\u0131.<\/p>\n<p>7. D\u00f6nem Kamu Toplu S\u00f6zle\u015fmesi g\u00f6r\u00fc\u015fmelerinde, Kamu \u0130\u015fveren Heyeti ile zam konusunda anla\u015fma sa\u011flanamamas\u0131 \u00fczerine yetkili konfederasyon Memur-Sen\u2019in ba\u015fvurusuyla 26 A\u011fustos\u2019ta \u00e7al\u0131\u015fmalar\u0131na ba\u015flayan kurul, 5\u2019inci kez bir araya geldi.<\/p>\n<p>Say\u0131\u015ftay Ba\u015fkan\u0131 Metin Yener ba\u015fkanl\u0131\u011f\u0131nda saat 10.00\u2019da ba\u015flayan toplant\u0131da, memur maa\u015flar\u0131 ile memur emeklisi ayl\u0131klar\u0131na 2024 ve 2025\u2019te yap\u0131lacak zam oran\u0131 kararla\u015ft\u0131r\u0131lacak.<\/p>\n<p><b>NE OLMU\u015eTU?<\/b><\/p>\n<p>Memur ve memur emeklisini ilgilendiren 7. D\u00f6nem Kamu Toplu S\u00f6zle\u015fmesi g\u00f6r\u00fc\u015fmelerinde 1 A\u011fustos\u2019ta ba\u015flayan m\u00fczakere s\u00fcreci, yetkili memur sendikas\u0131 Memur-Sen ve h\u00fck\u00fcmet aras\u0131nda anla\u015fma sa\u011flanamadan sona ermi\u015fti.<\/p>\n<p>Toplu s\u00f6zle\u015fme masas\u0131nda yetkili konfederasyon olarak yer alan Memur-Sen, 2024 i\u00e7in \u00fc\u00e7er ayl\u0131k d\u00f6nemler itibar\u0131yla refah pay\u0131 dahil ilk 3 ayda y\u00fczde 35, ikinci 3 ayda y\u00fczde 10, \u00fc\u00e7\u00fcnc\u00fc 3 ayda y\u00fczde 15, d\u00f6rd\u00fcnc\u00fc 3 ayda y\u00fczde 10 zam istemi\u015fti. Konfederasyon, 2025 i\u00e7in ise alt\u0131\u015far ayl\u0131k d\u00f6nemler itibar\u0131yla refah pay\u0131 dahil birinci 6 ayda y\u00fczde 25 ve ikinci 6 ayda y\u00fczde 15 zam talep etmi\u015fti.<\/p>\n<p>Buna kar\u015f\u0131n Kamu \u0130\u015fveren Heyeti, 14 A\u011fustos&#8217;taki ilk teklifinde 2024&#8217;\u00fcn ilk alt\u0131 ay\u0131nda y\u00fczde 14, ikinci alt\u0131 ay\u0131nda y\u00fczde 9, 2025&#8217;in ilk alt\u0131 ay\u0131nda y\u00fczde 6 ve ikinci alt\u0131 ay\u0131nda 5 zam teklif etmi\u015f, 17 A\u011fustos&#8217;ta ise teklifini 2024&#8217;\u00fcn ilk alt\u0131 ay\u0131nda y\u00fczde 15, ikinci alt\u0131 ay\u0131nda y\u00fczde 10, 2025&#8217;in ilk alt\u0131 ay\u0131nda y\u00fczde 6 ve ikinci alt\u0131 ay\u0131nda 5 \u015feklinde revize etmi\u015fti.<\/p>\n<p>Teklifler sonras\u0131 memur ve i\u015fveren temsilcileri aras\u0131nda anla\u015fma sa\u011flanamad\u0131. Toplu s\u00f6zle\u015fme s\u00fcresinin sona ermesiyle birlikte Kamu G\u00f6revlileri Hakem Heyeti devreye girdi. (AA, SOZCU)<\/p>\n","protected":false},"excerpt":{"rendered":"<p>Milyonlarca memur ve memur emeklisinin 2024 ve 2025 y\u0131l\u0131nda alaca\u011f\u0131 zamm\u0131n belli olaca\u011f\u0131 toplant\u0131 ba\u015flad\u0131.<\/p>\n","protected":false},"author":1,"featured_media":121607,"comment_status":"closed","ping_status":"open","sticky":false,"template":"","format":"standard","meta":{"footnotes":""},"categories":[25],"tags":[273,634,654,79],"class_list":["post-121606","post","type-post","status-publish","format-standard","has-post-thumbnail","hentry","category-ekonomi","tag-ikinci","tag-kamu","tag-memur","tag-zam"],"_links":{"self":[{"href":"https:\/\/haberulus.net\/index.php?rest_route=\/wp\/v2\/posts\/121606","targetHints":{"allow":["GET"]}}],"collection":[{"href":"https:\/\/haberulus.net\/index.php?rest_route=\/wp\/v2\/posts"}],"about":[{"href":"https:\/\/haberulus.net\/index.php?rest_route=\/wp\/v2\/types\/post"}],"author":[{"embeddable":true,"href":"https:\/\/haberulus.net\/index.php?rest_route=\/wp\/v2\/users\/1"}],"replies":[{"embeddable":true,"href":"https:\/\/haberulus.net\/index.php?rest_route=%2Fwp%2Fv2%2Fcomments&post=121606"}],"version-history":[{"count":1,"href":"https:\/\/haberulus.net\/index.php?rest_route=\/wp\/v2\/posts\/121606\/revisions"}],"predecessor-version":[{"id":121608,"href":"https:\/\/haberulus.net\/index.php?rest_route=\/wp\/v2\/posts\/121606\/revisions\/121608"}],"wp:featuredmedia":[{"embeddable":true,"href":"https:\/\/haberulus.net\/index.php?rest_route=\/wp\/v2\/media\/121607"}],"wp:attachment":[{"href":"https:\/\/haberulus.net\/index.php?rest_route=%2Fwp%2Fv2%2Fmedia&parent=121606"}],"wp:term":[{"taxonomy":"category","embeddable":true,"href":"https:\/\/haberulus.net\/index.php?rest_route=%2Fwp%2Fv2%2Fcategories&post=121606"},{"taxonomy":"post_tag","embeddable":true,"href":"https:\/\/haberulus.net\/index.php?rest_route=%2Fwp%2Fv2%2Ftags&post=121606"}],"curies":[{"name":"wp","href":"https:\/\/api.w.org\/{rel}","templated":true}]}}