{"id":121612,"date":"2023-08-31T08:05:07","date_gmt":"2023-08-31T08:05:07","guid":{"rendered":"https:\/\/haberulus.net\/?p=121612"},"modified":"2023-08-31T08:05:07","modified_gmt":"2023-08-31T08:05:07","slug":"uc-sporcudan-egirdir-golunde-zafer-yolculugu","status":"publish","type":"post","link":"https:\/\/haberulus.net\/?p=121612","title":{"rendered":"\u00dc\u00e7 sporcudan E\u011firdir G\u00f6l\u00fc\u2019nde zafer yolculu\u011fu"},"content":{"rendered":"<p>Isparta\u2019n\u0131n E\u011firdir il\u00e7esinde 30 A\u011fustos Zafer Bayram\u0131\u2019n\u0131n 101. y\u0131l\u0131 dolay\u0131s\u0131yla E\u011firdir Gen\u00e7lik ve Spor M\u00fcd\u00fcrl\u00fc\u011f\u00fc\u2019n\u00fcn organizasyonunda 3 sporcu 3 g\u00fcnde E\u011firdir G\u00f6l\u00fc\u2019n\u00fcn k\u0131y\u0131s\u0131ndan ilerleyerek 150 kilometrelik parkuru tamamlayacak.<\/p>\n<p>Kano sporcusu N\u00fc\u015fabe Pa\u015fazade kano ile, triatlon sporcusu G\u00f6khan G\u00fcneri ko\u015farak ve milli sporcu Emirhan Ta\u015fdemir de bisikletiyle E\u011firdir G\u00f6l\u00fc k\u0131y\u0131s\u0131ndan 3 g\u00fcn s\u00fcrecek yolculu\u011fa u\u011furland\u0131. E\u011firdir kordon boyu amfi alan\u0131nda ger\u00e7ekle\u015fen t\u00f6renle me\u015faleler ve T\u00fcrk bayraklar\u0131 ile \u2018\u00dc\u00e7 Ekip Tek Y\u00fcrek\u2019, \u2018Zafer Yolculu\u011fu ile Bar\u0131\u015fa Do\u011fru\u2019 parolas\u0131yla yola \u00e7\u0131kan sporcular\u0131 E\u011firdir Kaymakam\u0131 Adem \u00c7elik, E\u011firdir Da\u011f Komando Okulu ve E\u011fitim Merkezi Komutan\u0131 Tu\u011fgeneral Ahmet A\u015f\u0131k, projeyi hayata ge\u00e7iren Gen\u00e7lik ve Spor \u0130l\u00e7e M\u00fcd\u00fcr\u00fc Hakan \u00c7elebio\u011flu ile il\u00e7e protokol\u00fc alk\u0131\u015flarla u\u011furlad\u0131. Geceleri \u00e7ad\u0131r kurarak ge\u00e7irecek sporcular 1 Eyl\u00fcl D\u00fcnya Bar\u0131\u015f G\u00fcn\u00fc\u2019nde yine kordon boyunda projeyi tamamlayacak.<\/p>\n<p>Kano sporcusu N\u00fc\u015fabe Pa\u015fazade, \u201c\u0130yi kalpli ve co\u011frafyas\u0131 kadar g\u00fczel insanlarla bu \u00f6zel projede bulu\u015ftu\u011fum i\u00e7in ger\u00e7ekten \u00e7ok mutluyum. Sosyal projemizin E\u011firdir\u2019de olmas\u0131n\u0131 istememizin sebebi; ye\u015fil \u00e7evresi ve do\u011fa harikas\u0131 olan E\u011firdir\u2019i bir kat daha g\u00fczelle\u015ftiren E\u011firdir G\u00f6l\u00fc\u2019n\u00fcn hep bizimle olmas\u0131na dikkatini \u00e7ekmek istedik. Projemizin 30 A\u011fustos Zafer Bayram\u0131m\u0131zda olmas\u0131 ayr\u0131 bir de\u011fer katt\u0131. Ben Azerbaycan\u2019da do\u011fdum, Azerbaycan\u2019da b\u00fcy\u00fcd\u00fcm ve Azerbaycan benim anavatan\u0131md\u0131r. 27 senedir T\u00fcrkiye\u2019de ya\u015f\u0131yorum, T\u00fcrk vatanda\u015f\u0131y\u0131m. K\u0131z\u0131m burada do\u011fdu, T\u00fcrkiye benim ata yurdumdur. 30 A\u011fustos Zafer Bayram\u0131 sadece T\u00fcrkiye\u2019nin Zafer Bayram\u0131 de\u011fildir, b\u00fct\u00fcn T\u00fcrk d\u00fcnyas\u0131n\u0131n zaferidir\u201d dedi.<\/p>\n<p>Milli sporcu Emirhan Ta\u015fdemir ise, \u201cE\u011firdir G\u00f6l\u00fc\u2019n\u00fcn k\u0131y\u0131s\u0131n\u0131n tamam\u0131n\u0131 fark\u0131ndal\u0131k yaratmak i\u00e7in dola\u015faca\u011f\u0131m. E\u011firdir\u2019in g\u00fczelliklerini tan\u0131taca\u011f\u0131z. G\u00f6lden kano ile arkada\u015f\u0131m k\u0131y\u0131dan ko\u015farak ben de bisikletle devam edece\u011fiz\u201d diye konu\u015ftu.<\/p>\n<p>Triatlon sporcusu G\u00f6khan G\u00fcneri de, \u201cBu proje E\u011firdir Kaymakam\u0131m\u0131z ve Belediye Ba\u015fkan\u0131m\u0131z\u0131n \u00f6nderli\u011finde ger\u00e7ekle\u015fiyor. 30 A\u011fustos Zafer Bayram\u0131\u2019m\u0131z b\u00fct\u00fcn ulusumuza kutlu olsun. Bedelleri kan verilerek \u00f6denen bu topraklar\u0131 en g\u00fczel \u015fekilde tan\u0131tmak dile\u011fiyle 150 kilometre boyunca E\u011firdir G\u00f6l\u00fc etraf\u0131nda ko\u015faca\u011f\u0131z, k\u00fcrek \u00e7elece\u011fiz ve pedal \u00e7evirece\u011fiz. Daha \u00f6nce bu t\u00fcr organizasyonlarda yer ald\u0131k, bunu da y\u00fcz\u00fcm\u00fcz\u00fcn ak\u0131yla bitirece\u011fimizi \u00fcmit ediyorum. \u00d6zellikle E\u011firdir halk\u0131na buradan sesleniyorum, muhte\u015fem bir lokasyondas\u0131n\u0131z, bu lokasyonun de\u011ferini bilin ona s\u0131k\u0131 s\u0131k\u0131 sar\u0131l\u0131n bu lokasyon size ait de\u011fil, gelecek nesillere ait, miras\u0131 en g\u00fczel \u015fekilde gelece\u011fe devredin\u201d dedi. (DHA)<\/p>\n","protected":false},"excerpt":{"rendered":"<p>30 A\u011fustos Zafer Bayram\u0131 dolay\u0131s\u0131yla &#8216;\u00dc\u00e7 Ekip Tek Y\u00fcrek&#8217;, &#8216;Zafer Yolculu\u011fu ile Bar\u0131\u015fa Do\u011fru&#8217; slogan\u0131yla 3 sporcu 3 g\u00fcnde E\u011firdir G\u00f6l\u00fc ve \u00e7evresinde toplam 150 kilometrelik parkuru tamamlayacak.<\/p>\n","protected":false},"author":1,"featured_media":121613,"comment_status":"closed","ping_status":"open","sticky":false,"template":"","format":"standard","meta":{"footnotes":""},"categories":[31],"tags":[5343,169,684,551,87],"class_list":["post-121612","post","type-post","status-publish","format-standard","has-post-thumbnail","hentry","category-spor","tag-egirdir","tag-kan","tag-proje","tag-spor","tag-turk"],"_links":{"self":[{"href":"https:\/\/haberulus.net\/index.php?rest_route=\/wp\/v2\/posts\/121612","targetHints":{"allow":["GET"]}}],"collection":[{"href":"https:\/\/haberulus.net\/index.php?rest_route=\/wp\/v2\/posts"}],"about":[{"href":"https:\/\/haberulus.net\/index.php?rest_route=\/wp\/v2\/types\/post"}],"author":[{"embeddable":true,"href":"https:\/\/haberulus.net\/index.php?rest_route=\/wp\/v2\/users\/1"}],"replies":[{"embeddable":true,"href":"https:\/\/haberulus.net\/index.php?rest_route=%2Fwp%2Fv2%2Fcomments&post=121612"}],"version-history":[{"count":1,"href":"https:\/\/haberulus.net\/index.php?rest_route=\/wp\/v2\/posts\/121612\/revisions"}],"predecessor-version":[{"id":121614,"href":"https:\/\/haberulus.net\/index.php?rest_route=\/wp\/v2\/posts\/121612\/revisions\/121614"}],"wp:featuredmedia":[{"embeddable":true,"href":"https:\/\/haberulus.net\/index.php?rest_route=\/wp\/v2\/media\/121613"}],"wp:attachment":[{"href":"https:\/\/haberulus.net\/index.php?rest_route=%2Fwp%2Fv2%2Fmedia&parent=121612"}],"wp:term":[{"taxonomy":"category","embeddable":true,"href":"https:\/\/haberulus.net\/index.php?rest_route=%2Fwp%2Fv2%2Fcategories&post=121612"},{"taxonomy":"post_tag","embeddable":true,"href":"https:\/\/haberulus.net\/index.php?rest_route=%2Fwp%2Fv2%2Ftags&post=121612"}],"curies":[{"name":"wp","href":"https:\/\/api.w.org\/{rel}","templated":true}]}}