{"id":121672,"date":"2023-08-31T09:35:03","date_gmt":"2023-08-31T09:35:03","guid":{"rendered":"https:\/\/haberulus.net\/?p=121672"},"modified":"2023-08-31T09:35:03","modified_gmt":"2023-08-31T09:35:03","slug":"ubs-3-bin-calisanini-isten-cikaracak","status":"publish","type":"post","link":"https:\/\/haberulus.net\/?p=121672","title":{"rendered":"UBS, 3 bin \u00e7al\u0131\u015fan\u0131n\u0131 i\u015ften \u00e7\u0131karacak"},"content":{"rendered":"<p>UBS Group, Credit Suisse\u2019i devralmas\u0131n\u0131n ard\u0131ndan maliyetlerinden 10 milyar dolar tasarruf etme plan\u0131 kapsam\u0131nda birka\u00e7 y\u0131l i\u00e7inde \u0130svi\u00e7re\u2019de 3 bin ki\u015fiyi i\u015ften \u00e7\u0131karmay\u0131 planl\u0131yor.<\/p>\n<p>UBS, martta \u0130svi\u00e7re h\u00fck\u00fcmeti taraf\u0131ndan haz\u0131rlanan bir paket kapsam\u0131nda \u0130svi\u00e7reli Credit Suisse bankas\u0131n\u0131 3 milyar \u0130svi\u00e7re frank\u0131 (3,37 milyar dolar) kar\u015f\u0131l\u0131\u011f\u0131nda sat\u0131n alm\u0131\u015f ve bankan\u0131n 5,4 milyar dolar b\u00fcy\u00fckl\u00fckteki borcunu \u00fcstlenmi\u015fti.<\/p>\n<p>UBS, Credit Suisse\u2019in yerel banka birimini koruyaca\u011f\u0131n\u0131 ve s\u00f6z konusu i\u015ften \u00e7\u0131karmalar\u0131n \u0130svi\u00e7re\u2019de tepkiyle kar\u015f\u0131lanmas\u0131n\u0131 bekledi\u011fini a\u00e7\u0131klad\u0131.<\/p>\n<p>D\u00fcnyan\u0131n en b\u00fcy\u00fck varl\u0131k y\u00f6neticisi UBS, Credit Suisse\u2019in yerel bankac\u0131l\u0131k birimini ayr\u0131 bir \u015firkete d\u00f6n\u00fc\u015ft\u00fcrerek halka arz edebilirdi ancak Credit Suisse bankan\u0131n bu biriminden ge\u00e7en y\u0131l k\u00e2r etti ve bankan\u0131n borcu olmayan tek birimi de yerel bankac\u0131l\u0131k birimi oldu.<\/p>\n<p>UBS\u2019in CEO\u2019su Sergio Ermotti, \u00e7al\u0131\u015fanlara g\u00f6nderdi\u011fi mesajda, 1000 ki\u015filik i\u015ften \u00e7\u0131karman\u0131n birimi b\u00fcnyelerine katmalar\u0131 sonucunda ger\u00e7ekle\u015fece\u011fini, 2 bin ki\u015filik i\u015ften \u00e7\u0131karman\u0131n da Credit Suisse\u2019i derinlemesine bir yeniden yap\u0131land\u0131rmadan ge\u00e7irme ihtiyac\u0131 nedeniyle olaca\u011f\u0131n\u0131 a\u00e7\u0131klad\u0131.<\/p>\n<p>UBS hisseleri ilk i\u015flemlerde y\u00fczde 5 y\u00fckselerek 2008\u2019den beri en y\u00fcksek seviyesine \u00e7\u0131kt\u0131.<\/p>\n","protected":false},"excerpt":{"rendered":"<p>UBS, 10 milyar dolar tasarruf etme plan\u0131 kapsam\u0131nda \u0130svi\u00e7re&#8217;de 3 bin ki\u015fiyi i\u015ften \u00e7\u0131karacak.<\/p>\n","protected":false},"author":1,"featured_media":121673,"comment_status":"closed","ping_status":"open","sticky":false,"template":"","format":"standard","meta":{"footnotes":""},"categories":[25],"tags":[936,8430,1310,12078],"class_list":["post-121672","post","type-post","status-publish","format-standard","has-post-thumbnail","hentry","category-ekonomi","tag-banka","tag-credit-suisse","tag-isvicre","tag-ubs"],"_links":{"self":[{"href":"https:\/\/haberulus.net\/index.php?rest_route=\/wp\/v2\/posts\/121672","targetHints":{"allow":["GET"]}}],"collection":[{"href":"https:\/\/haberulus.net\/index.php?rest_route=\/wp\/v2\/posts"}],"about":[{"href":"https:\/\/haberulus.net\/index.php?rest_route=\/wp\/v2\/types\/post"}],"author":[{"embeddable":true,"href":"https:\/\/haberulus.net\/index.php?rest_route=\/wp\/v2\/users\/1"}],"replies":[{"embeddable":true,"href":"https:\/\/haberulus.net\/index.php?rest_route=%2Fwp%2Fv2%2Fcomments&post=121672"}],"version-history":[{"count":1,"href":"https:\/\/haberulus.net\/index.php?rest_route=\/wp\/v2\/posts\/121672\/revisions"}],"predecessor-version":[{"id":121674,"href":"https:\/\/haberulus.net\/index.php?rest_route=\/wp\/v2\/posts\/121672\/revisions\/121674"}],"wp:featuredmedia":[{"embeddable":true,"href":"https:\/\/haberulus.net\/index.php?rest_route=\/wp\/v2\/media\/121673"}],"wp:attachment":[{"href":"https:\/\/haberulus.net\/index.php?rest_route=%2Fwp%2Fv2%2Fmedia&parent=121672"}],"wp:term":[{"taxonomy":"category","embeddable":true,"href":"https:\/\/haberulus.net\/index.php?rest_route=%2Fwp%2Fv2%2Fcategories&post=121672"},{"taxonomy":"post_tag","embeddable":true,"href":"https:\/\/haberulus.net\/index.php?rest_route=%2Fwp%2Fv2%2Ftags&post=121672"}],"curies":[{"name":"wp","href":"https:\/\/api.w.org\/{rel}","templated":true}]}}