{"id":121675,"date":"2023-08-31T09:35:03","date_gmt":"2023-08-31T09:35:03","guid":{"rendered":"https:\/\/haberulus.net\/?p=121675"},"modified":"2023-08-31T09:35:03","modified_gmt":"2023-08-31T09:35:03","slug":"cinin-haritasi-kriz-cikardi-ulkeler-birbirine-girdi","status":"publish","type":"post","link":"https:\/\/haberulus.net\/?p=121675","title":{"rendered":"\u00c7in\u2019in haritas\u0131 kriz \u00e7\u0131kard\u0131: \u00dclkeler birbirine girdi"},"content":{"rendered":"<p>Malezya, Endonezya ve Filipinler, \u00c7in\u2019in yeni haritas\u0131na ihtilafl\u0131 b\u00f6lgeler \u00fczerinde hak iddia etti\u011fini \u00f6ne s\u00fcrerek tepki g\u00f6sterdi.<\/p>\n<p>\u00c7in Do\u011fal Kaynaklar Bakanl\u0131\u011f\u0131n\u0131n 28 A\u011fustos\u2019ta a\u00e7\u0131klad\u0131\u011f\u0131 haritada G\u00fcney \u00c7in Denizi\u2019nde Malezya, Vietnam, Filipinler ve Brunei\u2019nin \u00fczerinde hak iddia etti\u011fi ihtilafl\u0131 b\u00f6lgelerin yan\u0131 s\u0131ra Hindistan topraklar\u0131n\u0131n bir k\u0131sm\u0131 \u00c7in\u2019e ait g\u00f6z\u00fck\u00fcyor.<\/p>\n<p>The Star haber ajans\u0131na g\u00f6re, Malezya D\u0131\u015fi\u015fleri Bakan\u0131 Zambry Abdul Kadir, G\u00fcney \u00c7in Denizi ve Malezya\u2019n\u0131n Sabah ve Saravak eyaletlerinin deniz alanlar\u0131 \u00fczerinde hak iddia etmesinden dolay\u0131 \u00c7in\u2019e protesto notu g\u00f6nderilece\u011fini a\u00e7\u0131klad\u0131.<\/p>\n<p>BBC Endonezya\u2019n\u0131n haberine g\u00f6re, Endonezya D\u0131\u015fi\u015fleri Bakanl\u0131\u011f\u0131 S\u00f6zc\u00fcs\u00fc Teuku Faizasyah da \u00c7in ile irtibat i\u00e7inde olduklar\u0131n\u0131 ve \u00fclkesinin Pekin B\u00fcy\u00fckel\u00e7ili\u011fi arac\u0131l\u0131\u011f\u0131yla konuyu g\u00f6r\u00fc\u015feceklerini bildirdi.<\/p>\n<div><img decoding=\"async\" src=\"https:\/\/i01.sozcucdn.com\/wp-content\/uploads\/2023\/08\/31\/harita-1-1.jpg\" alt=\"\" title=\"\"><\/p>\n<p>\u00c7in\u2019in yay\u0131nlad\u0131\u011f\u0131 harita b\u00fcy\u00fck tepki \u00e7ekti.<\/p>\n<\/div>\n<p>CNN\u2019in haberine g\u00f6re, Filipinler D\u0131\u015fi\u015fleri Bakanl\u0131\u011f\u0131, s\u00f6z konusu haritay\u0131 \u201c\u00c7in\u2019in Filipinler\u2019in deniz alanlar\u0131 \u00fczerinde yarg\u0131 ve egemenli\u011fini me\u015frula\u015ft\u0131rma \u00e7abas\u0131\u201d olarak nitelendirdi.<\/p>\n<p><strong>H\u0130ND\u0130STAN VE TAYVAN TEPK\u0130 G\u00d6STERM\u0130\u015eT\u0130<\/strong><\/p>\n<p>Hindistan, ihtilafl\u0131 s\u0131n\u0131r b\u00f6lgesi Aruna\u00e7al Prade\u015f eyaletini kendi topra\u011f\u0131 g\u00f6steren \u00c7in\u2019i protesto etmi\u015fti.<\/p>\n<p>\u00c7in h\u00fck\u00fcmeti ise haritay\u0131 \u201crutin egzersiz\u201d olarak tan\u0131mlayarak Hindistan\u2019\u0131n \u201ca\u015f\u0131r\u0131 yorumlamadan\u201d ka\u00e7\u0131nmas\u0131n\u0131 istemi\u015fti.<\/p>\n<p>Tayvan D\u0131\u015fi\u015fleri Bakanl\u0131\u011f\u0131 S\u00f6zc\u00fcs\u00fc Jeff Liu, haritaya ili\u015fkin, \u201c\u00c7in Halk Cumhuriyeti asla Tayvan\u2019a h\u00fckmetmedi\u201d ifadesini kullanm\u0131\u015ft\u0131. (AA)<\/p>\n","protected":false},"excerpt":{"rendered":"<p>\u00c7in&#8217;in yay\u0131nlad\u0131\u011f\u0131 bir harita diplomatik kriz yaratt\u0131.<\/p>\n","protected":false},"author":1,"featured_media":121676,"comment_status":"closed","ping_status":"open","sticky":false,"template":"","format":"standard","meta":{"footnotes":""},"categories":[24],"tags":[793,13920],"class_list":["post-121675","post","type-post","status-publish","format-standard","has-post-thumbnail","hentry","category-dunya","tag-cin","tag-harita"],"_links":{"self":[{"href":"https:\/\/haberulus.net\/index.php?rest_route=\/wp\/v2\/posts\/121675","targetHints":{"allow":["GET"]}}],"collection":[{"href":"https:\/\/haberulus.net\/index.php?rest_route=\/wp\/v2\/posts"}],"about":[{"href":"https:\/\/haberulus.net\/index.php?rest_route=\/wp\/v2\/types\/post"}],"author":[{"embeddable":true,"href":"https:\/\/haberulus.net\/index.php?rest_route=\/wp\/v2\/users\/1"}],"replies":[{"embeddable":true,"href":"https:\/\/haberulus.net\/index.php?rest_route=%2Fwp%2Fv2%2Fcomments&post=121675"}],"version-history":[{"count":1,"href":"https:\/\/haberulus.net\/index.php?rest_route=\/wp\/v2\/posts\/121675\/revisions"}],"predecessor-version":[{"id":121677,"href":"https:\/\/haberulus.net\/index.php?rest_route=\/wp\/v2\/posts\/121675\/revisions\/121677"}],"wp:featuredmedia":[{"embeddable":true,"href":"https:\/\/haberulus.net\/index.php?rest_route=\/wp\/v2\/media\/121676"}],"wp:attachment":[{"href":"https:\/\/haberulus.net\/index.php?rest_route=%2Fwp%2Fv2%2Fmedia&parent=121675"}],"wp:term":[{"taxonomy":"category","embeddable":true,"href":"https:\/\/haberulus.net\/index.php?rest_route=%2Fwp%2Fv2%2Fcategories&post=121675"},{"taxonomy":"post_tag","embeddable":true,"href":"https:\/\/haberulus.net\/index.php?rest_route=%2Fwp%2Fv2%2Ftags&post=121675"}],"curies":[{"name":"wp","href":"https:\/\/api.w.org\/{rel}","templated":true}]}}