{"id":121690,"date":"2023-08-31T09:51:05","date_gmt":"2023-08-31T09:51:05","guid":{"rendered":"https:\/\/haberulus.net\/?p=121690"},"modified":"2023-08-31T09:51:05","modified_gmt":"2023-08-31T09:51:05","slug":"kapakli-koyu-sakinleri-150-yildir-balikcilikla-geciniyor","status":"publish","type":"post","link":"https:\/\/haberulus.net\/?p=121690","title":{"rendered":"Kapakl\u0131 k\u00f6y\u00fc sakinleri 150 y\u0131ld\u0131r bal\u0131k\u00e7\u0131l\u0131kla ge\u00e7iniyor"},"content":{"rendered":"<p>Marmara Denizi\u2019nde, Gemlik K\u00f6rfezi\u2019nde Yalova\u2019n\u0131n Bursa s\u0131n\u0131r\u0131ndaki son k\u00f6y\u00fc olan ve 450 y\u0131ll\u0131k ge\u00e7mi\u015fi bulunan Kapakl\u0131, 1000 ki\u015fiye yak\u0131n n\u00fcfusuyla k\u00fc\u00e7\u00fck bir bal\u0131k\u00e7\u0131 k\u00f6y\u00fc olarak dikkati \u00e7ekiyor.<\/p>\n<p>Dedelerinden miras ald\u0131klar\u0131 bal\u0131k\u00e7\u0131l\u0131kla ge\u00e7imlerini sa\u011flayan k\u00f6yl\u00fcler, 24\u2019\u00fc g\u0131rg\u0131r, 27\u2019si k\u00fc\u00e7\u00fck tekne olmak \u00fczere 51 tekneyle Akdeniz, Ege Denizi, Marmara Denizi ve Karadeniz d\u0131\u015f\u0131nda uluslararas\u0131 sularda da avlan\u0131yor.<\/p>\n<p><img decoding=\"async\" src=\"https:\/\/i01.sozcucdn.com\/wp-content\/uploads\/2023\/08\/31\/k1.jpeg\" alt=\"\" title=\"\"><\/p>\n<p>\u0130ldeki 6 bal\u0131k\u00e7\u0131 kooperatifinin ba\u011fl\u0131 oldu\u011fu Yalova Deniz \u00dcr\u00fcnleri Avc\u0131lar\u0131 Birli\u011fi\u2019nin merkezi olan Kapakl\u0131\u2019da bal\u0131k\u00e7\u0131lar av sezonu i\u00e7in son haz\u0131rl\u0131klar\u0131n\u0131 g\u00f6zden ge\u00e7irdi.<\/p>\n<p>Birlik Ba\u015fkan\u0131 Recai Sert, k\u00f6yl\u00fclerin bal\u0131k\u00e7\u0131l\u0131\u011f\u0131 fedakarl\u0131klarla y\u00fcr\u00fctt\u00fc\u011f\u00fcn\u00fc s\u00f6yledi.<\/p>\n<p>K\u00f6yden devasa gemileri kullanan kaptanlar\u0131n da \u00e7\u0131kt\u0131\u011f\u0131n\u0131 belirten Sert, \u201cBu insanlar\u0131n ger\u00e7ek bir sevdas\u0131, sevgisi olmazsa bu i\u015f \u00e7ok me\u015fakkatli, yap\u0131lmaz. Bu insanlar\u0131n \u00e7o\u011fu emekli olamadan gen\u00e7 ya\u015flarda hastalan\u0131p bu i\u015fi b\u0131rak\u0131yor veya \u00f6l\u00fcyor ama tutkusu olan, sevdas\u0131 olan bir meslek. Sabahlara kadar 20 saat d\u00fcmen sall\u0131yorlar\u201d dedi.<\/p>\n<p>Co\u011frafi \u015fartlar\u0131 nedeniyle arazileri tar\u0131ma elveri\u015fli olmayan Kapakl\u0131\u2019da halk\u0131n ekme\u011fini denizden kazand\u0131\u011f\u0131n\u0131 anlatan Sert, kendisine de bu mesle\u011fin dedelerinden miras kald\u0131\u011f\u0131n\u0131 dile getirdi.<\/p>\n<p>K\u00f6yl\u00fclerin 150 y\u0131ld\u0131r ge\u00e7imini bal\u0131k\u00e7\u0131l\u0131ktan sa\u011flad\u0131\u011f\u0131n\u0131 aktaran Sert, s\u00f6zlerini \u015f\u00f6yle s\u00fcrd\u00fcrd\u00fc:<\/p>\n<p>\u201cBabadan kalma meslek oldu\u011fu i\u00e7in gen\u00e7ler de bu i\u015fe sevdal\u0131. Yani 350 hanenin 345\u2019i bal\u0131k\u00e7\u0131. Bir arkada\u015f\u0131m\u0131z\u0131n teknesi ge\u00e7en y\u0131l 70 bin k\u00f6p\u00fck (strafor kutu) bal\u0131k tutmu\u015f. Pandemiden sonra \u00fcretimin ne kadar de\u011ferli oldu\u011funu d\u00fcnya da T\u00fcrkiye de g\u00f6rd\u00fc. 70 bin k\u00f6p\u00fck bal\u0131k tutan bir tekne, birer bu\u00e7uk kilodan 8 milyon haneye ula\u015fabiliyor. Bu \u00e7ok ciddi bir rakam. K\u00f6y\u00fcn, birli\u011fin \u00fcretiminden bahsetmiyorum. Sadece bir teknenin hamsi bal\u0131\u011f\u0131 \u00fcretiminden bahsediyorum. O bizim ya\u015fam sevdam\u0131z. 24 teknenin tuttu\u011fu bal\u0131\u011f\u0131 hesaplarsak a\u015fa\u011f\u0131 yukar\u0131 \u00fclke n\u00fcfusunun yar\u0131s\u0131na hitap ediyor.\u201d<\/p>\n<p><img decoding=\"async\" src=\"https:\/\/i01.sozcucdn.com\/wp-content\/uploads\/2023\/08\/31\/k2.jpeg\" alt=\"\" title=\"\"><\/p>\n<p><strong>\u201c\u00c7OCUKKEN HEP HAYAL\u0130M\u0130ZD\u0130\u201d<\/strong><\/p>\n<p>Kapakl\u0131 bal\u0131k\u00e7\u0131lar\u0131ndan Ali \u015eener de baba mesle\u011fini severek yapt\u0131\u011f\u0131n\u0131, sezonun a\u00e7\u0131l\u0131\u015f\u0131n\u0131 sab\u0131rs\u0131zl\u0131kla bekledi\u011fini belirtti.<\/p>\n<p>\u015e\u00fckr\u00fc Yal\u0131n, ilk birka\u00e7 ay Marmara\u2019da avlanacaklar\u0131n\u0131, daha sonra Karadeniz\u2019e, Ege Denizi\u2019ne gideceklerini bildirerek, sezonun bereketli ge\u00e7mesini diledi.<\/p>\n<p>Kamil Pars ise dedesinden babas\u0131na, babas\u0131ndan kendisine ge\u00e7en bal\u0131k\u00e7\u0131l\u0131\u011f\u0131 40 y\u0131ld\u0131r s\u00fcrd\u00fcrd\u00fc\u011f\u00fcn\u00fc kaydetti. O\u011fullar\u0131 ve tayfas\u0131yla teknesindeki son haz\u0131rl\u0131klar\u0131 tamamlayan Pars, \u201cDedelerimizden bize gelen bal\u0131k\u00e7\u0131l\u0131\u011f\u0131 o\u011fullar\u0131m\u0131za b\u0131rakmak istiyoruz. Nesilden nesile devam edecek in\u015fallah. K\u00f6y\u00fcm\u00fczde bal\u0131k\u00e7\u0131l\u0131\u011f\u0131 g\u00f6rd\u00fck, ba\u015fka bir i\u015f bilmeyiz. Bununla do\u011fduk bununla \u00f6lece\u011fiz. Denizsiz ya\u015fayamay\u0131z bal\u0131k gibi, karada ya\u015fayamay\u0131z. Bu sevgiyi \u015fimdi o\u011fullar\u0131ma a\u015f\u0131l\u0131yorum\u201d diye konu\u015ftu.<\/p>\n<p>Kamil Pars\u2019\u0131n o\u011flu Do\u011fukan Pars da 24 ya\u015f\u0131nda oldu\u011funu, babas\u0131 sayesinde hen\u00fcz k\u00fc\u00e7\u00fck ya\u015flardayken bal\u0131k\u00e7\u0131l\u0131\u011fa sevdaland\u0131\u011f\u0131n\u0131 vurgulad\u0131. Pars, 9 y\u0131ld\u0131r mesle\u011fi s\u00fcrd\u00fcrd\u00fc\u011f\u00fcn\u00fc dile getirerek, \u201cBu i\u015f dedelerimizden babalar\u0131m\u0131za kalm\u0131\u015f. Babalar\u0131m\u0131zdan da art\u0131k bize ge\u00e7iyor. Babam\u0131zla \u00e7al\u0131\u015f\u0131yoruz. Severek girdim bu i\u015fe. \u00c7ocukken hep hayalimizdi bu mesle\u011fi yapmak. Her zaman ayn\u0131 duygu, ilk g\u00fcnk\u00fc gibi heyecan var\u201d ifadelerini kulland\u0131. (AA)<\/p>\n","protected":false},"excerpt":{"rendered":"<p>Yalova&#8217;n\u0131n Armutlu il\u00e7esinde 350 haneden olu\u015fan Kapakl\u0131 k\u00f6y\u00fc sakinleri, 150 y\u0131ld\u0131r s\u00fcrd\u00fcrd\u00fckleri bal\u0131k\u00e7\u0131l\u0131kta yeni sezonun bol ve bereketli ge\u00e7mesi umuduyla a\u011flar\u0131n\u0131 denize atacak.<\/p>\n","protected":false},"author":1,"featured_media":121691,"comment_status":"closed","ping_status":"open","sticky":false,"template":"","format":"standard","meta":{"footnotes":""},"categories":[33],"tags":[1145,1579,527,13921,749],"class_list":["post-121690","post","type-post","status-publish","format-standard","has-post-thumbnail","hentry","category-yasam","tag-baba","tag-balikci","tag-deniz","tag-pars","tag-tekne"],"_links":{"self":[{"href":"https:\/\/haberulus.net\/index.php?rest_route=\/wp\/v2\/posts\/121690","targetHints":{"allow":["GET"]}}],"collection":[{"href":"https:\/\/haberulus.net\/index.php?rest_route=\/wp\/v2\/posts"}],"about":[{"href":"https:\/\/haberulus.net\/index.php?rest_route=\/wp\/v2\/types\/post"}],"author":[{"embeddable":true,"href":"https:\/\/haberulus.net\/index.php?rest_route=\/wp\/v2\/users\/1"}],"replies":[{"embeddable":true,"href":"https:\/\/haberulus.net\/index.php?rest_route=%2Fwp%2Fv2%2Fcomments&post=121690"}],"version-history":[{"count":1,"href":"https:\/\/haberulus.net\/index.php?rest_route=\/wp\/v2\/posts\/121690\/revisions"}],"predecessor-version":[{"id":121692,"href":"https:\/\/haberulus.net\/index.php?rest_route=\/wp\/v2\/posts\/121690\/revisions\/121692"}],"wp:featuredmedia":[{"embeddable":true,"href":"https:\/\/haberulus.net\/index.php?rest_route=\/wp\/v2\/media\/121691"}],"wp:attachment":[{"href":"https:\/\/haberulus.net\/index.php?rest_route=%2Fwp%2Fv2%2Fmedia&parent=121690"}],"wp:term":[{"taxonomy":"category","embeddable":true,"href":"https:\/\/haberulus.net\/index.php?rest_route=%2Fwp%2Fv2%2Fcategories&post=121690"},{"taxonomy":"post_tag","embeddable":true,"href":"https:\/\/haberulus.net\/index.php?rest_route=%2Fwp%2Fv2%2Ftags&post=121690"}],"curies":[{"name":"wp","href":"https:\/\/api.w.org\/{rel}","templated":true}]}}