{"id":121714,"date":"2023-08-31T10:35:03","date_gmt":"2023-08-31T10:35:03","guid":{"rendered":"https:\/\/haberulus.net\/?p=121714"},"modified":"2023-08-31T10:35:03","modified_gmt":"2023-08-31T10:35:03","slug":"adalet-bakani-tunc-taraflar-anlasirsa-kira-zamminda-yuzde-25-siniri-asilabilir","status":"publish","type":"post","link":"https:\/\/haberulus.net\/?p=121714","title":{"rendered":"Adalet Bakan\u0131 Tun\u00e7: Taraflar anla\u015f\u0131rsa kira zamm\u0131nda y\u00fczde 25 s\u0131n\u0131r\u0131 a\u015f\u0131labilir"},"content":{"rendered":"<p>Adalet Bakan\u0131 Y\u0131lmaz Tun\u00e7, NTV canl\u0131 yay\u0131n\u0131nda g\u00fcndeme ili\u015fkin de\u011ferlendirmelerde bulundu. Bakan Tun\u00e7, son d\u00f6nemde ev sahibi ile kirac\u0131 aras\u0131nda sorun haline gelen y\u00fczde 25&#8217;lik kira zamm\u0131 s\u0131n\u0131r\u0131yla ilgili dikkat \u00e7eken a\u00e7\u0131klamalar yapt\u0131. Tun\u00e7, taraflar\u0131n anla\u015fmas\u0131 halinde bu s\u0131n\u0131r\u0131n a\u015f\u0131labilece\u011fini s\u00f6yledi. <\/p>\n<p><b>ARABULUCULUK D\u00d6NEM\u0130 BA\u015eLIYOR<\/b><\/p>\n<p>Kira anla\u015fmazl\u0131klar\u0131nda zorunlu arabuluculuk d\u00f6neminin 1 Eyl\u00fcl itibar\u0131yla ba\u015flayaca\u011f\u0131n\u0131 s\u00f6yleyen Tun\u00e7, &#8220;1 Eyl\u00fcl itibar\u0131yla kirada zorunlu arabuluculuk d\u00f6nemi ba\u015fl\u0131yor. Kira davalar\u0131 da kat\u0131l\u0131yor. Kat m\u00fclkiyetinden do\u011fan davalar da zorunlu arabuluculuk kapsam\u0131nda olacak. Kom\u015fuluk hukukundan do\u011fan davalar ve ortakl\u0131\u011f\u0131n giderilmesi davalar\u0131. 1 ay i\u00e7inde uzla\u015fma sa\u011flan\u0131rsa mahkemeye gidilmeyecek. Tabii anla\u015fmak zorunda de\u011fil taraflar. Yarg\u0131 yolu a\u00e7\u0131k kapat\u0131lm\u0131yor. Anla\u015fma sa\u011flanabilirse konu dostane bir \u015fekilde \u00e7\u00f6z\u00fclm\u00fc\u015f olacak.&#8221; dedi. <\/p>\n<p><b>&#8220;K\u0130RA ARTI\u015eINDA Y\u00dcZDE 25 SINIRI A\u015eILAB\u0130L\u0130R<\/b><\/p>\n<p>Bakan Tun\u00e7 s\u00f6zlerine \u015f\u00f6yle devam etti: &#8220;Kira miktar\u0131n\u0131 da konu\u015fabilirler iki taraf istedikten sonra y\u00fczde 25 s\u0131n\u0131r\u0131 da a\u015f\u0131labilir. Buradaki y\u00fczde 25 s\u0131n\u0131r\u0131 \u015fudur ev sahibi kirac\u0131s\u0131na y\u00fczde 25&#8217;in \u00fczerinde bir kira art\u0131\u015f\u0131n\u0131 dikte edemez. E\u011fer kirac\u0131 ile kiralayan anla\u015f\u0131yorsa o ayr\u0131 bir konu. S\u00fcre ortaya koyabilir tahliye taahh\u00fct\u00fc ile ilgili konu var.&#8221;<\/p>\n<p><b>S\u00dcRES\u0130Z NAFAKA SORUNU <\/b><\/p>\n<p>S\u00fcresiz nafaka tart\u0131\u015fmalar\u0131na ili\u015fkin de konu\u015fan Adalet Bakan\u0131, aile hukukunu sil ba\u015ftan ele alacaklar\u0131n\u0131 ifade ederek &#8221;\u00d6zellikle aile hukuku ile ilgili geni\u015f bir \u00e7al\u0131\u015fmam\u0131z var. Aile hukukunu sil ba\u015ftan ele alaca\u011f\u0131z. Aile hukukunda arabuluculu\u011fu getirmek laz\u0131m. \u015eu anda aile hukukunda m\u00fcmk\u00fcn de\u011fil. Asl\u0131nda bir\u00e7ok \u00fclkede aile hukuku alan\u0131nda arabuluculuk uygulamas\u0131 iyi gidiyor. T\u00fcrkiye&#8217;de de aile hukukunda arabuluculuk s\u00f6z konusu olursa. Bo\u015fanma, tazminat, nafaka sorunlar\u0131 ile ilgili arabuluculuk olabilir. Vatanda\u015flar\u0131n ma\u011fduriyetini gidermemiz laz\u0131m. Her iki taraf\u0131 da dikkate alarak bir \u00e7\u00f6z\u00fcm bulunmal\u0131.&#8221; ifadelerini kulland\u0131.<\/p>\n","protected":false},"excerpt":{"rendered":"<p>Adalet Bakan\u0131 Y\u0131lmaz Tun\u00e7, kira art\u0131\u015f oran\u0131na getirilen y\u00fczde 25 s\u0131n\u0131r\u0131yla ilgili dikkat \u00e7eken a\u00e7\u0131klamalar yapt\u0131. Ev sahibi ile kirac\u0131n\u0131n anla\u015fmas\u0131 durumunda bu oran\u0131n \u00fczerine \u00e7\u0131k\u0131labilece\u011fini belirten Tun\u00e7, &#8220;\u0130ki taraf istedikten sonra y\u00fczde 25 s\u0131n\u0131r\u0131 a\u015f\u0131labilir. Buradaki y\u00fczde 25 s\u0131n\u0131r\u0131 \u015fudur ev sahibi kirac\u0131s\u0131na y\u00fczde 25&#8217;in \u00fczerinde bir kira art\u0131\u015f\u0131n\u0131 dikte edemez. E\u011fer kirac\u0131 ile kiralayan anla\u015f\u0131yorsa o ayr\u0131 bir konu.&#8221; dedi.<\/p>\n","protected":false},"author":1,"featured_media":121715,"comment_status":"closed","ping_status":"open","sticky":false,"template":"","format":"standard","meta":{"footnotes":""},"categories":[28],"tags":[13922,1771,311,4313,5246],"class_list":["post-121714","post","type-post","status-publish","format-standard","has-post-thumbnail","hentry","category-politika","tag-aile-hukuku","tag-arabuluculuk","tag-kira","tag-siniri","tag-tunc"],"_links":{"self":[{"href":"https:\/\/haberulus.net\/index.php?rest_route=\/wp\/v2\/posts\/121714","targetHints":{"allow":["GET"]}}],"collection":[{"href":"https:\/\/haberulus.net\/index.php?rest_route=\/wp\/v2\/posts"}],"about":[{"href":"https:\/\/haberulus.net\/index.php?rest_route=\/wp\/v2\/types\/post"}],"author":[{"embeddable":true,"href":"https:\/\/haberulus.net\/index.php?rest_route=\/wp\/v2\/users\/1"}],"replies":[{"embeddable":true,"href":"https:\/\/haberulus.net\/index.php?rest_route=%2Fwp%2Fv2%2Fcomments&post=121714"}],"version-history":[{"count":1,"href":"https:\/\/haberulus.net\/index.php?rest_route=\/wp\/v2\/posts\/121714\/revisions"}],"predecessor-version":[{"id":121716,"href":"https:\/\/haberulus.net\/index.php?rest_route=\/wp\/v2\/posts\/121714\/revisions\/121716"}],"wp:featuredmedia":[{"embeddable":true,"href":"https:\/\/haberulus.net\/index.php?rest_route=\/wp\/v2\/media\/121715"}],"wp:attachment":[{"href":"https:\/\/haberulus.net\/index.php?rest_route=%2Fwp%2Fv2%2Fmedia&parent=121714"}],"wp:term":[{"taxonomy":"category","embeddable":true,"href":"https:\/\/haberulus.net\/index.php?rest_route=%2Fwp%2Fv2%2Fcategories&post=121714"},{"taxonomy":"post_tag","embeddable":true,"href":"https:\/\/haberulus.net\/index.php?rest_route=%2Fwp%2Fv2%2Ftags&post=121714"}],"curies":[{"name":"wp","href":"https:\/\/api.w.org\/{rel}","templated":true}]}}