{"id":121723,"date":"2023-08-31T10:35:05","date_gmt":"2023-08-31T10:35:05","guid":{"rendered":"https:\/\/haberulus.net\/?p=121723"},"modified":"2023-08-31T10:35:05","modified_gmt":"2023-08-31T10:35:05","slug":"ingiltere-savunma-bakani-istifa-etti","status":"publish","type":"post","link":"https:\/\/haberulus.net\/?p=121723","title":{"rendered":"\u0130ngiltere Savunma Bakan\u0131 istifa etti"},"content":{"rendered":"<p>\u0130ngiltere Savunma Bakan\u0131 Ben Wallace, \u201c2005 y\u0131l\u0131nda milletvekili oldum ve bunca y\u0131ldan sonra art\u0131k hayat\u0131n ihmal etti\u011fim k\u0131s\u0131mlar\u0131na yat\u0131r\u0131m yapma ve yeni f\u0131rsatlar\u0131 ke\u015ffetme zaman\u0131m geldi\u201d s\u00f6zleriyle g\u00f6revinden istifa etti\u011fini a\u00e7\u0131klad\u0131.<\/p>\n<p>Wallace, Ba\u015fbakan Rishi Sunak\u2019a hitaben yazd\u0131\u011f\u0131 istifa mektubunda, 4 y\u0131ld\u0131r y\u00fcr\u00fctt\u00fc\u011f\u00fc bakanl\u0131k g\u00f6revi sonunda arkas\u0131nda daha modern, kendine daha fazla g\u00fcvenen ve daha iyi fonlanm\u0131\u015f bir silahl\u0131 kuvvetler b\u0131rakt\u0131\u011f\u0131n\u0131 belirtti.<\/p>\n<p>\u0130ngiliz ordusunun, \u00f6zellikle Ukrayna-Rusya Sava\u015f\u0131\u2019ndan sonra d\u00fcnyada daha fazla sayg\u0131 duyulan bir ordu haline geldi\u011fini de kaydeden Wallace, \u201cSavunma harcamalar\u0131n\u0131n keyfi kabul edilip, i\u00e7i bo\u015falt\u0131larak tasarruf edildi\u011fi g\u00fcnlere d\u00f6nmek istemedi\u011finizi biliyorum\u201d ifadelerini kulland\u0131.<\/p>\n<p>Wallace, gelecek on y\u0131lda d\u00fcnyan\u0131n daha g\u00fcvensiz ve istikrars\u0131z hale gelece\u011fi inanc\u0131n\u0131 da payla\u015farak, \u201c\u0130kimiz de biliyoruz ki bug\u00fcn, gelece\u011fe yat\u0131r\u0131m yapman\u0131n tam zaman\u0131.\u201d dedi.<\/p>\n<p>Orduya 1991\u2019de kat\u0131lan Wallace, kendisini \u00fclkesine hizmete adad\u0131\u011f\u0131n\u0131 belirterek, \u201cBu ba\u011fl\u0131l\u0131\u011f\u0131n bana ve aileme bir bedeli oldu. Uzun s\u00fcre d\u00fc\u015f\u00fcnd\u00fckten sonra istifama izin verilmesine karar verdim. 2005\u2019te milletvekili oldum ve bunca y\u0131ldan sonra art\u0131k hayat\u0131n ihmal etti\u011fim k\u0131s\u0131mlar\u0131na yat\u0131r\u0131m yapma ve yeni f\u0131rsatlar\u0131 ke\u015ffetme zaman\u0131m geldi.\u201d ifadelerini kulland\u0131.<\/p>\n<p><strong>YER\u0130NE SHAPPS GET\u0130R\u0130LD\u0130<\/strong><\/p>\n<p>Ba\u015fbakan Sunak da Wallace\u2019\u0131n mektubuna yan\u0131t vererek, \u201cUkrayna\u2019ya askeri yard\u0131m toplamak i\u00e7in i\u00e7erde ve d\u0131\u015farda hayati bir rol oynad\u0131n\u201d dedi.<\/p>\n<p>Wallace\u2019\u0131n en zor anlarda \u00f6nemli kararlar verebilen bir yap\u0131ya sahip oldu\u011funu belirten Sunak, Afganistan\u2019dan 15 binden fazla insan\u0131n tahliyesinde Wallace\u2019\u0131n \u00f6nemli bir rol oynad\u0131\u011f\u0131na i\u015faret etti.<\/p>\n<p>Sunak, Wallace\u2019\u0131n G\u00fcvenlik ve Ekonomik Su\u00e7lardan Sorumlu Devlet Bakanl\u0131\u011f\u0131 ile Kuzey \u0130rlanda\u2019dan Sorumlu Devlet Bakanl\u0131\u011f\u0131 yapt\u0131\u011f\u0131n\u0131 da hat\u0131rlatarak bu g\u00f6revler s\u0131ras\u0131nda 2017\u2019deki ter\u00f6r sald\u0131r\u0131lar\u0131 ve \u00e7ifte ajan Sergey Skripal\u2019in zehirlenmesi olaylar\u0131yla da yak\u0131ndan ilgilendi\u011fini kaydetti.<\/p>\n<p>Wallace\u2019\u0131n istifas\u0131n\u0131 kabul eden Sunak, \u201c8 y\u0131ll\u0131k zorlu bakanl\u0131k g\u00f6revlerinden sonra istifa etme arzunuzu tamamen anl\u0131yorum. G\u00f6revinden te\u015fekk\u00fcr ve sayg\u0131lar\u0131mla ayr\u0131l\u0131yorsun.\u201d ifadesini kulland\u0131.<\/p>\n<p>Savunma Bakanl\u0131\u011f\u0131nda Ben Wallace\u2019tan bo\u015falan koltu\u011fa ise Enerji G\u00fcvenli\u011fi ve S\u0131f\u0131r Emisyondan Sorumlu Devlet Bakan\u0131 Grant Shapps getirildi.<\/p>\n<p>Konuya ili\u015fkin Ba\u015fbakanl\u0131ktan yap\u0131lan a\u00e7\u0131klamada, Kral 3. Charles\u2019\u0131n atama karar\u0131n\u0131 onaylad\u0131\u011f\u0131 ifade edildi.<\/p>\n<p><strong>BARI\u015e PINARI HAREKATI\u2019NA DESTEK VERM\u0130\u015eT\u0130<\/strong><\/p>\n<p>Savunma Bakanl\u0131\u011f\u0131 g\u00f6revine Temmuz 2019\u2019da getirilen Wallace, Ekim 2019\u2019da yap\u0131lan NATO toplant\u0131s\u0131nda T\u00fcrkiye\u2019nin ba\u015flatt\u0131\u011f\u0131 Bar\u0131\u015f P\u0131nar\u0131 Harekat\u0131\u2019yla ilgili, di\u011fer NATO \u00fcyelerinin aksine, \u201cT\u00fcrkiye\u2019nin kendini savunmak i\u00e7in bazen yapmas\u0131 gerekeni yapmas\u0131 gerekiyor.\u201d a\u00e7\u0131klamas\u0131 yapm\u0131\u015ft\u0131.<\/p>\n<p>Silahl\u0131 kuvvetlerin savunma harcamalar\u0131n\u0131n 2021-2025 y\u0131llar\u0131 aras\u0131nda 188 milyar sterlin olmas\u0131 s\u00f6z\u00fcn\u00fc de veren Wallace, Rusya-Ukrayna Sava\u015f\u0131 \u00f6ncesi Rus mevkida\u015f\u0131 Sergey \u015eoygu\u2019yla da bir araya gelmi\u015fti.<\/p>\n<p>Wallace, \u015eoygu\u2019nun Rusya\u2019n\u0131n bir sava\u015fa girmeyece\u011fi y\u00f6n\u00fcndeki a\u00e7\u0131klamas\u0131na kar\u015f\u0131n bir g\u00fcn sonra sava\u015f ihtimalinin y\u00fcksek oldu\u011funu s\u00f6ylemi\u015f ve \u0130ngiliz D\u0131\u015fi\u015fleri Bakanl\u0131\u011f\u0131, Ukrayna\u2019daki \u0130ngilizlere f\u0131rsat varken bu \u00fclkeden ayr\u0131lmalar\u0131n\u0131 tavsiye etmi\u015fti.<\/p>\n<p>Muhafazakar Parti\u2019nin en uzun s\u00fcre Savunma Bakanl\u0131\u011f\u0131 koltu\u011funda oturan milletvekili olan Wallace, temmuzda Vilnius\u2019ta yap\u0131lan NATO zirvesinde Ukrayna\u2019y\u0131, yap\u0131lan yard\u0131mlar kar\u015f\u0131s\u0131nda \u201cminnettar olmamakla\u201d ele\u015ftirmi\u015fti.<\/p>\n<p>Ukrayna\u2019ya savunma deste\u011fi sa\u011flayan baz\u0131 m\u00fcttefiklerin \u201cminnettarl\u0131k\u201d g\u00f6rmek istediklerini belirten Wallace, \u0130ngiltere\u2019nin Ukrayna\u2019ya silah sevkiyat\u0131 yapan \u00e7evrim i\u00e7i sat\u0131\u015f \u015firketi \u201cAmazon\u201d olmad\u0131\u011f\u0131n\u0131 s\u00f6ylemi\u015fti.<\/p>\n<p>Bu ifadesi \u00fczerine ele\u015ftirilen Wallace, a\u00e7\u0131klamas\u0131ndan 3 g\u00fcn sonra ifadelerinin yanl\u0131\u015f anla\u015f\u0131ld\u0131\u011f\u0131n\u0131 s\u00f6ylemi\u015f ve gelecek se\u00e7imde tekrar milletvekili aday\u0131 olmayaca\u011f\u0131n\u0131 duyurmu\u015f, bakanl\u0131k g\u00f6revini b\u0131rakma iste\u011fini de a\u00e7\u0131klam\u0131\u015ft\u0131.<strong> (AA)<\/strong><\/p>\n","protected":false},"excerpt":{"rendered":"<p>\u0130ngiltere Savunma Bakan\u0131 Ben Wallace, g\u00f6revini b\u0131rakt\u0131\u011f\u0131n\u0131 duyurdu. Wallace, Ba\u015fbakan Sunak&#8217;a hitaben yazd\u0131\u011f\u0131 istifa mektubunda dikkat \u00e7ekici ifadeler kulland\u0131.<\/p>\n","protected":false},"author":1,"featured_media":121724,"comment_status":"closed","ping_status":"open","sticky":false,"template":"","format":"standard","meta":{"footnotes":""},"categories":[24],"tags":[178,265,2913,2420,1690],"class_list":["post-121723","post","type-post","status-publish","format-standard","has-post-thumbnail","hentry","category-dunya","tag-bakanligi","tag-ifade","tag-savunma","tag-sunak","tag-wallace"],"_links":{"self":[{"href":"https:\/\/haberulus.net\/index.php?rest_route=\/wp\/v2\/posts\/121723","targetHints":{"allow":["GET"]}}],"collection":[{"href":"https:\/\/haberulus.net\/index.php?rest_route=\/wp\/v2\/posts"}],"about":[{"href":"https:\/\/haberulus.net\/index.php?rest_route=\/wp\/v2\/types\/post"}],"author":[{"embeddable":true,"href":"https:\/\/haberulus.net\/index.php?rest_route=\/wp\/v2\/users\/1"}],"replies":[{"embeddable":true,"href":"https:\/\/haberulus.net\/index.php?rest_route=%2Fwp%2Fv2%2Fcomments&post=121723"}],"version-history":[{"count":1,"href":"https:\/\/haberulus.net\/index.php?rest_route=\/wp\/v2\/posts\/121723\/revisions"}],"predecessor-version":[{"id":121725,"href":"https:\/\/haberulus.net\/index.php?rest_route=\/wp\/v2\/posts\/121723\/revisions\/121725"}],"wp:featuredmedia":[{"embeddable":true,"href":"https:\/\/haberulus.net\/index.php?rest_route=\/wp\/v2\/media\/121724"}],"wp:attachment":[{"href":"https:\/\/haberulus.net\/index.php?rest_route=%2Fwp%2Fv2%2Fmedia&parent=121723"}],"wp:term":[{"taxonomy":"category","embeddable":true,"href":"https:\/\/haberulus.net\/index.php?rest_route=%2Fwp%2Fv2%2Fcategories&post=121723"},{"taxonomy":"post_tag","embeddable":true,"href":"https:\/\/haberulus.net\/index.php?rest_route=%2Fwp%2Fv2%2Ftags&post=121723"}],"curies":[{"name":"wp","href":"https:\/\/api.w.org\/{rel}","templated":true}]}}