{"id":121726,"date":"2023-08-31T10:35:05","date_gmt":"2023-08-31T10:35:05","guid":{"rendered":"https:\/\/haberulus.net\/?p=121726"},"modified":"2023-08-31T10:35:05","modified_gmt":"2023-08-31T10:35:05","slug":"sumela-kultur-yolu-festivaline-1-milyondan-fazla-kisi-katildi","status":"publish","type":"post","link":"https:\/\/haberulus.net\/?p=121726","title":{"rendered":"S\u00fcmela K\u00fclt\u00fcr Yolu Festivali\u2019ne 1 milyondan fazla ki\u015fi kat\u0131ld\u0131"},"content":{"rendered":"<p>K\u00fclt\u00fcr ve Turizm Bakanl\u0131\u011f\u0131 Ara\u015ft\u0131rma ve E\u011fitim Genel M\u00fcd\u00fcr\u00fc Selim Terzi, ilk kez Beyo\u011flu K\u00fclt\u00fcr Yolu Festivali ile 2021\u2019de ba\u015flat\u0131lan T\u00fcrkiye K\u00fclt\u00fcr Yolu Festivalleri\u2019ne bu y\u0131l Trabzon\u2019u da eklediklerini s\u00f6yledi. Terzi, festivale, restorasyonun ard\u0131ndan ge\u00e7en y\u0131l yeniden ziyarete a\u00e7\u0131lan S\u00fcmela Manast\u0131r\u0131\u2019n\u0131n ad\u0131n\u0131 verdiklerini anlatarak, beklentilerinin \u00e7ok \u00fczerinde bir ilgiyle kar\u015f\u0131la\u015ft\u0131klar\u0131n\u0131 ifade etti.<\/p>\n<p>Festival program\u0131n\u0131n her ad\u0131m\u0131nda b\u00fcy\u00fck yo\u011funluk ya\u015fand\u0131\u011f\u0131n\u0131 anlatan Terzi, \u201cSergilerden at\u00f6lyelere, dijital enstalasyonlardan \u00e7ocuk etkinliklerine, Trabzon\u2019un yeme i\u00e7me k\u00fclt\u00fcr\u00fcn\u00fcn en iyi \u015fekilde tan\u0131t\u0131ld\u0131\u011f\u0131 gastronomi etkinliklerinden, s\u00f6yle\u015filere 500\u2019den fazla etkinli\u011fi ba\u015fta Trabzon halk\u0131 olmak \u00fczere \u00e7evre illerden de festivale kat\u0131l\u0131m sa\u011flayan vatanda\u015flar\u0131m\u0131zla bulu\u015fturduk\u201d dedi.<\/p>\n<p>Festival kapsam\u0131nda 30\u2019dan fazla mekanda 500 civar\u0131nda etkinli\u011fi vatanda\u015flarla bulu\u015fturduklar\u0131n\u0131 vurgulayan Terzi, \u015fu de\u011ferlendirmede bulundu: \u201cBinden fazla da sanat\u00e7\u0131m\u0131z kat\u0131l\u0131m sa\u011flad\u0131. Trabzon Fuar Merkezi\u2019nde Beng\u00fc, Mehmet Erdem ve Rubato, 100. Y\u0131l Mar\u015flar\u0131 konserinde Metin \u00d6z\u00fclk\u00fc, \u00d6m\u00fcr Gedik, Hande \u00dcnsal, G\u00f6khan Tepe, Ferda An\u0131l Yark\u0131n ve G\u00fcliz Ayla ile Motive, Fatma Turgut, Ali K\u0131n\u0131k, G\u00f6ksel, \u0130kilem, Ded\u00fcbl\u00fcman, O\u011fuzhan Ko\u00e7 gibi isimler konser verdi. Ayr\u0131ca T\u00fcrk halk m\u00fczi\u011fi, T\u00fcrk sanat m\u00fczi\u011fi ve tasavvuf konserleri ve Halk Danslar\u0131 Toplulu\u011fu da izleyiciyle bulu\u015ftu.\u201d<\/p>\n<p>Terzi, Ganita sahil \u015feridindeki Sonsuzluk Penceresi\u2019nde \u201cKutsal Damlalar Efsanesi Cam ve Ta\u015f Heykel Enstalasyonu\u201d, 15 Temmuz \u015eehitler ve H\u00fcrriyet Park\u0131\u2019nda \u201cBir Hayalin \u0130n\u015fas\u0131 Sergisi\u201d, K\u0131zlar Manast\u0131r\u0131\u2019ndaki \u201cAkkase Ebru Sergisi\u201d ve \u201cAmberin S\u0131rlar\u0131 Dijital Foto\u011fraf Sergisi\u201d, Ayasofya Camisi i\u00e7 avlusunda bulunan \u201cEbru Sanat\u0131 Dijital Deneyim Ekran\u0131\u201dn\u0131n festival boyunca devam eden ve yo\u011fun ilgi g\u00f6ren sergilerinden oldu\u011funu belirtti.<\/p>\n<p>Manast\u0131r K\u00fct\u00fcphanesi Kent Kitapl\u0131\u011f\u0131\u2019n\u0131n da ziyaret\u00e7ilerin b\u00fcy\u00fck be\u011fenisini toplad\u0131\u011f\u0131n\u0131 kaydeden Terzi, \u015f\u00f6yle konu\u015ftu:<\/p>\n<p>\u201c\u00c7ocuk etkinliklerimize de ayr\u0131 parantez a\u00e7mak gerekir. Festival kapsam\u0131nda t\u00fcm \u00e7ocuklar\u0131m\u0131z ve aileler, b\u00fcy\u00fck bir ilgiyle k\u00fclt\u00fcr ve sanata doydu diyebiliriz. \u00c7ocuk at\u00f6lyeleri, bando g\u00f6sterileri, edebiyat s\u00f6yle\u015fileri, sanat etkinlikleri, geleneksel el sanatlar\u0131 \u00e7al\u0131\u015fmalar\u0131, \u00e7ocuk kul\u00fcpleri, ebru sanat\u0131 deneyimleri, tiyatrolar ve daha fazlas\u0131 H\u00fcseyin Avni Aker Millet Bah\u00e7esi\u2019nde \u00e7ocuklar\u0131m\u0131zla bulu\u015ftu. 9 g\u00fcn s\u00fcren festivalimiz boyunca Trabzon ve \u00e7evre illerimiz dahil olmak \u00fczere t\u00fcm etkinliklere 1 milyon 300 binden fazla ki\u015fi kat\u0131ld\u0131.\u201d<\/p>\n<p><strong>\u201cHEDEF\u0130M\u0130Z 2028\u2019E KADAR 35 \u015eEHRE FEST\u0130VALLER\u0130M\u0130Z\u0130 ULA\u015eTIRMAK\u201d<\/strong><\/p>\n<p>Terzi, festivalin Trabzon\u2019da geleneksel hale getirilece\u011fini, yapt\u0131klar\u0131 \u00e7al\u0131\u015fmalar\u0131n bu s\u00fcrecin ba\u015flang\u0131c\u0131 oldu\u011funu s\u00f6yledi.<\/p>\n<p>Festival s\u00fcrecini ba\u015flatt\u0131klar\u0131 b\u00fct\u00fcn \u015fehirler i\u00e7in de bu durumun ge\u00e7erli oldu\u011funu anlatan Terzi, \u201cBakanl\u0131\u011f\u0131m\u0131z b\u00fcnyesinde Ara\u015ft\u0131rma ve E\u011fitim Genel M\u00fcd\u00fcrl\u00fc\u011f\u00fcm\u00fcz\u00fcn i\u00e7inde bir festival birimi olu\u015fturuldu. Kendi i\u00e7imizde de b\u00f6yle bir yap\u0131lanmaya gidiyoruz. Say\u0131n Bakan\u0131m\u0131z Mehmet Nuri Ersoy\u2019un da bahsetti\u011fi gibi, hedefimiz 2028\u2019e kadar 35 \u015fehre festivallerimizi ula\u015ft\u0131rmak\u201d dedi. (AA)<\/p>\n","protected":false},"excerpt":{"rendered":"<p>lt\u00fcr ve Turizm Bakanl\u0131\u011f\u0131 taraf\u0131ndan, T\u00fcrkiye K\u00fclt\u00fcr Yolu Festivalleri kapsam\u0131nda, 19-27 A\u011fustos&#8217;ta Trabzon&#8217;da d\u00fczenlenen S\u00fcmela K\u00fclt\u00fcr Yolu Festivali&#8217;ne 1 milyon 300 binden fazla ki\u015fi kat\u0131ld\u0131.<\/p>\n","protected":false},"author":1,"featured_media":121727,"comment_status":"closed","ping_status":"open","sticky":false,"template":"","format":"standard","meta":{"footnotes":""},"categories":[27],"tags":[765,231,121,4366,1485],"class_list":["post-121726","post","type-post","status-publish","format-standard","has-post-thumbnail","hentry","category-kultur-sanat","tag-cocuk","tag-festival","tag-sanat","tag-terzi","tag-trabzon"],"_links":{"self":[{"href":"https:\/\/haberulus.net\/index.php?rest_route=\/wp\/v2\/posts\/121726","targetHints":{"allow":["GET"]}}],"collection":[{"href":"https:\/\/haberulus.net\/index.php?rest_route=\/wp\/v2\/posts"}],"about":[{"href":"https:\/\/haberulus.net\/index.php?rest_route=\/wp\/v2\/types\/post"}],"author":[{"embeddable":true,"href":"https:\/\/haberulus.net\/index.php?rest_route=\/wp\/v2\/users\/1"}],"replies":[{"embeddable":true,"href":"https:\/\/haberulus.net\/index.php?rest_route=%2Fwp%2Fv2%2Fcomments&post=121726"}],"version-history":[{"count":1,"href":"https:\/\/haberulus.net\/index.php?rest_route=\/wp\/v2\/posts\/121726\/revisions"}],"predecessor-version":[{"id":121728,"href":"https:\/\/haberulus.net\/index.php?rest_route=\/wp\/v2\/posts\/121726\/revisions\/121728"}],"wp:featuredmedia":[{"embeddable":true,"href":"https:\/\/haberulus.net\/index.php?rest_route=\/wp\/v2\/media\/121727"}],"wp:attachment":[{"href":"https:\/\/haberulus.net\/index.php?rest_route=%2Fwp%2Fv2%2Fmedia&parent=121726"}],"wp:term":[{"taxonomy":"category","embeddable":true,"href":"https:\/\/haberulus.net\/index.php?rest_route=%2Fwp%2Fv2%2Fcategories&post=121726"},{"taxonomy":"post_tag","embeddable":true,"href":"https:\/\/haberulus.net\/index.php?rest_route=%2Fwp%2Fv2%2Ftags&post=121726"}],"curies":[{"name":"wp","href":"https:\/\/api.w.org\/{rel}","templated":true}]}}