{"id":121735,"date":"2023-08-31T10:51:02","date_gmt":"2023-08-31T10:51:02","guid":{"rendered":"https:\/\/haberulus.net\/?p=121735"},"modified":"2023-08-31T10:51:02","modified_gmt":"2023-08-31T10:51:02","slug":"nukleer-kriz-muhalefet-lideri-aclik-grevine-basladi","status":"publish","type":"post","link":"https:\/\/haberulus.net\/?p=121735","title":{"rendered":"N\u00fckleer kriz: Muhalefet lideri a\u00e7l\u0131k grevine ba\u015flad\u0131"},"content":{"rendered":"<p>G\u00fcney Kore\u2019de ana muhalefet lideri Lee Jae-myung, h\u00fck\u00fcmetin, Japonya\u2019n\u0131n Fuku\u015fima\u2019daki radyoaktif at\u0131k suyun tahliyesine ili\u015fkin politikas\u0131na tepki olarak a\u00e7l\u0131k grevine ba\u015flad\u0131\u011f\u0131n\u0131 a\u00e7\u0131klad\u0131.<\/p>\n<p>Yonhap\u2019\u0131n haberine g\u00f6re, \u00fclkede ana muhalefetteki Demokratik Parti (DP) lideri Lee Jae-myung, \u201cYoon Suk Yeol y\u00f6netimi anayasal d\u00fczeni ve demokrasiyi yok etti ve halka sava\u015f a\u00e7t\u0131.\u201d diyerek bug\u00fcnden itibaren s\u00fcresiz olarak a\u00e7l\u0131k grevine ba\u015flad\u0131\u011f\u0131n\u0131 ifade etti.<\/p>\n<p>Ana muhalefet lideri ayr\u0131ca Yoon\u2019dan, insanlardan ge\u00e7im kaynaklar\u0131n\u0131 ve demokrasiyi \u201cyok ettikleri i\u00e7in\u201d \u00f6z\u00fcr dilemesi, seyreltilmi\u015f radyoaktif suyun tahliyesine kar\u015f\u0131 oldu\u011funu ifade etmesi ve Kabineyi yeniden yap\u0131land\u0131rmas\u0131 talebinde bulundu. Lee Jae-myung, 26 A\u011fustos\u2019ta ba\u015fkent Seul\u2019de Japonya\u2019n\u0131n Fuku\u015fima\u2019daki radyoaktif at\u0131k suyun tahliyesine kar\u015f\u0131 binlerce ki\u015finin yer ald\u0131\u011f\u0131 protestolara kat\u0131lm\u0131\u015ft\u0131.<\/p>\n<p>G\u00fcney Kore Devlet Ba\u015fkan\u0131 Yoon Suk-yeol ve Ba\u015fbakan Han Duck-so\u2019nun 28 A\u011fustos\u2019ta deniz mahsull\u00fc \u00f6\u011fle yeme\u011fi yedi\u011fi ve Ba\u015fkanl\u0131k Ofisi\u2019ndeki kafeteryada hafta boyunca \u00e7e\u015fitli deniz \u00fcr\u00fcnlerinin servis edilece\u011fi kaydedilmi\u015fti.<\/p>\n<p><strong>TEPK\u0130 \u00c7EKEN TAHL\u0130YE<\/strong><\/p>\n<p>Japonya\u2019da 2011\u2019deki depremin ard\u0131ndan meydana gelen tsunamide zarar g\u00f6ren Fuku\u015fima Dai-i\u00e7i N\u00fckleer Santrali\u2019ndeki radyoaktif at\u0131k suyun okyanusa bo\u015falt\u0131lmas\u0131na 24 A\u011fustos\u2019ta ba\u015fland\u0131\u011f\u0131 bildirilmi\u015fti.<\/p>\n<p>Japonya, daha \u00f6nce a\u00e7\u0131klanan plana g\u00f6re, ilk a\u015famada 7 g\u00fcn i\u00e7inde 7 bin 800 ton at\u0131k suyu okyanusa bo\u015faltacak. Mart 2024\u2019e kadar toplam 31 bin 200 ton radyoaktif at\u0131k suyun tahliyesi planlan\u0131yor. Plan, b\u00f6lgede ya\u015fayan bal\u0131k\u00e7\u0131lar\u0131n ve \u00e7evre koruma aktivistlerinin yan\u0131 s\u0131ra ba\u015fta \u00c7in olmak \u00fczere kom\u015fu \u00fclkelerin tepkisine sebep oluyor.<\/p>\n<p>Uluslararas\u0131 Atom Enerjisi Ajans\u0131, santralde yapt\u0131\u011f\u0131 incelemelerin ard\u0131ndan 4 Temmuz\u2019da yay\u0131mlad\u0131\u011f\u0131 raporda, Japonya\u2019n\u0131n at\u0131k suyun tahliyesi plan\u0131n\u0131n g\u00fcvenlik standartlar\u0131yla uyumlu oldu\u011fu, insanlara ve \u00e7evreye verebilece\u011fi zarar\u0131n \u201cihmal edilebilir d\u00fczeyde\u201d bulundu\u011fu sonucuna varm\u0131\u015ft\u0131.<\/p>\n<p>Mart 2011\u2019de meydana gelen 9 b\u00fcy\u00fckl\u00fc\u011f\u00fcndeki depremin yol a\u00e7t\u0131\u011f\u0131 tsunami, Fuku\u015fima Dai-i\u00e7i N\u00fckleer Santrali\u2019ndeki 4 n\u00fckleer reakt\u00f6rden 3\u2019\u00fcnde hasara neden olmu\u015f, radyoaktif serpinti nedeniyle santralin \u00e7evresi \u201ctahliye b\u00f6lgesi\u201d ilan edilmi\u015fti. (AA)<\/p>\n","protected":false},"excerpt":{"rendered":"<p>G\u00fcney Kore&#8217;de ana muhalefet lideri, h\u00fck\u00fcmetin Fuku\u015fima politikas\u0131na kar\u015f\u0131 a\u00e7l\u0131k grevine ba\u015flad\u0131.<\/p>\n","protected":false},"author":1,"featured_media":121736,"comment_status":"closed","ping_status":"open","sticky":false,"template":"","format":"standard","meta":{"footnotes":""},"categories":[24],"tags":[6838,868],"class_list":["post-121735","post","type-post","status-publish","format-standard","has-post-thumbnail","hentry","category-dunya","tag-radyoaktif","tag-tahliye"],"_links":{"self":[{"href":"https:\/\/haberulus.net\/index.php?rest_route=\/wp\/v2\/posts\/121735","targetHints":{"allow":["GET"]}}],"collection":[{"href":"https:\/\/haberulus.net\/index.php?rest_route=\/wp\/v2\/posts"}],"about":[{"href":"https:\/\/haberulus.net\/index.php?rest_route=\/wp\/v2\/types\/post"}],"author":[{"embeddable":true,"href":"https:\/\/haberulus.net\/index.php?rest_route=\/wp\/v2\/users\/1"}],"replies":[{"embeddable":true,"href":"https:\/\/haberulus.net\/index.php?rest_route=%2Fwp%2Fv2%2Fcomments&post=121735"}],"version-history":[{"count":1,"href":"https:\/\/haberulus.net\/index.php?rest_route=\/wp\/v2\/posts\/121735\/revisions"}],"predecessor-version":[{"id":121737,"href":"https:\/\/haberulus.net\/index.php?rest_route=\/wp\/v2\/posts\/121735\/revisions\/121737"}],"wp:featuredmedia":[{"embeddable":true,"href":"https:\/\/haberulus.net\/index.php?rest_route=\/wp\/v2\/media\/121736"}],"wp:attachment":[{"href":"https:\/\/haberulus.net\/index.php?rest_route=%2Fwp%2Fv2%2Fmedia&parent=121735"}],"wp:term":[{"taxonomy":"category","embeddable":true,"href":"https:\/\/haberulus.net\/index.php?rest_route=%2Fwp%2Fv2%2Fcategories&post=121735"},{"taxonomy":"post_tag","embeddable":true,"href":"https:\/\/haberulus.net\/index.php?rest_route=%2Fwp%2Fv2%2Ftags&post=121735"}],"curies":[{"name":"wp","href":"https:\/\/api.w.org\/{rel}","templated":true}]}}