{"id":121774,"date":"2023-08-31T11:35:05","date_gmt":"2023-08-31T11:35:05","guid":{"rendered":"https:\/\/haberulus.net\/?p=121774"},"modified":"2023-08-31T11:35:05","modified_gmt":"2023-08-31T11:35:05","slug":"eda-erdem-her-turnuvanin-kendine-ozel-bir-hikayesi-var","status":"publish","type":"post","link":"https:\/\/haberulus.net\/?p=121774","title":{"rendered":"Eda Erdem: Her turnuvan\u0131n kendine \u00f6zel bir hikayesi var"},"content":{"rendered":"<p>2023 CEV Avrupa Kad\u0131nlar Voleybol \u015eampiyonas\u0131&#8217;nda yar\u0131 finaller \u00f6ncesinde \u201cmedya g\u00fcn\u00fc\u201d d\u00fczenlendi.<\/p>\n<p>Organizasyona, A Milli Kad\u0131n Voleybol Tak\u0131m\u0131 Ba\u015fantren\u00f6r\u00fc Daniele Santarelli, kaptan Eda Erdem ile yar\u0131 finallerde yer alan S\u0131rbistan, \u0130talya ve Hollanda milli tak\u0131mlar\u0131n\u0131n ba\u015fantren\u00f6rleri ve tak\u0131m kaptanlar\u0131 kat\u0131ld\u0131.<\/p>\n<p>\u015eampiyonan\u0131n yar\u0131 finalinde yar\u0131n \u0130talya ile kar\u015f\u0131la\u015facak \u201cFilenin Sultanlar\u0131\u201dnda ba\u015fantren\u00f6r Santarelli ve Eda Erdem, medya g\u00fcn\u00fcnde bas\u0131n mensuplar\u0131n\u0131n sorular\u0131n\u0131 cevaplayarak a\u00e7\u0131klamalarda bulundu.<\/p>\n<p>Milli tak\u0131mlar i\u00e7in bu yaz\u0131n ma\u00e7 takvimi s\u0131k\u0131\u015f\u0131kl\u0131\u011f\u0131 nedeniyle \u00e7ok zorlu ge\u00e7ti\u011fini vurgulayan Santarelli, \u201c\u015eu ana kadar milli tak\u0131mla yapt\u0131klar\u0131mdan dolay\u0131 \u00e7ok memnunum. Yar\u0131 finale odakland\u0131k. \u0130talya gibi harika bir tak\u0131ma kar\u015f\u0131 yar\u0131 final oynayaca\u011f\u0131z\u201d dedi.<\/p>\n<p>T\u00fcrkiye ile Milletler Ligi\u2019nde ilk deneyimini ya\u015fad\u0131\u011f\u0131na dikkati \u00e7eken \u0130talyan ba\u015fantren\u00f6r, \u201cHer an\u0131 benim i\u00e7in g\u00fczel ve \u00f6zeldi. \u0130yi bir tak\u0131m oldu\u011fumuzu herkese g\u00f6sterdik. Herkes T\u00fcrkiye&#8217;nin kat\u0131ld\u0131\u011f\u0131 her turnuvada sonuna kadar gidebilece\u011fine inan\u0131yor. Bu sebeple seviye bizim i\u00e7in daha da y\u00fckseldi. Yar\u0131 finaldeki rakibimiz \u0130talya \u00e7ok g\u00fc\u00e7l\u00fc bir tak\u0131m. \u00dclkeme kar\u015f\u0131 oynamak benim i\u00e7im farkl\u0131 olacak ama bu bir spor ve bunlar sporun i\u00e7inde olan var\u201d ifadelerini kulland\u0131.<\/p>\n<p><b>EDA ERDEM: FAVOR\u0130LERDEN B\u0130R\u0130Y\u0130Z<\/b><\/p>\n<p>Eda Erdem ise, \u201cBizim i\u00e7in her Avrupa \u015eampiyonas\u0131 \u00f6nemli. Burada olmak, T\u00fcrk Milli Tak\u0131m\u0131&#8217;n\u0131 temsil etmek\u201d diye konu\u015ftu.<\/p>\n<p>\u201cHer turnuvan\u0131n kendine \u00f6zel bir hikayesi var, bu y\u0131l da \u00e7ok g\u00fc\u00e7l\u00fc bir tak\u0131m\u0131z, favorilerinden biriyiz\u201d diyen Eda Erdem, \u015fu de\u011ferlendirmede bulundu:<\/p>\n<p>\u201c2019 y\u0131l\u0131 bizim ad\u0131m\u0131za g\u00fczel bir y\u0131ld\u0131, \u015fampiyonluk kupas\u0131n\u0131 almaya \u00e7ok yak\u0131nd\u0131k. Bu yaz bizim i\u00e7in \u00e7ok iyi ge\u00e7iyor, e\u011fer ba\u015farabilirsek Avrupa \u015eampiyonas\u0131&#8217;nda tekrar bu f\u0131rsat\u0131 elde etmek istiyoruz fakat \u00e7ok g\u00fc\u00e7l\u00fc rakiplerimiz var. \u0130talya&#8217;da onlardan bir tanesi. Harika bir turnuva ge\u00e7iriyorlar. Avrupa \u015eampiyonas\u0131&#8217;n\u0131n bu k\u0131sm\u0131 ger\u00e7ekten \u00e7ok zor olacak. Kupaya ula\u015fmak i\u00e7in elimizden gelenin en iyisini yapmaya \u00e7al\u0131\u015faca\u011f\u0131z ama bunun \u00e7ok zor olaca\u011f\u0131n\u0131n fark\u0131nday\u0131z. Tak\u0131m olarak odaklanm\u0131\u015f durumday\u0131z. \u0130yi bir tak\u0131m\u0131z, \u00e7ok iyi oyuncular\u0131m\u0131z var. Herkes birbirini seviyor, sayg\u0131 duyuyor. Daha iyi voleybol oynamaya ve kendimizi daha da geli\u015ftirmeye odakland\u0131k. T\u00fcrk voleybolunu hem Avrupa hem de d\u00fcnya sahnesinde daha iyi bir yere getirmek ve herkese g\u00fcc\u00fcm\u00fcz\u00fc g\u00f6stermek istiyoruz. Bu y\u0131l bizim i\u00e7in tabii ki \u00e7ok \u00f6zel bir y\u0131l, Melissa Vargas gibi g\u00fc\u00e7l\u00fc bir oyuncu aram\u0131za kat\u0131ld\u0131. Sahada g\u00fczel bir oyun oynuyoruz, herkes e\u011fleniyor. Skor hakk\u0131nda d\u00fc\u015f\u00fcnm\u00fcyor; kendimiz i\u00e7in, keyif almak i\u00e7in oynuyoruz.\u201d\u00a0 (AA)<\/p>\n","protected":false},"excerpt":{"rendered":"<p>T\u00fcrkiye A Milli Kad\u0131n Voleybol Tak\u0131m\u0131 Kaptan\u0131 Eda Erdem, 2023 CEV Avrupa Kad\u0131nlar Voleybol \u015eampiyonas\u0131 medya g\u00fcn\u00fcnde yapt\u0131\u011f\u0131 a\u00e7\u0131klamada &#8220;Her turnuvan\u0131n kendine \u00f6zel bir hikayesi var, bu y\u0131l da \u00e7ok g\u00fc\u00e7l\u00fc bir tak\u0131m\u0131z, favorilerinden biriyiz&#8221; dedi.<\/p>\n","protected":false},"author":1,"featured_media":121775,"comment_status":"closed","ping_status":"open","sticky":false,"template":"","format":"standard","meta":{"footnotes":""},"categories":[31],"tags":[1973,10693,559,192,7486],"class_list":["post-121774","post","type-post","status-publish","format-standard","has-post-thumbnail","hentry","category-spor","tag-bizim","tag-herkes","tag-italya","tag-takim","tag-yari-final"],"_links":{"self":[{"href":"https:\/\/haberulus.net\/index.php?rest_route=\/wp\/v2\/posts\/121774","targetHints":{"allow":["GET"]}}],"collection":[{"href":"https:\/\/haberulus.net\/index.php?rest_route=\/wp\/v2\/posts"}],"about":[{"href":"https:\/\/haberulus.net\/index.php?rest_route=\/wp\/v2\/types\/post"}],"author":[{"embeddable":true,"href":"https:\/\/haberulus.net\/index.php?rest_route=\/wp\/v2\/users\/1"}],"replies":[{"embeddable":true,"href":"https:\/\/haberulus.net\/index.php?rest_route=%2Fwp%2Fv2%2Fcomments&post=121774"}],"version-history":[{"count":1,"href":"https:\/\/haberulus.net\/index.php?rest_route=\/wp\/v2\/posts\/121774\/revisions"}],"predecessor-version":[{"id":121776,"href":"https:\/\/haberulus.net\/index.php?rest_route=\/wp\/v2\/posts\/121774\/revisions\/121776"}],"wp:featuredmedia":[{"embeddable":true,"href":"https:\/\/haberulus.net\/index.php?rest_route=\/wp\/v2\/media\/121775"}],"wp:attachment":[{"href":"https:\/\/haberulus.net\/index.php?rest_route=%2Fwp%2Fv2%2Fmedia&parent=121774"}],"wp:term":[{"taxonomy":"category","embeddable":true,"href":"https:\/\/haberulus.net\/index.php?rest_route=%2Fwp%2Fv2%2Fcategories&post=121774"},{"taxonomy":"post_tag","embeddable":true,"href":"https:\/\/haberulus.net\/index.php?rest_route=%2Fwp%2Fv2%2Ftags&post=121774"}],"curies":[{"name":"wp","href":"https:\/\/api.w.org\/{rel}","templated":true}]}}