{"id":121786,"date":"2023-08-31T11:51:05","date_gmt":"2023-08-31T11:51:05","guid":{"rendered":"https:\/\/haberulus.net\/?p=121786"},"modified":"2023-08-31T11:51:05","modified_gmt":"2023-08-31T11:51:05","slug":"abden-genisleme-aciklamasi-haziriz","status":"publish","type":"post","link":"https:\/\/haberulus.net\/?p=121786","title":{"rendered":"AB\u2019den geni\u015fleme a\u00e7\u0131klamas\u0131: Haz\u0131r\u0131z"},"content":{"rendered":"<p>Avrupa Birli\u011fi (AB) Komisyonunun geni\u015flemeden sorumlu \u00fcyesi Oliver Varhelyi, Komisyon olarak geni\u015fleme plan\u0131 konusunda teklifler sunmak i\u00e7in haz\u0131r olduklar\u0131n\u0131, 26-27 Ekim\u2019deki AB Liderler Zirvesi\u2019ne tekliflerini sunacaklar\u0131n\u0131 s\u00f6yledi.<\/p>\n<p>Varhelyi, AB \u00fclkelerinin d\u0131\u015fi\u015fleri bakanlar\u0131n\u0131n \u0130spanya\u2019n\u0131n Toledo kentinde d\u00fczenlenen gayriresmi toplant\u0131s\u0131 \u00f6ncesinde AB Komisyonu Ba\u015fkan\u0131 Charles Michel\u2019in \u00f6zellikle Bat\u0131 Balkanlar\u2019\u0131 i\u015faret ederek \u201cAB\u2019nin 2030\u2019a kadar geni\u015fleme i\u00e7in haz\u0131r olmas\u0131 gerekti\u011fi\u201d y\u00f6n\u00fcndeki s\u00f6zlerine ili\u015fkin soruyu yan\u0131tlad\u0131.<\/p>\n<p>Bu s\u00f6zlerin AB \u00fclkelerinin liderlerinin olu\u015fturdu\u011fu Konsey\u2019in bir mesaj\u0131 olmas\u0131 halinde memnuniyet verici oldu\u011funu belirten Varhelyi, \u201cAB Komisyonu, bizi buraya g\u00f6t\u00fcrecek herhangi bir teklifi yapmak i\u00e7in her zaman haz\u0131rd\u0131r.\u201d dedi. 2030 tarihinin belirlenmesini do\u011fru bulup bulmad\u0131\u011f\u0131 sorulan Varhelyi, \u015f\u00f6yle devam etti:<\/p>\n<p>\u201cBence bu tarih meselesi de\u011fil daha \u00e7ok irade ve (y\u00fck\u00fcml\u00fcl\u00fckleri) yerine getirme meselesidir. Hem AB\u2019nin yerine getirmesi hem de Balkanlar\u2019daki ortaklar\u0131m\u0131z\u0131n ve di\u011fer 3 aday \u00fclkenin yerine getirmesidir. AB Komisyonu, buraya (geni\u015fleme) varmak i\u00e7in her teklifi yapmaya haz\u0131rd\u0131r. Bunu ekimde g\u00f6receksiniz. B\u00fcy\u00fcme plan\u0131 dahil olmak \u00fczere ciddi teklifleri ortaya koydu\u011fumuzda bunlar\u0131 g\u00f6receksiniz. Bunlar sadece kurumsal de\u011fil, halklar\u0131n ve ekonomilerin AB\u2019ye ger\u00e7ek entegrasyonunu h\u0131zland\u0131racak.\u201d<\/p>\n<p><strong>AB L\u0130DERLER\u0130 BR\u00dcKSEL\u2019DE TOPLANACAK<\/strong><\/p>\n<p>Hangi \u00fclkelerin ilk olarak AB\u2019ye kat\u0131labilece\u011fi sorulan Varhelyi, \u201cBence gereksinimleri yerine getirenler daha yak\u0131n. Bu nedenle bu \u00fclkelere \u00e7al\u0131\u015fmalar\u0131n\u0131 h\u0131zland\u0131rmalar\u0131 tavsiyesinde bulunuyorum. Ekim ay\u0131nda her \u015fey masada olacak.\u201d diye konu\u015ftu.<\/p>\n<p>AB\u2019nin uzun y\u0131llard\u0131r rafa kald\u0131rd\u0131\u011f\u0131 geni\u015fleme meselesi Ukrayna\u2019daki sava\u015ftan sonra yeniden g\u00fcndeme geldi. AB \u00fclkelerinin liderleri, 26-27 Ekim\u2019de Br\u00fcksel\u2019de d\u00fczenlenecek zirve toplant\u0131s\u0131nda geni\u015fleme konusunu masaya yat\u0131racak.<\/p>\n<p>AB Konseyi Ba\u015fkan\u0131 Charles Michel\u2019in 28 A\u011fustos\u2019ta \u00f6zellikle Bat\u0131 Balkanlar\u2019a de\u011finerek 27 \u00fcyeli AB\u2019nin 2030 y\u0131l\u0131na kadar geni\u015fleme i\u00e7in kendisini haz\u0131rlamas\u0131 gerekti\u011fini s\u00f6ylemesi \u00fczerine geni\u015fleme yeniden Br\u00fcksel\u2019in g\u00fcndem maddelerinden biri oldu.<\/p>\n<p>AB, 2003\u2019te Bat\u0131 Balkanlar\u2019a geni\u015fleme perspektifi sunmu\u015f, 20 y\u0131lda bu konuda ilerleme olmam\u0131\u015ft\u0131. Rusya\u2019n\u0131n sald\u0131r\u0131s\u0131n\u0131n ard\u0131ndan Ukrayna\u2019ya ve kom\u015fu \u00fclke Moldova\u2019ya da Haziran 2022\u2019de \u201caday \u00fclke\u201d stat\u00fcs\u00fc verilmi\u015fti.<\/p>\n<p>Almanya, Fransa, \u0130talya, Hollanda, Bel\u00e7ika ve L\u00fcksemburg taraf\u0131ndan 1951\u2019de Avrupa K\u00f6m\u00fcr ve \u00c7elik Toplulu\u011fu olarak kurulan ve 1957\u2019de Avrupa Ekonomik Toplulu\u011funa d\u00f6n\u00fc\u015fen, daha sonra y\u0131llar i\u00e7inde kat\u0131l\u0131mlarda Avrupa Birli\u011fi halini alan Avrupal\u0131 \u00fclkeler grubunun son geni\u015fleme dalgas\u0131 2004\u2019te 10 \u00fclkenin kat\u0131l\u0131m\u0131yla ya\u015fanm\u0131\u015ft\u0131.<\/p>\n<p>AB\u2019nin tarihindeki en b\u00fcy\u00fck geni\u015fleme dalgas\u0131nda \u00c7ek Cumhuriyeti, Estonya, GKRY, Letonya, Litvanya, Macaristan, Malta, Polonya, Slovakya ve Slovenya, Birli\u011fe kat\u0131lm\u0131\u015ft\u0131. 2007\u2019de, Bulgaristan ve Romanya\u2019n\u0131n kat\u0131l\u0131m\u0131yla AB\u2019nin \u00fcye say\u0131s\u0131 27\u2019ye \u00e7\u0131kt\u0131. 2013 y\u0131l\u0131nda H\u0131rvatistan\u2019\u0131n kat\u0131l\u0131m\u0131yla AB \u00fcye say\u0131s\u0131 28\u2019e ula\u015ft\u0131. \u0130ngiltere\u2019nin 2020\u2019de ayr\u0131lmas\u0131yla say\u0131 27\u2019ye d\u00fc\u015ft\u00fc.<\/p>\n<p>\u015eu anda AB aday\u0131 \u00fclkeler ise Bat\u0131 Balkanlar\u2019dan Arnavutluk, Karada\u011f, Kuzey Makedonya, S\u0131rbistan\u2019\u0131n yan\u0131 s\u0131ra 1999\u2019dan beri T\u00fcrkiye ve 2022\u2019den bu yana Ukrayna ile Moldova. Bosna Hersek, G\u00fcrcistan ve Kosova ise potansiyel aday \u00fclkeleri olu\u015fturuyor. (AA)<\/p>\n","protected":false},"excerpt":{"rendered":"<p>AB Komisyonunun geni\u015flemeden sorumlu \u00fcyesi Oliver Varhelyi, &#8220;Geni\u015fleme plan\u0131 teklifi i\u00e7in haz\u0131r\u0131z&#8221; dedi.<\/p>\n","protected":false},"author":1,"featured_media":121787,"comment_status":"closed","ping_status":"open","sticky":false,"template":"","format":"standard","meta":{"footnotes":""},"categories":[24],"tags":[6790,13823,1597,1515,160],"class_list":["post-121786","post","type-post","status-publish","format-standard","has-post-thumbnail","hentry","category-dunya","tag-abnin","tag-genisleme","tag-hazir","tag-komisyon","tag-ulke"],"_links":{"self":[{"href":"https:\/\/haberulus.net\/index.php?rest_route=\/wp\/v2\/posts\/121786","targetHints":{"allow":["GET"]}}],"collection":[{"href":"https:\/\/haberulus.net\/index.php?rest_route=\/wp\/v2\/posts"}],"about":[{"href":"https:\/\/haberulus.net\/index.php?rest_route=\/wp\/v2\/types\/post"}],"author":[{"embeddable":true,"href":"https:\/\/haberulus.net\/index.php?rest_route=\/wp\/v2\/users\/1"}],"replies":[{"embeddable":true,"href":"https:\/\/haberulus.net\/index.php?rest_route=%2Fwp%2Fv2%2Fcomments&post=121786"}],"version-history":[{"count":1,"href":"https:\/\/haberulus.net\/index.php?rest_route=\/wp\/v2\/posts\/121786\/revisions"}],"predecessor-version":[{"id":121788,"href":"https:\/\/haberulus.net\/index.php?rest_route=\/wp\/v2\/posts\/121786\/revisions\/121788"}],"wp:featuredmedia":[{"embeddable":true,"href":"https:\/\/haberulus.net\/index.php?rest_route=\/wp\/v2\/media\/121787"}],"wp:attachment":[{"href":"https:\/\/haberulus.net\/index.php?rest_route=%2Fwp%2Fv2%2Fmedia&parent=121786"}],"wp:term":[{"taxonomy":"category","embeddable":true,"href":"https:\/\/haberulus.net\/index.php?rest_route=%2Fwp%2Fv2%2Fcategories&post=121786"},{"taxonomy":"post_tag","embeddable":true,"href":"https:\/\/haberulus.net\/index.php?rest_route=%2Fwp%2Fv2%2Ftags&post=121786"}],"curies":[{"name":"wp","href":"https:\/\/api.w.org\/{rel}","templated":true}]}}