{"id":121795,"date":"2023-08-31T12:05:04","date_gmt":"2023-08-31T12:05:04","guid":{"rendered":"https:\/\/haberulus.net\/?p=121795"},"modified":"2023-08-31T12:05:04","modified_gmt":"2023-08-31T12:05:04","slug":"turob-otel-yatirimlarinda-guclu-geri-donus-var","status":"publish","type":"post","link":"https:\/\/haberulus.net\/?p=121795","title":{"rendered":"T\u00dcROB: Otel yat\u0131r\u0131mlar\u0131nda g\u00fc\u00e7l\u00fc geri d\u00f6n\u00fc\u015f var"},"content":{"rendered":"<p>T\u00fcrkiye Otelciler Birli\u011fi (T\u00dcROB) Ba\u015fkan\u0131 M\u00fcberra Eresin, otel yat\u0131r\u0131mlar\u0131nda g\u00fc\u00e7l\u00fc d\u00f6n\u00fc\u015f ya\u015fand\u0131\u011f\u0131n\u0131 ve y\u0131l\u0131n ilk alt\u0131 ay\u0131nda 131 yeni otel projesinin 17 milyar TL\u2019lik yat\u0131r\u0131m te\u015fvikine ba\u011fland\u0131\u011f\u0131n\u0131 s\u00f6yledi.<\/p>\n<p>Yat\u0131r\u0131mlar tamamland\u0131\u011f\u0131nda yakla\u015f\u0131k 7,000 yeni istihdam sa\u011flanmas\u0131n\u0131n \u00f6ng\u00f6r\u00fcld\u00fc\u011f\u00fcn\u00fc belirten Eresin, ayr\u0131ca ilk alt\u0131 ayda 82 otel i\u00e7in 6.1 milyar TL&#8217;lik yenileme ba\u015fvurusu yap\u0131ld\u0131\u011f\u0131n\u0131 ifade etti.<\/p>\n<p>Ocak-haziran d\u00f6neminde yeni yat\u0131r\u0131mlarda \u0130stanbul\u2019un 28, Antalya\u2019n\u0131n ise 18 proje ile ilk iki s\u0131rada yer ald\u0131\u011f\u0131n\u0131 belirten Eresin, \u015f\u00f6yle konu\u015ftu:<\/p>\n<p>\u201cSekt\u00f6rde yap\u0131lan yat\u0131r\u0131mlar\u0131 olumlu de\u011ferlendirmekle birlikte, Antalya ve \u0130stanbul gibi turizm merkezlerinin h\u00e2l\u00e2 en fazla yat\u0131r\u0131m talebi alan yerler olmas\u0131 \u00e7ok tercih etti\u011fimiz bir durum de\u011fil.<\/p>\n<p>Turizmin s\u00fcrd\u00fcr\u00fclebilirli\u011fi a\u00e7\u0131s\u0131ndan yat\u0131r\u0131mlar\u0131n t\u00fcm Anadolu&#8217;ya yay\u0131lmas\u0131 gerekti\u011fi g\u00f6r\u00fc\u015f\u00fcm\u00fcz\u00fc s\u00fcrd\u00fcr\u00fcyoruz ve gerekirse Anadolu&#8217;da yap\u0131lan yat\u0131r\u0131mlar i\u00e7in daha da fazla cazibe olu\u015fturan ekstra te\u015fvikler verilmesi gerekti\u011fi inanc\u0131nday\u0131z\u201d (REUTERS)<\/p>\n","protected":false},"excerpt":{"rendered":"<p>T\u00fcrkiye Otelciler Birli\u011fi (T\u00dcROB) Ba\u015fkan\u0131 M\u00fcberra Eresin, y\u0131l\u0131n ilk alt\u0131 ay\u0131nda 131 yeni otel projesinin 17 milyar TL&#8217;lik yat\u0131r\u0131m te\u015fvikine ba\u011fland\u0131\u011f\u0131n\u0131 a\u00e7\u0131klad\u0131.<\/p>\n","protected":false},"author":1,"featured_media":121796,"comment_status":"closed","ping_status":"open","sticky":false,"template":"","format":"standard","meta":{"footnotes":""},"categories":[25],"tags":[944],"class_list":["post-121795","post","type-post","status-publish","format-standard","has-post-thumbnail","hentry","category-ekonomi","tag-yatirim"],"_links":{"self":[{"href":"https:\/\/haberulus.net\/index.php?rest_route=\/wp\/v2\/posts\/121795","targetHints":{"allow":["GET"]}}],"collection":[{"href":"https:\/\/haberulus.net\/index.php?rest_route=\/wp\/v2\/posts"}],"about":[{"href":"https:\/\/haberulus.net\/index.php?rest_route=\/wp\/v2\/types\/post"}],"author":[{"embeddable":true,"href":"https:\/\/haberulus.net\/index.php?rest_route=\/wp\/v2\/users\/1"}],"replies":[{"embeddable":true,"href":"https:\/\/haberulus.net\/index.php?rest_route=%2Fwp%2Fv2%2Fcomments&post=121795"}],"version-history":[{"count":1,"href":"https:\/\/haberulus.net\/index.php?rest_route=\/wp\/v2\/posts\/121795\/revisions"}],"predecessor-version":[{"id":121797,"href":"https:\/\/haberulus.net\/index.php?rest_route=\/wp\/v2\/posts\/121795\/revisions\/121797"}],"wp:featuredmedia":[{"embeddable":true,"href":"https:\/\/haberulus.net\/index.php?rest_route=\/wp\/v2\/media\/121796"}],"wp:attachment":[{"href":"https:\/\/haberulus.net\/index.php?rest_route=%2Fwp%2Fv2%2Fmedia&parent=121795"}],"wp:term":[{"taxonomy":"category","embeddable":true,"href":"https:\/\/haberulus.net\/index.php?rest_route=%2Fwp%2Fv2%2Fcategories&post=121795"},{"taxonomy":"post_tag","embeddable":true,"href":"https:\/\/haberulus.net\/index.php?rest_route=%2Fwp%2Fv2%2Ftags&post=121795"}],"curies":[{"name":"wp","href":"https:\/\/api.w.org\/{rel}","templated":true}]}}