{"id":121828,"date":"2023-08-31T12:51:05","date_gmt":"2023-08-31T12:51:05","guid":{"rendered":"https:\/\/haberulus.net\/?p=121828"},"modified":"2023-08-31T12:51:05","modified_gmt":"2023-08-31T12:51:05","slug":"arastirma-insanin-ulasabilecegi-maksimum-yas-tespit-edildi","status":"publish","type":"post","link":"https:\/\/haberulus.net\/?p=121828","title":{"rendered":"Ara\u015ft\u0131rma: \u0130nsan\u0131n ula\u015fabilece\u011fi maksimum ya\u015f tespit edildi"},"content":{"rendered":"<p><span>Hollanda\u2019da yap\u0131lan bir ara\u015ft\u0131rmaya g\u00f6re, erkeklerin ve kad\u0131nlar\u0131n makul bir \u015fekilde ne kadar s\u00fcre ya\u015fayabilecekleri tespit edildi.<br \/><\/span><\/p>\n<p><span>Indy100\u2019\u00fcn bildirdi\u011fine g\u00f6re, Tilburg ve Rotterdam\u2019daki Erasmus \u00dcniversitesi\u2019nden elde edilen kesin kan\u0131tlar, insanlardaki ya\u015f s\u0131n\u0131rlar\u0131na ili\u015fkin \u00e7e\u015fitli veriler ortaya koydu.<\/span><\/p>\n<p>Hollanda\u2019daki 75.000 \u00f6l\u00fc insandan al\u0131nan verilere g\u00f6re, kad\u0131nlar\u0131n <span>en fazla 115,7 y\u0131l hayatta kald\u0131\u011f\u0131, erkeklerin ise <\/span><span>114,1 y\u0131l gibi daha az bir s\u00fcre ya\u015fad\u0131\u011f\u0131 tespit edildi.<br \/><\/span><\/p>\n<p><span>Profes\u00f6r John Einmahl adl\u0131 bilim insan\u0131, \u201cOrtalama olarak insanlar daha uzun ya\u015f\u0131yor, ancak aram\u0131zdaki en ya\u015fl\u0131lar son otuz y\u0131lda hi\u00e7 ya\u015flanmad\u0131. Burada kesinlikle bir t\u00fcr duvar var. <\/span><span>Elbette ortalama ya\u015fam s\u00fcresi artt\u0131. Ancak maksimum tavan de\u011fi\u015fmedi.\u201d dedi.<\/span><\/p>\n<p><span>Bilim insanlar\u0131 art\u0131k 90\u2019larda bir duraklama oldu\u011fu konusunda hemfikir; bu da 100\u2019\u00fc ge\u00e7ebilenlerin, ortalama ya\u015fam s\u00fcresi olarak kabul edilen s\u00fcrenin \u00e7ok \u00f6tesinde bir ilerleme kaydettikleri anlam\u0131na geliyor.<\/span><\/p>\n<p><span>Resmi verilere g\u00f6re, ya\u015fayan en ya\u015fl\u0131 ki\u015fi d\u00fcnya rekorunun sahibi, 1875\u2019te do\u011fdu ve 1997 y\u0131l\u0131nda 122 ya\u015f\u0131nda ya\u015fama veda etti.<\/span><\/p>\n","protected":false},"excerpt":{"rendered":"<p>Bilim insanlar\u0131, erkeklerin ve kad\u0131nlar\u0131n ya\u015fayabilece\u011fi maksimum ya\u015f\u0131 art\u0131k kesin olarak belirleyebiliyor.<\/p>\n","protected":false},"author":1,"featured_media":121829,"comment_status":"closed","ping_status":"open","sticky":false,"template":"","format":"standard","meta":{"footnotes":""},"categories":[30],"tags":[86,556],"class_list":["post-121828","post","type-post","status-publish","format-standard","has-post-thumbnail","hentry","category-saglik","tag-sure","tag-yas"],"_links":{"self":[{"href":"https:\/\/haberulus.net\/index.php?rest_route=\/wp\/v2\/posts\/121828","targetHints":{"allow":["GET"]}}],"collection":[{"href":"https:\/\/haberulus.net\/index.php?rest_route=\/wp\/v2\/posts"}],"about":[{"href":"https:\/\/haberulus.net\/index.php?rest_route=\/wp\/v2\/types\/post"}],"author":[{"embeddable":true,"href":"https:\/\/haberulus.net\/index.php?rest_route=\/wp\/v2\/users\/1"}],"replies":[{"embeddable":true,"href":"https:\/\/haberulus.net\/index.php?rest_route=%2Fwp%2Fv2%2Fcomments&post=121828"}],"version-history":[{"count":1,"href":"https:\/\/haberulus.net\/index.php?rest_route=\/wp\/v2\/posts\/121828\/revisions"}],"predecessor-version":[{"id":121830,"href":"https:\/\/haberulus.net\/index.php?rest_route=\/wp\/v2\/posts\/121828\/revisions\/121830"}],"wp:featuredmedia":[{"embeddable":true,"href":"https:\/\/haberulus.net\/index.php?rest_route=\/wp\/v2\/media\/121829"}],"wp:attachment":[{"href":"https:\/\/haberulus.net\/index.php?rest_route=%2Fwp%2Fv2%2Fmedia&parent=121828"}],"wp:term":[{"taxonomy":"category","embeddable":true,"href":"https:\/\/haberulus.net\/index.php?rest_route=%2Fwp%2Fv2%2Fcategories&post=121828"},{"taxonomy":"post_tag","embeddable":true,"href":"https:\/\/haberulus.net\/index.php?rest_route=%2Fwp%2Fv2%2Ftags&post=121828"}],"curies":[{"name":"wp","href":"https:\/\/api.w.org\/{rel}","templated":true}]}}