{"id":121843,"date":"2023-08-31T13:05:09","date_gmt":"2023-08-31T13:05:09","guid":{"rendered":"https:\/\/haberulus.net\/?p=121843"},"modified":"2023-08-31T13:05:09","modified_gmt":"2023-08-31T13:05:09","slug":"gabonda-askeri-darbe-sonrasi-askerler-tarafindan-yeni-baskan-olarak-atanan-gen-nguema-askerler-ve-vatandaslar-tarafindan-omuzlarda-tasind","status":"publish","type":"post","link":"https:\/\/haberulus.net\/?p=121843","title":{"rendered":"Gabon&#8217;da askeri darbe sonras\u0131 askerler taraf\u0131ndan yeni ba\u015fkan olarak atanan Gen Nguema askerler ve vatanda\u015flar taraf\u0131ndan omuzlarda ta\u015f\u0131nd"},"content":{"rendered":"<p>Askeri darbe sonras\u0131 Generaller taraf\u0131ndan \u00fclkenin yeni lideri olarak atanan Gen Nguema, ba\u015fkent Libreville caddelerinde vatanda\u015flar ve di\u011fer askerler taraf\u0131ndan omuzlarda ta\u015f\u0131nd\u0131. <\/p>\n<p><img decoding=\"async\" src=\"https:\/\/i.hbrcdn.com\/haber\/2023\/08\/31\/gabon-da-askeri-darbe-sonrasi-askerler-tarafindan-16280794_5989_m.jpg\" alt=\"\" title=\"\"><\/p>\n<p>Devrik Ba\u015fkan Ali Bongo, evinde bir videoda g\u00f6r\u00fcnerek, &#8220;t\u00fcm d\u00fcnyadaki dostlar\u0131na&#8221; kendi ad\u0131na &#8220;ses \u00e7\u0131karmalar\u0131n\u0131&#8221; \u00e7a\u011f\u0131r\u0131s\u0131nda bulundu. <\/p>\n<p>Askeri darbe Ali Bongo&#8217;nun ailesinin 55 y\u0131ll\u0131k iktidar\u0131n\u0131 sona erdi. <\/p>\n<p>Askerler, ge\u00e7en Cumartesi g\u00fcn\u00fc yap\u0131lan se\u00e7imi Ali Bongo iktidar\u0131n\u0131n hile ile kazand\u0131\u011f\u0131n\u0131 s\u00f6yleyerek  <strong>se\u00e7im<\/strong> sonu\u00e7lar\u0131n\u0131n ge\u00e7ersiz oldu\u011funu a\u00e7\u0131klad\u0131. <\/p>\n<p><img decoding=\"async\" src=\"https:\/\/i.hbrcdn.com\/haber\/2023\/08\/31\/gabon-da-askeri-darbe-sonrasi-askerler-tarafindan-16280794_6436_m.jpg\" alt=\"\" title=\"\"><\/p>\n<p>Askerler,ayr\u0131ca Bongo&#8217;nun o\u011fullar\u0131ndan birini vatana ihanet su\u00e7lamas\u0131yla tutuklad\u0131klar\u0131n\u0131 s\u00f6ylediler.<\/p>\n<p>Generaller, ge\u00e7i\u015fi kimin y\u00f6netece\u011fini g\u00f6r\u00fc\u015fmek i\u00e7inbir araya geldi ve oy birli\u011fiyle eski cumhurba\u015fkanl\u0131\u011f\u0131 muhaf\u0131zlar\u0131 \u015fefi Gen Nguema&#8217;y\u0131 atamay\u0131 karar\u0131n\u0131 verdiler.<\/p>\n<p>Gen Nguema, Le Monde gazetesine verdi\u011fi deme\u00e7te, Gabonlular\u0131n Ali Bongo&#8217;nun y\u00f6netiminden b\u0131kt\u0131\u011f\u0131n\u0131 ve \u00fc\u00e7\u00fcnc\u00fc kez aday olmamas\u0131 gerekti\u011fini s\u00f6yledi.<\/p>\n<p>&#8220;Herkes bundan bahsediyor ama kimse sorumluluk alm\u0131yor&#8221; dedi. &#8220;Bu y\u00fczden ordu yeni bir sayfa a\u00e7maya karar verdi.&#8221;<\/p>\n<p>Libreville ve ba\u015fka yerlerdeki kalabal\u0131klar ordunun a\u00e7\u0131klamas\u0131n\u0131 kutlad\u0131.<\/p>\n<p>Ancak darbe, BM, Afrika Birli\u011fi ve Bongo ailesine yak\u0131n ba\u011flar\u0131 olan Fransa taraf\u0131ndan k\u0131nand\u0131.<\/p>\n","protected":false},"excerpt":{"rendered":"<p>Askeri darbenin ard\u0131ndan Generaller taraf\u0131ndan \u00fclkenin yeni lideri olarak atanan Gen Nguema, Libreville sokaklar\u0131nda omuzlarda ta\u015f\u0131nd\u0131. Devrik Ba\u015fkan Ali Bongo, \u00e7a\u011fr\u0131da bulunarak destek istedi.<\/p>\n","protected":false},"author":1,"featured_media":121844,"comment_status":"closed","ping_status":"open","sticky":false,"template":"","format":"standard","meta":{"footnotes":""},"categories":[28],"tags":[13924,295],"class_list":["post-121843","post","type-post","status-publish","format-standard","has-post-thumbnail","hentry","category-politika","tag-bongo","tag-gen"],"_links":{"self":[{"href":"https:\/\/haberulus.net\/index.php?rest_route=\/wp\/v2\/posts\/121843","targetHints":{"allow":["GET"]}}],"collection":[{"href":"https:\/\/haberulus.net\/index.php?rest_route=\/wp\/v2\/posts"}],"about":[{"href":"https:\/\/haberulus.net\/index.php?rest_route=\/wp\/v2\/types\/post"}],"author":[{"embeddable":true,"href":"https:\/\/haberulus.net\/index.php?rest_route=\/wp\/v2\/users\/1"}],"replies":[{"embeddable":true,"href":"https:\/\/haberulus.net\/index.php?rest_route=%2Fwp%2Fv2%2Fcomments&post=121843"}],"version-history":[{"count":1,"href":"https:\/\/haberulus.net\/index.php?rest_route=\/wp\/v2\/posts\/121843\/revisions"}],"predecessor-version":[{"id":121845,"href":"https:\/\/haberulus.net\/index.php?rest_route=\/wp\/v2\/posts\/121843\/revisions\/121845"}],"wp:featuredmedia":[{"embeddable":true,"href":"https:\/\/haberulus.net\/index.php?rest_route=\/wp\/v2\/media\/121844"}],"wp:attachment":[{"href":"https:\/\/haberulus.net\/index.php?rest_route=%2Fwp%2Fv2%2Fmedia&parent=121843"}],"wp:term":[{"taxonomy":"category","embeddable":true,"href":"https:\/\/haberulus.net\/index.php?rest_route=%2Fwp%2Fv2%2Fcategories&post=121843"},{"taxonomy":"post_tag","embeddable":true,"href":"https:\/\/haberulus.net\/index.php?rest_route=%2Fwp%2Fv2%2Ftags&post=121843"}],"curies":[{"name":"wp","href":"https:\/\/api.w.org\/{rel}","templated":true}]}}