{"id":121846,"date":"2023-08-31T13:05:10","date_gmt":"2023-08-31T13:05:10","guid":{"rendered":"https:\/\/haberulus.net\/?p=121846"},"modified":"2023-08-31T13:05:10","modified_gmt":"2023-08-31T13:05:10","slug":"bbp-genel-baskani-mustafa-destici-memur-ve-memur-emeklilerinin-zamlarina-iliskin-hukumetten-yeni-bir-teklif-bekliyor","status":"publish","type":"post","link":"https:\/\/haberulus.net\/?p=121846","title":{"rendered":"BBP Genel Ba\u015fkan\u0131 Mustafa Destici, memur ve memur emeklilerinin zamlar\u0131na ili\u015fkin h\u00fck\u00fcmetten yeni bir teklif bekliyor"},"content":{"rendered":"<p> <strong>B\u00fcy\u00fck Birlik Partisi<\/strong> (BBP) Genel Ba\u015fkan\u0131 Mustafa Destici, memur ve memur emeklilerinin 2024-2025 y\u0131l\u0131 zamlar\u0131na ili\u015fkin h\u00fck\u00fcmetin yeni bir \u00e7al\u0131\u015fma yaparak, &#8220;en az tahmini enflasyon rakamlar\u0131n\u0131n \u00fczerinde bir teklif sunmas\u0131&#8221; y\u00f6n\u00fcndeki g\u00f6r\u00fc\u015f\u00fcn\u00fc ifade etti.<\/p>\n<p>BBP&#8217;den yap\u0131lan yaz\u0131l\u0131 a\u00e7\u0131klamaya g\u00f6re Destici, Kamu G\u00f6revlileri Hakem Kurulunun, 7. D\u00f6nem Kamu Toplu S\u00f6zle\u015fmesi&#8217;ne ili\u015fkin karar\u0131n\u0131 de\u011ferlendirdi.<\/p>\n<p>Kurulun karar\u0131n\u0131n, memur ve memur emeklilerinin talep ve beklentilerini kar\u015f\u0131lamaktan uzak kald\u0131\u011f\u0131n\u0131, belirlenen zam oranlar\u0131n\u0131n, Merkez Bankas\u0131n\u0131n tahmini enflasyon beklentisi rakamlar\u0131n\u0131n dahi alt\u0131nda oldu\u011funu anlatan Destici, &#8220;Temennimiz h\u00fck\u00fcmetimizin yeni bir \u00e7al\u0131\u015fma yaparak en az tahmini enflasyon rakamlar\u0131n\u0131n \u00fczerinde, \u00e7al\u0131\u015fan ve emeklilerimizi tatmin edecek bir teklif sunmas\u0131d\u0131r.&#8221; ifadelerini kulland\u0131.<\/p>\n<div>Kaynak: AA \/  Neriman Senanur Torun &#8211;  Politika <\/div>\n","protected":false},"excerpt":{"rendered":"<p>BBP Genel Ba\u015fkan\u0131 Mustafa Destici, Kamu G\u00f6revlileri Hakem Kurulu&#8217;nun memur ve memur emeklilerinin taleplerini kar\u015f\u0131lamad\u0131\u011f\u0131n\u0131 belirterek, h\u00fck\u00fcmetin en az tahmini enflasyon rakamlar\u0131n\u0131n \u00fczerinde bir teklif sunmas\u0131n\u0131 istedi.<\/p>\n","protected":false},"author":1,"featured_media":121847,"comment_status":"closed","ping_status":"open","sticky":false,"template":"","format":"standard","meta":{"footnotes":""},"categories":[28],"tags":[],"class_list":["post-121846","post","type-post","status-publish","format-standard","has-post-thumbnail","hentry","category-politika"],"_links":{"self":[{"href":"https:\/\/haberulus.net\/index.php?rest_route=\/wp\/v2\/posts\/121846","targetHints":{"allow":["GET"]}}],"collection":[{"href":"https:\/\/haberulus.net\/index.php?rest_route=\/wp\/v2\/posts"}],"about":[{"href":"https:\/\/haberulus.net\/index.php?rest_route=\/wp\/v2\/types\/post"}],"author":[{"embeddable":true,"href":"https:\/\/haberulus.net\/index.php?rest_route=\/wp\/v2\/users\/1"}],"replies":[{"embeddable":true,"href":"https:\/\/haberulus.net\/index.php?rest_route=%2Fwp%2Fv2%2Fcomments&post=121846"}],"version-history":[{"count":1,"href":"https:\/\/haberulus.net\/index.php?rest_route=\/wp\/v2\/posts\/121846\/revisions"}],"predecessor-version":[{"id":121848,"href":"https:\/\/haberulus.net\/index.php?rest_route=\/wp\/v2\/posts\/121846\/revisions\/121848"}],"wp:featuredmedia":[{"embeddable":true,"href":"https:\/\/haberulus.net\/index.php?rest_route=\/wp\/v2\/media\/121847"}],"wp:attachment":[{"href":"https:\/\/haberulus.net\/index.php?rest_route=%2Fwp%2Fv2%2Fmedia&parent=121846"}],"wp:term":[{"taxonomy":"category","embeddable":true,"href":"https:\/\/haberulus.net\/index.php?rest_route=%2Fwp%2Fv2%2Fcategories&post=121846"},{"taxonomy":"post_tag","embeddable":true,"href":"https:\/\/haberulus.net\/index.php?rest_route=%2Fwp%2Fv2%2Ftags&post=121846"}],"curies":[{"name":"wp","href":"https:\/\/api.w.org\/{rel}","templated":true}]}}