{"id":121849,"date":"2023-08-31T13:05:11","date_gmt":"2023-08-31T13:05:11","guid":{"rendered":"https:\/\/haberulus.net\/?p=121849"},"modified":"2023-08-31T13:05:11","modified_gmt":"2023-08-31T13:05:11","slug":"bakan-isikhandan-memur-zammina-ilk-yorum-calisanlarimizi-enflasyon-karsisinda-korumaya-devam-edecegiz","status":"publish","type":"post","link":"https:\/\/haberulus.net\/?p=121849","title":{"rendered":"Bakan I\u015f\u0131khan&#8217;dan memur zamm\u0131na ilk yorum: \u00c7al\u0131\u015fanlar\u0131m\u0131z\u0131 enflasyon kar\u015f\u0131s\u0131nda korumaya devam edece\u011fiz"},"content":{"rendered":"<p>\u00c7al\u0131\u015fma ve Sosyal G\u00fcvenlik Bakan\u0131 Vedat I\u015f\u0131khan, sosyal medya hesab\u0131ndan yapt\u0131\u011f\u0131 payla\u015f\u0131mda, Kamu G\u00f6revlileri Hakem Kurulunun, 7. D\u00f6nem Kamu Toplu S\u00f6zle\u015fmesi&#8217;ne ili\u015fkin karar\u0131n\u0131 de\u011ferlendirdi. Toplu s\u00f6zle\u015fmede \u00f6nemli kazan\u0131mlara imza at\u0131ld\u0131\u011f\u0131n\u0131 belirten Bakan I\u015f\u0131kan, &#8220;Sosyal devlet anlay\u0131\u015f\u0131m\u0131zla \u00e7al\u0131\u015fanlar\u0131m\u0131z\u0131 enflasyon kar\u015f\u0131s\u0131nda korumaya devam edece\u011fiz.&#8221; dedi. <\/p>\n<p><b>&#8220;50 MADDE AYNI \u015eEK\u0130LDE KABUL ED\u0130LD\u0130&#8221;<\/b><\/p>\n<p>Kurulun, memur ve memur emeklilerinin 2024 ve 2025 y\u0131llar\u0131ndaki mali ve sosyal haklar\u0131n\u0131 belirleyen toplu s\u00f6zle\u015fme kapsam\u0131nda 2024 y\u0131l\u0131 i\u00e7in y\u00fczde 15+10, 2025 y\u0131l\u0131 i\u00e7in y\u00fczde 6+5 zam oran\u0131 \u00fczerinde karar k\u0131ld\u0131\u011f\u0131n\u0131 an\u0131msatan I\u015f\u0131khan \u015funlar\u0131 kaydetti:<\/p>\n<p>&#8220;\u00d6zellikle kamu g\u00f6revlilerimiz ad\u0131na talep edilen 50 maddenin ayn\u0131 \u015fekilde kabul\u00fc ve di\u011fer sosyal haklar hususunda da \u00f6nemli kazan\u0131mlara imza att\u0131\u011f\u0131m\u0131z toplu s\u00f6zle\u015fmemizin, ba\u015fta kamu \u00e7al\u0131\u015fanlar\u0131m\u0131z, kamu emeklilerimiz ve aileleri olmak \u00fczere \u00e7al\u0131\u015fma hayat\u0131m\u0131z\u0131n t\u00fcm payda\u015flar\u0131na hay\u0131rl\u0131 olmas\u0131n\u0131 diliyorum.<\/p>\n<p><b>&#8220;EME\u011e\u0130 GE\u00c7ENLERE TE\u015eEKK\u00dcR ED\u0130YORUM&#8221;<\/b><\/p>\n<p>S\u00fcreci kar\u015f\u0131l\u0131kl\u0131 anlay\u0131\u015f, isti\u015fare ve nezaket ilkelerimiz \u00e7er\u00e7evesinde y\u00fcr\u00fcten konfederasyonlar\u0131m\u0131z ve genel yetkili sendikalar\u0131m\u0131za, emek veren t\u00fcm komisyonlara ve m\u00fczakere heyetlerine te\u015fekk\u00fcr ediyorum. Sosyal devlet anlay\u0131\u015f\u0131m\u0131zla \u00e7al\u0131\u015fanlar\u0131m\u0131z\u0131 enflasyon kar\u015f\u0131s\u0131nda korumaya devam edece\u011fiz.&#8221;<\/p>\n<p><b>\u0130\u015fte o payla\u015f\u0131m: <\/b><\/p>\n<p><img decoding=\"async\" src=\"https:\/\/i.hbrcdn.com\/haber\/2023\/08\/31\/bakan-isikhan-dan-memur-zammina-ilk-yorum-16281011_7168_m.jpg\" alt=\"\" title=\"\"><\/p>\n","protected":false},"excerpt":{"rendered":"<p>\u00c7al\u0131\u015fma ve Sosyal G\u00fcvenlik Bakan\u0131 Vedat I\u015f\u0131khan, memur ve memur emeklisine yap\u0131lan zamma ili\u015fkin bir de\u011ferlendirme yapt\u0131. Kamu g\u00f6revlileri ad\u0131na talep edilen 50 maddenin ayn\u0131 \u015fekilde kabul edildi\u011fini belirten I\u015f\u0131khan, &#8220;Sosyal devlet anlay\u0131\u015f\u0131m\u0131zla \u00e7al\u0131\u015fanlar\u0131m\u0131z\u0131 enflasyon kar\u015f\u0131s\u0131nda korumaya devam edece\u011fiz.&#8221; dedi.<\/p>\n","protected":false},"author":1,"featured_media":121850,"comment_status":"closed","ping_status":"open","sticky":false,"template":"","format":"standard","meta":{"footnotes":""},"categories":[28],"tags":[634,2349],"class_list":["post-121849","post","type-post","status-publish","format-standard","has-post-thumbnail","hentry","category-politika","tag-kamu","tag-sosyal"],"_links":{"self":[{"href":"https:\/\/haberulus.net\/index.php?rest_route=\/wp\/v2\/posts\/121849","targetHints":{"allow":["GET"]}}],"collection":[{"href":"https:\/\/haberulus.net\/index.php?rest_route=\/wp\/v2\/posts"}],"about":[{"href":"https:\/\/haberulus.net\/index.php?rest_route=\/wp\/v2\/types\/post"}],"author":[{"embeddable":true,"href":"https:\/\/haberulus.net\/index.php?rest_route=\/wp\/v2\/users\/1"}],"replies":[{"embeddable":true,"href":"https:\/\/haberulus.net\/index.php?rest_route=%2Fwp%2Fv2%2Fcomments&post=121849"}],"version-history":[{"count":1,"href":"https:\/\/haberulus.net\/index.php?rest_route=\/wp\/v2\/posts\/121849\/revisions"}],"predecessor-version":[{"id":121851,"href":"https:\/\/haberulus.net\/index.php?rest_route=\/wp\/v2\/posts\/121849\/revisions\/121851"}],"wp:featuredmedia":[{"embeddable":true,"href":"https:\/\/haberulus.net\/index.php?rest_route=\/wp\/v2\/media\/121850"}],"wp:attachment":[{"href":"https:\/\/haberulus.net\/index.php?rest_route=%2Fwp%2Fv2%2Fmedia&parent=121849"}],"wp:term":[{"taxonomy":"category","embeddable":true,"href":"https:\/\/haberulus.net\/index.php?rest_route=%2Fwp%2Fv2%2Fcategories&post=121849"},{"taxonomy":"post_tag","embeddable":true,"href":"https:\/\/haberulus.net\/index.php?rest_route=%2Fwp%2Fv2%2Ftags&post=121849"}],"curies":[{"name":"wp","href":"https:\/\/api.w.org\/{rel}","templated":true}]}}