{"id":121858,"date":"2023-08-31T13:05:13","date_gmt":"2023-08-31T13:05:13","guid":{"rendered":"https:\/\/haberulus.net\/?p=121858"},"modified":"2023-08-31T13:05:13","modified_gmt":"2023-08-31T13:05:13","slug":"nenad-bjelica-gundem-olan-aciklamalari-hakkinda-konustu","status":"publish","type":"post","link":"https:\/\/haberulus.net\/?p=121858","title":{"rendered":"Nenad Bjelica g\u00fcndem olan a\u00e7\u0131klamalar\u0131 hakk\u0131nda konu\u015ftu"},"content":{"rendered":"<p>Trabzonspor Teknik Direkt\u00f6r\u00fc Nenad Bjelica, yar\u0131n oynanacak Kas\u0131mpa\u015fa ma\u00e7\u0131 \u00f6ncesi bas\u0131n toplant\u0131s\u0131 d\u00fczenledi.<\/p>\n<p>Ge\u00e7en hafta oynanan \u00c7aykur Rizespor ma\u00e7\u0131 sonras\u0131 futbolculara ve tak\u0131ma y\u00f6nelik a\u00e7\u0131klamalar\u0131yla g\u00fcndem olan H\u0131rvat hoca, s\u00f6zlerine a\u00e7\u0131kl\u0131k getirdi. Aylard\u0131r beklenen Petkovic transferinin ger\u00e7ekle\u015fmedi\u011fi i\u00e7in gergin oldu\u011funu ve ma\u00e7ta dikkatinin da\u011f\u0131ld\u0131\u011f\u0131n\u0131 s\u00f6yleyen Bjelica, tak\u0131mda sorunlar\u0131 hal\u0131 alt\u0131na s\u00fcp\u00fcrmeden h\u0131zl\u0131ca \u00e7\u00f6zme taraftar\u0131 oldu\u011funu da ifade etti.<\/p>\n<p><b>\u201cUMUT OYNAMAMI\u015eKEN ELE\u015eT\u0130R\u0130LER GELD\u0130\u201d<\/b><\/p>\n<p>Slovenya kamp\u0131nda futbolcular\u0131 toplumun \u00f6n\u00fcne at\u0131lmamas\u0131 konusunda sorumlulu\u011fun teknik direkt\u00f6rlere ait oldu\u011funa y\u00f6nelik a\u00e7\u0131klamalar\u0131 hat\u0131rlat\u0131lan Bjelica, \u201cTavr\u0131m oyuncular\u0131n \u00e7o\u011funa kar\u015f\u0131 asl\u0131nda de\u011fi\u015fmedi. Umut Bozok, hen\u00fcz oynamaya ba\u015flamam\u0131\u015fken ve 8 ma\u00e7l\u0131k s\u00fcre\u00e7te bize yard\u0131mc\u0131 olmas\u0131na ra\u011fmen hemen ele\u015ftiriler gelmeye ba\u015flam\u0131\u015ft\u0131. Bunu oyuncumu savunmak i\u00e7in yapm\u0131\u015ft\u0131m. Oyuncuya hata yapma \u015fans\u0131 dahi b\u0131rak\u0131lmay\u0131nca oyuncunun \u00f6zg\u00fcvensiz oynamas\u0131na sebep oluyorsunuz. Bu ele\u015ftirileri toparlayabilmek i\u00e7in elimizden geleni yap\u0131yoruz. Enis ve Umut elimizdeki santrforlar, ikisini de haz\u0131rlamaya \u00e7al\u0131\u015f\u0131yoruz. Ele\u015ftiriler sonucunda oyuncular elindekini veremeyince tak\u0131m\u0131m\u0131z s\u0131k\u0131nt\u0131 ya\u015f\u0131yor\u201d diye konu\u015ftu.<\/p>\n<p><b>\u201cB\u0130RKA\u00c7 OYUNCU DE\u011e\u0130L, TAKIMA Y\u00d6NEL\u0130KT\u0130\u201d<\/b><\/p>\n<p>Sorunlar kar\u015f\u0131s\u0131nda sorumluluktan ka\u00e7mad\u0131\u011f\u0131n\u0131 s\u00f6yleyen Bjelica, \u201c16 y\u0131ll\u0131k antren\u00f6rl\u00fck hayat\u0131mda hi\u00e7bir konu\u015fmamda bir oyuncunun ismini vererek, su\u00e7u birine y\u00fckleyecek konu\u015fmam olmam\u0131\u015ft\u0131r. Hep \u015funu d\u00fc\u015f\u00fcn\u00fcr\u00fcm, kazan\u0131nca beraber kazan\u0131r, kaybedince beraber kaybedersiniz. Tutum olarak hep bunu g\u00f6sterdim. Toplant\u0131da bir ya da birka\u00e7 oyuncu de\u011fil, tak\u0131m\u0131n g\u00f6sterdi\u011fi davran\u0131\u015f ve tutumdu. Tak\u0131m\u0131n ma\u00e7ta g\u00f6sterdi\u011fi tutum idmanlar\u0131 genel davran\u0131\u015f\u0131ndan daha iyi olsa bile bunu oyunculara iletmi\u015ftim. Bir veya birka\u00e7 oyuncuya y\u00f6nelik de\u011fil tak\u0131m\u0131n genel tutumuna y\u00f6nelikti. Ma\u00e7lardan sonra ilk \u00f6nce kendimi sorgular\u0131m, bunda pay\u0131m nedir ve daha iyi ne yapabilirim diye\u201d ifadelerini kulland\u0131.<\/p>\n<p><b>\u201cODAK NOKTAM PETKOVIC TRANSFER\u0130NE KAYDI\u201d<\/b><\/p>\n<p>Bruno Petkovic\u2019in transferinin olumsuz sonu\u00e7lanmas\u0131 nedeniyle dikkatinin da\u011f\u0131lmas\u0131n\u0131n ma\u00e7a olumsuz yans\u0131d\u0131\u011f\u0131n\u0131 a\u00e7\u0131klayan Bjelica \u015f\u00f6yle konu\u015ftu:<\/p>\n<p>\u201cRizespor ma\u00e7\u0131nda yine ma\u00e7tan sonra sorgulad\u0131\u011f\u0131m ilk ki\u015fi kendim oldu. Bu ma\u00e7ta tak\u0131m\u0131n disiplin ve odaklanman\u0131n eksik oldu\u011funu s\u00f6yleyebilirsiniz. Kendimi hi\u00e7bir kaybedi\u015fte asla soyutlayan birisi olmad\u0131m. B\u00fct\u00fcn sorumlulu\u011fun bende oldu\u011funun bilincindeyim. Ben de hata yapm\u0131\u015f olabilirim. \u00c7\u00fcnk\u00fc ma\u00e7tan 3 g\u00fcn \u00f6nce bir oyuncuyu tak\u0131ma katmak istedi\u011fim i\u00e7in belki odak noktam bu transfere kaym\u0131\u015f olabilir. Asla hi\u00e7bir hatamda kendimi soyutlamad\u0131m burada da hata varsa en b\u00fcy\u00fck sorumluluk benim. Burada bahsetti\u011fim oyuncu Petkovic\u2019ti. Hem taraftar hem de biz \u00e7ok istiyorduk ama maalesef ger\u00e7ekle\u015ftiremedik. O sinirli ruh halinde her \u015fey etkileniyor.\u201d<\/p>\n<p><b>\u201cPETKOVIC AVRUPA\u2019DAN B\u0130R TAKIMLA ANLA\u015eMA \u00dcZERE\u201d<\/b><\/p>\n<p>Dinamo Zagreb\u2019de ya\u015fanan teknik adam de\u011fi\u015fikli\u011finin Petkovic transferinin ger\u00e7ekle\u015fmesine engel oldu\u011funu s\u00f6zlerine ekleyen Bjelica, \u201cAntren\u00f6r de\u011fi\u015fimi Petkovic transferini etkiledi. Yeni gelen hocas\u0131 Petkovic\u2019i \u00f6nceki antren\u00f6r\u00fcne g\u00f6re daha de\u011ferli bir oyuncu olarak g\u00f6r\u00fcyor. Ben de Petkovic\u2019i \u00f6yle g\u00f6r\u00fcyorum. Yeni hocas\u0131 tak\u0131m kaptanl\u0131\u011f\u0131n\u0131 ona verdi. Fiyat birden \u00e7ok y\u00fckseldi, bir anda \u00e7ok y\u00fcksek rakamlara \u00e7\u0131kt\u0131. Baz\u0131 durumlar\u0131 bitiremiyorsunuz. Petkovic\u2019in \u015fu an s\u00f6zle\u015fmesini yenilemedi\u011fi Avrupa\u2019dan bir tak\u0131mla anla\u015fmak \u00fczere oldu\u011fu bilgisi var\u201d dedi.<\/p>\n<p><b>\u201c\u0130\u00c7ERDE KAYBETT\u0130\u011e\u0130M\u0130Z MA\u00c7 YIKIM OLDU\u201d<\/b><\/p>\n<p>\u0130yi bir tak\u0131m olma yolunda \u00e7al\u0131\u015ft\u0131klar\u0131n\u0131 belirten Bjelica, \u201c\u0130\u00e7erde kaybetti\u011fimiz ma\u00e7 bizim i\u00e7in y\u0131k\u0131m oldu ve sahada tak\u0131m olarak g\u00f6rmedi\u011fimi ifade etmi\u015ftim. Tak\u0131m olu\u015fturabilmek bir s\u00fcre\u00e7 gerektiriyor. Cuma g\u00fcn\u00fc oynayaca\u011f\u0131m\u0131z ma\u00e7la birlikte herkese biz tak\u0131m olabiliriz, \u00e7ok iyi tak\u0131m olma yolunday\u0131z, arkada\u015fl\u0131\u011f\u0131 sa\u011flad\u0131k mesaj\u0131 vermek istiyoruz. Mehmet, G\u00f6ktan, Enis gibi oyuncular tak\u0131mda yer bulacak ve ellerinden gelenin en iyisini yapmaya \u00e7al\u0131\u015facaklar ama bunlar i\u00e7in zamana ihtiya\u00e7 var\u201d \u015feklinde konu\u015ftu.<\/p>\n<p><b>\u201c45 OYUNCUYLA KAMP YAPMAMI BEKLEMEY\u0130N\u201d<\/b><\/p>\n<p>Altyap\u0131 oyuncular\u0131n\u0131n \u00f6nemli k\u0131sm\u0131na Slovenya kamp\u0131nda \u015fans verdi\u011fini hat\u0131rlatan Bjelica, \u201cSezon \u00f6ncesi 34 oyuncuyla kamp yapt\u0131k. Kerem, Hakan, Emirhan, G\u00f6ktan, Abdurrahman ve bunlar gibi bir\u00e7ok gen\u00e7 ismi aram\u0131za katt\u0131k. Ba\u015fka tak\u0131mlar\u0131 de\u011ferlendirirsek, Fenerbah\u00e7e veya di\u011fer tak\u0131mlar\u0131n kamp\u0131nda ka\u00e7 tane gen\u00e7 oyuncu vard\u0131 ? 45 oyuncuyla kamp yapmam\u0131 bekleyemezsiniz\u201d dedi.<\/p>\n<p>Oyuncularla aras\u0131nda ileti\u015fim problemi olmad\u0131\u011f\u0131n\u0131 ve sorunlar\u0131 hemen \u00e7\u00f6zmeye \u00e7al\u0131\u015ft\u0131\u011f\u0131n\u0131 savunan H\u0131rvat hoca, \u015f\u00f6yle konu\u015ftu:<\/p>\n<p>\u201cOyunculara aram\u0131zda asla ileti\u015fim s\u0131k\u0131nt\u0131s\u0131 oldu\u011funu d\u00fc\u015f\u00fcnm\u00fcyorum. G\u00fcn\u00fcn sonunda siz antren\u00f6rs\u00fcn\u00fcz, onlar oyuncular ve herkes g\u00f6revini en iyi \u015fekilde yapmak zorunda. Odam\u0131n kap\u0131s\u0131 her zaman a\u00e7\u0131kt\u0131r. Oyuncular\u0131n istedikleri bir \u015fey veya yard\u0131mc\u0131 olabilece\u011fim en ufak bir konu varsa konu\u015fabiliriz. Ufak bir problem oldu\u011funda dahi hemen \u00e7\u00f6z\u00fclmesi taraftar\u0131y\u0131m. Buras\u0131 ad\u0131na yeni bir \u015fey olabilir belki, sorunlar\u0131n hal\u0131 alt\u0131na s\u00fcp\u00fcr\u00fclmesi. Konu\u015fulmas\u0131 gereken durum varsa asla hal\u0131n\u0131n alt\u0131na s\u00fcp\u00fcrmeden konu\u015fulup hemen \u00e7\u00f6z\u00fclmesi taraftar\u0131y\u0131m. Bazen can yaksa da do\u011frular ve ger\u00e7eklerin insanlar\u0131n y\u00fcz\u00fcne ifade edilmesi gerekti\u011fini d\u00fc\u015f\u00fcn\u00fcyorum. Bazen ger\u00e7ekler can yakabilir ancak do\u011frudan s\u00f6ylenmesi gerekti\u011fini d\u00fc\u015f\u00fcn\u00fcyorum\u201d (DHA)<\/p>\n","protected":false},"excerpt":{"rendered":"<p>Trabzonspor Teknik Direkt\u00f6r\u00fc Nenad Bjelica, \u00c7aykur Rizespor ma\u00e7\u0131 sonras\u0131 g\u00fcndem olan a\u00e7\u0131klamalar\u0131 hakk\u0131nda konu\u015ftu.<\/p>\n","protected":false},"author":1,"featured_media":121859,"comment_status":"closed","ping_status":"open","sticky":false,"template":"","format":"standard","meta":{"footnotes":""},"categories":[31],"tags":[290,197,903,13926,192],"class_list":["post-121858","post","type-post","status-publish","format-standard","has-post-thumbnail","hentry","category-spor","tag-mac","tag-oyuncu","tag-oyuncular","tag-petkovic","tag-takim"],"_links":{"self":[{"href":"https:\/\/haberulus.net\/index.php?rest_route=\/wp\/v2\/posts\/121858","targetHints":{"allow":["GET"]}}],"collection":[{"href":"https:\/\/haberulus.net\/index.php?rest_route=\/wp\/v2\/posts"}],"about":[{"href":"https:\/\/haberulus.net\/index.php?rest_route=\/wp\/v2\/types\/post"}],"author":[{"embeddable":true,"href":"https:\/\/haberulus.net\/index.php?rest_route=\/wp\/v2\/users\/1"}],"replies":[{"embeddable":true,"href":"https:\/\/haberulus.net\/index.php?rest_route=%2Fwp%2Fv2%2Fcomments&post=121858"}],"version-history":[{"count":1,"href":"https:\/\/haberulus.net\/index.php?rest_route=\/wp\/v2\/posts\/121858\/revisions"}],"predecessor-version":[{"id":121860,"href":"https:\/\/haberulus.net\/index.php?rest_route=\/wp\/v2\/posts\/121858\/revisions\/121860"}],"wp:featuredmedia":[{"embeddable":true,"href":"https:\/\/haberulus.net\/index.php?rest_route=\/wp\/v2\/media\/121859"}],"wp:attachment":[{"href":"https:\/\/haberulus.net\/index.php?rest_route=%2Fwp%2Fv2%2Fmedia&parent=121858"}],"wp:term":[{"taxonomy":"category","embeddable":true,"href":"https:\/\/haberulus.net\/index.php?rest_route=%2Fwp%2Fv2%2Fcategories&post=121858"},{"taxonomy":"post_tag","embeddable":true,"href":"https:\/\/haberulus.net\/index.php?rest_route=%2Fwp%2Fv2%2Ftags&post=121858"}],"curies":[{"name":"wp","href":"https:\/\/api.w.org\/{rel}","templated":true}]}}