{"id":121861,"date":"2023-08-31T13:05:13","date_gmt":"2023-08-31T13:05:13","guid":{"rendered":"https:\/\/haberulus.net\/?p=121861"},"modified":"2023-08-31T13:05:13","modified_gmt":"2023-08-31T13:05:13","slug":"eyupspor-sekidika-ile-yollarini-ayirdi","status":"publish","type":"post","link":"https:\/\/haberulus.net\/?p=121861","title":{"rendered":"Ey\u00fcpspor Sekidika ile yollar\u0131n\u0131 ay\u0131rd\u0131"},"content":{"rendered":"<p>Trendyol 1. Lig tak\u0131mlar\u0131ndan Ey\u00fcpspor\u2019da Nijeryal\u0131 futbolcu Jesse Sekidika ile yollar ayr\u0131ld\u0131.<\/p>\n<p>Kul\u00fcb\u00fcn sosyal medya hesab\u0131ndan yap\u0131lan a\u00e7\u0131klamada, \u201cJesse Sekidika\u2019ya Ey\u00fcpspor\u2019a katt\u0131klar\u0131 i\u00e7in te\u015fekk\u00fcr eder, kariyerinin devam\u0131nda ba\u015far\u0131lar dileriz\u201d denildi.<\/p>\n<p>Ey\u00fcpspor\u2019a Galatasaray\u2019dan 2021-2022 sezonunun ikinci yar\u0131s\u0131nda gelen 27 ya\u015f\u0131ndaki h\u00fccum oyuncusu, ge\u00e7en sezonun ikinci yar\u0131s\u0131n\u0131 S\u00fcper Lig\u2019de \u00dcmraniyespor\u2019da ge\u00e7irdi.<\/p>\n<p>Ey\u00fcpspor\u2019da 24 lig ma\u00e7\u0131na \u00e7\u0131kan Jesse Sekidika, 2 kez gol sevinci ya\u015fad\u0131. (AA)<\/p>\n","protected":false},"excerpt":{"rendered":"<p>Ey\u00fcpspor, Galatasaray&#8217;dan kadrosuna katt\u0131\u011f\u0131 Jesse Sekidika ile yollar\u0131n ayr\u0131ld\u0131\u011f\u0131n\u0131 duyurdu.<\/p>\n","protected":false},"author":1,"featured_media":121862,"comment_status":"closed","ping_status":"open","sticky":false,"template":"","format":"standard","meta":{"footnotes":""},"categories":[31],"tags":[],"class_list":["post-121861","post","type-post","status-publish","format-standard","has-post-thumbnail","hentry","category-spor"],"_links":{"self":[{"href":"https:\/\/haberulus.net\/index.php?rest_route=\/wp\/v2\/posts\/121861","targetHints":{"allow":["GET"]}}],"collection":[{"href":"https:\/\/haberulus.net\/index.php?rest_route=\/wp\/v2\/posts"}],"about":[{"href":"https:\/\/haberulus.net\/index.php?rest_route=\/wp\/v2\/types\/post"}],"author":[{"embeddable":true,"href":"https:\/\/haberulus.net\/index.php?rest_route=\/wp\/v2\/users\/1"}],"replies":[{"embeddable":true,"href":"https:\/\/haberulus.net\/index.php?rest_route=%2Fwp%2Fv2%2Fcomments&post=121861"}],"version-history":[{"count":1,"href":"https:\/\/haberulus.net\/index.php?rest_route=\/wp\/v2\/posts\/121861\/revisions"}],"predecessor-version":[{"id":121863,"href":"https:\/\/haberulus.net\/index.php?rest_route=\/wp\/v2\/posts\/121861\/revisions\/121863"}],"wp:featuredmedia":[{"embeddable":true,"href":"https:\/\/haberulus.net\/index.php?rest_route=\/wp\/v2\/media\/121862"}],"wp:attachment":[{"href":"https:\/\/haberulus.net\/index.php?rest_route=%2Fwp%2Fv2%2Fmedia&parent=121861"}],"wp:term":[{"taxonomy":"category","embeddable":true,"href":"https:\/\/haberulus.net\/index.php?rest_route=%2Fwp%2Fv2%2Fcategories&post=121861"},{"taxonomy":"post_tag","embeddable":true,"href":"https:\/\/haberulus.net\/index.php?rest_route=%2Fwp%2Fv2%2Ftags&post=121861"}],"curies":[{"name":"wp","href":"https:\/\/api.w.org\/{rel}","templated":true}]}}