{"id":121912,"date":"2023-08-31T14:35:04","date_gmt":"2023-08-31T14:35:04","guid":{"rendered":"https:\/\/haberulus.net\/?p=121912"},"modified":"2023-08-31T14:35:04","modified_gmt":"2023-08-31T14:35:04","slug":"eskiden-yuzlerine-bakmiyorlardi-ogrenciler-simdi-kral-oldu","status":"publish","type":"post","link":"https:\/\/haberulus.net\/?p=121912","title":{"rendered":"Eskiden y\u00fczlerine bakm\u0131yorlard\u0131, \u00f6\u011frenciler \u015fimdi kral oldu"},"content":{"rendered":"<p>Yanl\u0131\u015f ekonomi politikalar\u0131yla piyasa i\u015fleyi\u015fini ve fiyatland\u0131rma mekanizmas\u0131n\u0131 bozan iktidar kirac\u0131-ev sahibi ili\u015fkisini de alt \u00fcst etti. T\u00fcrkiye Emlak Dan\u0131\u015fmanlar\u0131 Birli\u011fi Onursal Ba\u015fkan\u0131 Salim Ta\u015fc\u0131, h\u0131zla artan enflasyona ra\u011fmen kiraya y\u00fczde 25 zam s\u0131n\u0131rlamas\u0131 getirilmesinin \u00f6\u011frencileri ev sahiplerinin g\u00f6z\u00fcnde adeta kral yapt\u0131\u011f\u0131n\u0131 s\u00f6yledi.<\/p>\n<p><strong>ANKETTEN \u00c7ARPICI SONU\u00c7 \u00c7IKTI<\/strong><\/p>\n<p>Ev sahipleriyle yapt\u0131klar\u0131 anket sonu\u00e7lar\u0131n\u0131 payla\u015fan Ta\u015fc\u0131, ev sahiplerinin kirac\u0131 tercihi s\u0131ralamas\u0131nda ilk s\u0131ray\u0131 \u00f6\u011frencilerin ald\u0131\u011f\u0131n\u0131, ikinci s\u0131rada \u00fcst d\u00fczey b\u00fcrokratlar\u0131n, \u00fc\u00e7\u00fcnc\u00fc s\u0131rada da televizyoncu ve gazetecilerin yer ald\u0131\u011f\u0131n\u0131 bildirdi.<\/p>\n<p>Ev sahibi-kirac\u0131 ili\u015fkilerindeki son geli\u015fmeleri S\u00d6ZC\u00dc&#8217;ye de\u011ferlendiren Ta\u015fc\u0131, h\u0131zl\u0131 artan enflasyon ile kira zamm\u0131 s\u0131n\u0131rlamalar\u0131n\u0131n kirac\u0131 tercihlerini t\u00fcmden de\u011fi\u015ftirdi\u011fini s\u00f6yledi.<\/p>\n<p><strong>O \u0130LANLAR ARTIK KALKTI<\/strong><\/p>\n<p>Art\u0131k konut kiralamalar\u0131nda, \u2018Bekara, talebeye, yaln\u0131z bayana verilmez&#8217; \u015feklindeki ilanlar\u0131n t\u00fcmden kalkt\u0131\u011f\u0131n\u0131, bunu yerine \u2018\u00d6\u011frenciye kiraya verilir&#8217; ilanlar\u0131n\u0131n ald\u0131\u011f\u0131n\u0131 belirten Ta\u015fc\u0131, \u201cKiralamalarda \u00f6\u011frenci adeta kral oldu. \u00d6\u011frenciyi g\u00f6ren evini direkt veriyor. Hatta iki \u00fc\u00e7 \u00f6\u011frencinin bir arada kalmalar\u0131 da sorun te\u015fkil etmiyor. Depozito olarak yasada \u00fc\u00e7 ayl\u0131k olan miktarlara bir depozitoya raz\u0131 gelen ev sahipleri de mevcut\u201d dedi. Ta\u015fc\u0131, \u00f6\u011frencilerin tercih edilmesinin nedenlerini ise \u015f\u00f6yle anlatt\u0131:<\/p>\n<p><strong>Y\u00dcZDE 25\u2019TEN MA\u011eDUR OLMUYORLAR<\/strong><\/p>\n<p>\u201c\u00d6\u011frencilerin e\u011fitim s\u00fcreleri 2 ila 4 y\u0131l. Kirac\u0131 \u00f6\u011frencilerin yar\u0131ya yak\u0131n\u0131 bir y\u0131l\u0131n sonunda genelde evi b\u0131rak\u0131yor. Ev sahibi yeni \u015fartlarla yeni kirac\u0131lara evini kiralayabiliyor. B\u00f6ylece enflasyonun \u00e7ok alt\u0131nda kalan y\u00fczde 25&#8217;lik zam s\u0131n\u0131rlamas\u0131n\u0131n ma\u011fduru olmuyor. \u00d6\u011frencilerin tamam\u0131na yak\u0131n\u0131 kiralar\u0131n\u0131 d\u00fczenli \u00f6d\u00fcyor. Ev sahibi-kirac\u0131 kavgas\u0131 \u00f6\u011frencilerde ya\u015fanm\u0131yor.\u201d<\/p>\n<p><strong>MEMURLAR G\u00d6ZDEN D\u00dc\u015eT\u00dc<\/strong><\/p>\n<p>Ta\u015fc\u0131, ge\u00e7mi\u015fte ev sahiplerinin el \u00fcst\u00fcnde tuttu\u011fu memurlar\u0131n ise adeta g\u00f6zden d\u00fc\u015ft\u00fc\u011f\u00fcn\u00fc s\u00f6yledi. Memurlar\u0131n uzun s\u00fcreli kiralamalar yapt\u0131klar\u0131na dikkat \u00e7eken Ta\u015fc\u0131, \u201cUzun s\u00fcreli kiralamalar y\u00fcksek enflasyon d\u00f6neminde kirac\u0131lar\u0131n lehine olurken ev sahiplerinin enflasyona yenik d\u00fc\u015fmesine yol a\u00e7\u0131yor. Bu nedenle k\u0131sa s\u00fcreli kiralama yapan \u00f6\u011frenciler sayesinde ev sahipleri enflasyon kayb\u0131ndan kurtulduklar\u0131n\u0131 d\u00fc\u015f\u00fcn\u00fcyorlar\u201d dedi.<\/p>\n<p><strong>EV ALMA KOM\u015eU AL D\u00d6NEM\u0130 B\u0130TT\u0130<\/strong><\/p>\n<p>Ta\u015fc\u0131 bin 118 ki\u015fiyle yapt\u0131rd\u0131klar\u0131 anket sonu\u00e7lar\u0131n\u0131 da payla\u015ft\u0131.<\/p>\n<p>Anketten yeni ev alan ki\u015filerin art\u0131k kom\u015fuluk ili\u015fkisini hi\u00e7 dikkate almad\u0131\u011f\u0131 sonucunun \u00e7\u0131kt\u0131\u011f\u0131n\u0131 belirten Ta\u015fc\u0131, \u201cEv sat\u0131n alanlar, \u2018Kom\u015fum kim, apartman\u0131mda oturanlar kimler&#8217; diye sorma gere\u011fi duymuyorlar. Kom\u015fulu\u011fu bitirenin ise sosyal medya oldu\u011fu anla\u015f\u0131l\u0131yor. Sosyal medya platformlar\u0131ndan ba\u015f\u0131n\u0131 kald\u0131ramayan insanlar yan dairedeki kom\u015fusunu tan\u0131ma f\u0131rsat\u0131 bulam\u0131yor\u201d dedi. Ankette \u00f6nceli\u011fin kom\u015fu de\u011fil ge\u00e7im derdi oldu\u011fu ger\u00e7e\u011finin de yer ald\u0131\u011f\u0131n\u0131 belirten Ta\u015fc\u0131, konut sat\u0131n alanlar\u0131n seramik, boya, duvar ka\u011f\u0131d\u0131 gibi unsurlara bakt\u0131\u011f\u0131n\u0131 ancak depreme dayan\u0131kl\u0131l\u0131k, zemin et\u00fcd\u00fc gibi kriterleri \u00f6nemsemedi\u011fini de bildirdi.<\/p>\n<p><strong>Anket sonu\u00e7lar\u0131na g\u00f6re ev sahiplerinin kirac\u0131 tercih s\u0131ralamas\u0131 \u015f\u00f6yle:<\/strong><\/p>\n<p>1- \u00d6\u011frenci<br \/>2- \u00dcst d\u00fczey b\u00fcrokrat<br \/>3- Televizyoncu-Gazeteci<br \/>4- Sanat\u00e7\u0131<br \/>5- Bankac\u0131<br \/>6- Galerici<br \/>7- Doktor<br \/>8- Hem\u015fire<br \/>9- Hakim- Savc\u0131<br \/>10- Milletvekili<br \/>11- Avukatlar<br \/>12- Askerler<\/p>\n","protected":false},"excerpt":{"rendered":"<p>Ge\u00e7mi\u015fte ev verilmeyen \u00f6\u011frenciler art\u0131k ev sahiplerinin kirac\u0131 listesinde ilk s\u0131raya yerle\u015fti. Memurlar, askerler ve avukatlar kirac\u0131 talep listesinin sonlar\u0131na d\u00fc\u015ft\u00fc.<\/p>\n","protected":false},"author":1,"featured_media":121913,"comment_status":"closed","ping_status":"open","sticky":false,"template":"","format":"standard","meta":{"footnotes":""},"categories":[25],"tags":[311,2378,6316,2754,11913],"class_list":["post-121912","post","type-post","status-publish","format-standard","has-post-thumbnail","hentry","category-ekonomi","tag-kira","tag-kiraci","tag-komsu","tag-ogrenci","tag-tasci"],"_links":{"self":[{"href":"https:\/\/haberulus.net\/index.php?rest_route=\/wp\/v2\/posts\/121912","targetHints":{"allow":["GET"]}}],"collection":[{"href":"https:\/\/haberulus.net\/index.php?rest_route=\/wp\/v2\/posts"}],"about":[{"href":"https:\/\/haberulus.net\/index.php?rest_route=\/wp\/v2\/types\/post"}],"author":[{"embeddable":true,"href":"https:\/\/haberulus.net\/index.php?rest_route=\/wp\/v2\/users\/1"}],"replies":[{"embeddable":true,"href":"https:\/\/haberulus.net\/index.php?rest_route=%2Fwp%2Fv2%2Fcomments&post=121912"}],"version-history":[{"count":1,"href":"https:\/\/haberulus.net\/index.php?rest_route=\/wp\/v2\/posts\/121912\/revisions"}],"predecessor-version":[{"id":121914,"href":"https:\/\/haberulus.net\/index.php?rest_route=\/wp\/v2\/posts\/121912\/revisions\/121914"}],"wp:featuredmedia":[{"embeddable":true,"href":"https:\/\/haberulus.net\/index.php?rest_route=\/wp\/v2\/media\/121913"}],"wp:attachment":[{"href":"https:\/\/haberulus.net\/index.php?rest_route=%2Fwp%2Fv2%2Fmedia&parent=121912"}],"wp:term":[{"taxonomy":"category","embeddable":true,"href":"https:\/\/haberulus.net\/index.php?rest_route=%2Fwp%2Fv2%2Fcategories&post=121912"},{"taxonomy":"post_tag","embeddable":true,"href":"https:\/\/haberulus.net\/index.php?rest_route=%2Fwp%2Fv2%2Ftags&post=121912"}],"curies":[{"name":"wp","href":"https:\/\/api.w.org\/{rel}","templated":true}]}}