{"id":121915,"date":"2023-08-31T14:35:05","date_gmt":"2023-08-31T14:35:05","guid":{"rendered":"https:\/\/haberulus.net\/?p=121915"},"modified":"2023-08-31T14:35:05","modified_gmt":"2023-08-31T14:35:05","slug":"unal-silvere-veda","status":"publish","type":"post","link":"https:\/\/haberulus.net\/?p=121915","title":{"rendered":"\u00dcnal Silver\u2019e veda\u2026"},"content":{"rendered":"<p>\u201cPoyraz Karayel\u201d, \u201cBir Bulut Olsam\u201d, Dirili\u015f: Ertu\u011frul\u201d gibi dizilerde ve \u201cHokkabaz\u201d, \u201cDedemin \u0130nsanlar\u0131\u201d gibi pek \u00e7ok filmde rol alan 75 ya\u015f\u0131ndaki oyuncu \u00dcnal Silver, 29 A\u011fustos\u2019ta tedavi g\u00f6rd\u00fc\u011f\u00fc hastanede hayat\u0131n\u0131 kaybetti.<\/p>\n<p>\u00dcnl\u00fc oyuncu i\u00e7in \u00dcsk\u00fcdar Altunizade\u2019deki \u015eakirin Camii\u2019nde cenaze t\u00f6reni d\u00fczenlendi.<\/p>\n<p><img decoding=\"async\" src=\"https:\/\/i01.sozcucdn.com\/wp-content\/uploads\/2023\/08\/31\/dha6.1_23630479.jpg\" alt=\"\" title=\"\"><\/p>\n<p>Cenaze t\u00f6renine oyuncunun ailesi ile sevenleri ve sanat d\u00fcnyas\u0131ndan bir\u00e7ok isim kat\u0131ld\u0131. Taziyeleri aile ad\u0131na o\u011flu kabul etti.<\/p>\n<p><img decoding=\"async\" src=\"https:\/\/i01.sozcucdn.com\/wp-content\/uploads\/2023\/08\/31\/dha5.1_23630480-1.jpg\" alt=\"\" title=\"\"><\/p>\n<p>Oyuncunun tabutu \u00fczerine Galatasaray formas\u0131 konuldu.<\/p>\n<p><img decoding=\"async\" src=\"https:\/\/i01.sozcucdn.com\/wp-content\/uploads\/2023\/08\/31\/dha9.1_23630472-e1693490614618.jpg\" alt=\"\" title=\"\"><\/p>\n<p><strong>\u201cD\u00dcNYANIN EN TATLI A\u011eABEY\u0130YD\u0130\u201d<\/strong><\/p>\n<p>Cenaze t\u00f6renine kat\u0131lan oyuncu Engin Benli, \u201c\u00c7ok \u00f6nemli bir oyuncuydu. \u00c7ok \u00f6nemli bir a\u011fabeyi, bir babay\u0131 kaybettik. Herkesin a\u011fabeyi, arkada\u015f\u0131yd\u0131. Ne\u015feli, heyecanl\u0131, espiriliydi. D\u00fcnyan\u0131n en tatl\u0131 a\u011fabeyiydi ama hayat i\u015fte\u2026 Bug\u00fcn var\u0131z yar\u0131n yokuz. Ba\u015f\u0131m\u0131z sa\u011f olsun\u201d dedi.<\/p>\n<p><img decoding=\"async\" src=\"https:\/\/i01.sozcucdn.com\/wp-content\/uploads\/2023\/08\/31\/dha10.1_23630476.jpg\" alt=\"\" title=\"\"><\/p>\n<p><strong>\u201cHERKESE DESTEK OLAN PAMUK G\u0130B\u0130 B\u0130R ADAMDI\u201d<\/strong><\/p>\n<p>Oyuncu Burcu Binici de \u201cBa\u015f\u0131m\u0131z sa\u011f olsun. \u00dcnal a\u011fabey \u00e7ok k\u0131ymetliydi benim hocamd\u0131. Babamd\u0131, a\u011fabeyimdi. Benim i\u00e7in t\u00fcm e\u011fitimlerimde \u00e7ok \u00f6nemli bir yerdeydi. Anlamad\u0131k b\u00f6yle oldu. \u015eoktay\u0131m. Herkese elini uzatan, herkese destek olan, d\u00fcnya tatl\u0131s\u0131 pamuk gibi bir adamd\u0131 \u201d diye konu\u015ftu.<\/p>\n<p><img decoding=\"async\" src=\"https:\/\/i01.sozcucdn.com\/wp-content\/uploads\/2023\/08\/31\/dha8.1_23630474.jpg\" alt=\"\" title=\"\"><\/p>\n<p>\u00dcnal Silver\u2019in cenazesi \u00f6\u011fle namaz\u0131na m\u00fcteakip k\u0131l\u0131nan cenaze namaz\u0131n\u0131n ard\u0131ndan Osmangazi Mezarl\u0131\u011f\u0131\u2019nda defnedildi.<\/p>\n<p><img decoding=\"async\" src=\"https:\/\/i01.sozcucdn.com\/wp-content\/uploads\/2023\/08\/31\/dha1.1_23630484.jpg\" alt=\"\" title=\"\"><\/p>\n<p><img decoding=\"async\" src=\"https:\/\/i01.sozcucdn.com\/wp-content\/uploads\/2023\/08\/31\/dha2.1_23630483.jpg\" alt=\"\" title=\"\"><\/p>\n<p><img decoding=\"async\" src=\"https:\/\/i01.sozcucdn.com\/wp-content\/uploads\/2023\/08\/31\/dha11.1_23630467.jpg\" alt=\"\" title=\"\"><br \/>(DHA)<\/p>\n","protected":false},"excerpt":{"rendered":"<p>75 ya\u015f\u0131nda hayat\u0131n\u0131 kaybeden oyuncu \u00dcnal Silver, \u0130stanbul&#8217;da son yolculu\u011funa u\u011furland\u0131.<\/p>\n","protected":false},"author":1,"featured_media":121916,"comment_status":"closed","ping_status":"open","sticky":false,"template":"","format":"standard","meta":{"footnotes":""},"categories":[29],"tags":[4654,1230,197],"class_list":["post-121915","post","type-post","status-publish","format-standard","has-post-thumbnail","hentry","category-magazin","tag-agabey","tag-cenaze","tag-oyuncu"],"_links":{"self":[{"href":"https:\/\/haberulus.net\/index.php?rest_route=\/wp\/v2\/posts\/121915","targetHints":{"allow":["GET"]}}],"collection":[{"href":"https:\/\/haberulus.net\/index.php?rest_route=\/wp\/v2\/posts"}],"about":[{"href":"https:\/\/haberulus.net\/index.php?rest_route=\/wp\/v2\/types\/post"}],"author":[{"embeddable":true,"href":"https:\/\/haberulus.net\/index.php?rest_route=\/wp\/v2\/users\/1"}],"replies":[{"embeddable":true,"href":"https:\/\/haberulus.net\/index.php?rest_route=%2Fwp%2Fv2%2Fcomments&post=121915"}],"version-history":[{"count":1,"href":"https:\/\/haberulus.net\/index.php?rest_route=\/wp\/v2\/posts\/121915\/revisions"}],"predecessor-version":[{"id":121917,"href":"https:\/\/haberulus.net\/index.php?rest_route=\/wp\/v2\/posts\/121915\/revisions\/121917"}],"wp:featuredmedia":[{"embeddable":true,"href":"https:\/\/haberulus.net\/index.php?rest_route=\/wp\/v2\/media\/121916"}],"wp:attachment":[{"href":"https:\/\/haberulus.net\/index.php?rest_route=%2Fwp%2Fv2%2Fmedia&parent=121915"}],"wp:term":[{"taxonomy":"category","embeddable":true,"href":"https:\/\/haberulus.net\/index.php?rest_route=%2Fwp%2Fv2%2Fcategories&post=121915"},{"taxonomy":"post_tag","embeddable":true,"href":"https:\/\/haberulus.net\/index.php?rest_route=%2Fwp%2Fv2%2Ftags&post=121915"}],"curies":[{"name":"wp","href":"https:\/\/api.w.org\/{rel}","templated":true}]}}