{"id":121990,"date":"2023-08-31T16:35:05","date_gmt":"2023-08-31T16:35:05","guid":{"rendered":"https:\/\/haberulus.net\/?p=121990"},"modified":"2023-08-31T16:35:05","modified_gmt":"2023-08-31T16:35:05","slug":"sendikalardan-pes-pese-memur-ve-emekli-maasi-zammi-tepkisi","status":"publish","type":"post","link":"https:\/\/haberulus.net\/?p=121990","title":{"rendered":"Sendikalardan pe\u015f pe\u015fe memur ve emekli maa\u015f\u0131 zamm\u0131 tepkisi"},"content":{"rendered":"<p>T\u00fcrkiye Kamu-Sen taraf\u0131ndan yap\u0131lan a\u00e7\u0131klamada, 1 A\u011fustos\u2019ta ba\u015flayan 7. D\u00f6nem Toplu S\u00f6zle\u015fme g\u00f6r\u00fc\u015fmelerinin Kamu \u0130\u015fveren Heyeti ve yetkili konfederasyon aras\u0131nda 22 A\u011fustos\u2019ta hizmet kollar\u0131nda uzla\u015fma, genel konularda ise uzla\u015fmazl\u0131kla sonu\u00e7land\u0131\u011f\u0131 belirtildi.<\/p>\n<p>Bunun \u00fczerine ba\u015fvurulan Kamu G\u00f6revlileri Hakem Kurulu\u2019nca, toplu s\u00f6zle\u015fme masas\u0131na getirilen zam oranlar\u0131ndan farkl\u0131 bir oran ortaya konulmad\u0131\u011f\u0131, teklifin aynen kabul edildi\u011fi kaydedilen a\u00e7\u0131klamada, piyasa ger\u00e7ekleri ile \u00f6rt\u00fc\u015fmeyen, b\u00fcy\u00fcmeden pay verilmeyen, hatta resmi enflasyon tahmin ve beklentilerinin dahi alt\u0131nda kalan zam oran\u0131n\u0131n kabul edilemeyece\u011fi aktar\u0131ld\u0131.<\/p>\n<p><strong>\u201c\u00c7\u00d6Z\u00dcM YOLLARINI TARTI\u015eMAKTAN ISRARLA KA\u00c7INDIKLARINI G\u00d6RD\u00dcK\u201d<\/strong><\/p>\n<p>A\u00e7\u0131klamada, \u015fu de\u011ferlendirmede bulunuldu:<\/p>\n<p>\u201cToplu pazarl\u0131k s\u00fcrecinde heba edilen zaman ve eme\u011fin, kamu i\u015fveren taraf\u0131 temsilcilerinin \u00e7o\u011funlukta oldu\u011fu ve memurlar\u0131n 1-0 yenik ba\u015flad\u0131\u011f\u0131 bir hakem heyetine b\u0131rak\u0131larak sorunlar\u0131n \u00f6telenmesine \u015fahitlik ettik. B\u00fct\u00fcn \u00e7abam\u0131za ra\u011fmen yetkili konfederasyon ve sendikalar ile kamu i\u015fveren taraf\u0131n\u0131n sorunlar\u0131 masaya yat\u0131r\u0131p \u00e7\u00f6z\u00fcm yollar\u0131n\u0131 b\u00fct\u00fcn payda\u015flarla tart\u0131\u015fmaktan \u0131srarla ka\u00e7\u0131nd\u0131klar\u0131n\u0131 g\u00f6rd\u00fck. Bu yakla\u015f\u0131m\u0131n, daha \u00f6nceki 6 d\u00f6nem toplu s\u00f6zle\u015fme g\u00f6r\u00fc\u015fmelerinde oldu\u011fu gibi 7. d\u00f6nemde de yeni bir fiyaskoya d\u00f6n\u00fc\u015ft\u00fc\u011f\u00fcne \u015fahit olduk.\u201d<\/p>\n<p>Refah pay\u0131 ve enflasyon fark\u0131n\u0131n maa\u015flara ayl\u0131k olarak yans\u0131t\u0131lmas\u0131, emeklilerin 8 bin 77 liral\u0131k ek \u00f6demeden faydalanmas\u0131, yard\u0131mc\u0131 hizmetliler, bayram ikramiyesi, vergi dilimleri, kira, ula\u015f\u0131m, \u0131s\u0131nma ve yemek yard\u0131m\u0131 gibi bir\u00e7ok ba\u015fl\u0131\u011f\u0131n, pazarl\u0131k s\u00fcrecinde Kamu G\u00f6revlileri Sendikalar\u0131 Heyeti toplant\u0131lar\u0131nda masaya ta\u015f\u0131nmad\u0131\u011f\u0131 anlat\u0131lan a\u00e7\u0131klamada, \u015funlar kaydedildi:<\/p>\n<p>\u201cMevcut Hakem Kurulunun 6 kamu i\u015fveren taraf\u0131, 5 sendika taraf\u0131 temsilcisinden olu\u015fan adaletsiz yap\u0131s\u0131yla yeni bir karara imza atmas\u0131 ve kamu i\u015fveren taraf\u0131n\u0131n s\u00f6z\u00fcn\u00fcn \u00fcst\u00fcne s\u00f6z s\u00f6yleme \u015fans\u0131n\u0131n olmad\u0131\u011f\u0131 bir kere daha g\u00f6r\u00fclm\u00fc\u015ft\u00fcr. Gerek toplu pazarl\u0131k gerekse hakem s\u00fcrecinde \u00f6nerilen maa\u015f art\u0131\u015flar\u0131n\u0131n beklenen enflasyonun dahi alt\u0131nda kalmas\u0131ndan ve kamu i\u015fveren taraf\u0131n\u0131n ifadelerinden anlad\u0131\u011f\u0131m\u0131z, Temmuz 2023\u2019te memurlara yap\u0131lan art\u0131\u015flar\u0131n 2024 ve 2025 y\u0131llar\u0131nda memurlardan mahsup edilmek amac\u0131 ta\u015f\u0131d\u0131\u011f\u0131 g\u00f6r\u00fclm\u00fc\u015ft\u00fcr. Resmi enflasyon tahminin y\u00fczde 33 oldu\u011fu bir ortamda kamu \u00e7al\u0131\u015fanlar\u0131na toplamda y\u00fczde 25\u2019lik bir art\u0131\u015f yap\u0131lmas\u0131n\u0131n memur ve emeklileri enflasyona ezdirmekten ba\u015fka bir izah\u0131 yoktur. Bu durumun sorumlusu, kamu i\u015fveren taraf\u0131n\u0131n bu yakla\u015f\u0131m\u0131na tepkisiz kalarak ya\u015fananlara \u00e7anak tutan yetkili ama etkisiz konfederasyon ve sendikalar\u0131d\u0131r.\u201d<\/p>\n<p>A\u00e7\u0131klamada, \u201cdi\u011fer konfederasyonlar\u0131 d\u0131\u015flayarak \u2018masada sadece ben var\u0131m\u2019 anlay\u0131\u015f\u0131yla hareket edenlerin ve kamu g\u00f6revlilerini bir kez daha masada b\u0131rakanlar\u0131n bu i\u015fi beceremediklerinin bir kez daha tescillendi\u011fi\u201d g\u00f6r\u00fc\u015f\u00fcne yer verilerek, \u201cMasada memurlar\u0131n hakk\u0131n\u0131 alamayan, ya\u015fanan ekonomik geli\u015fmelerin faturas\u0131n\u0131n memur ve emeklilere mal edilmesine sessiz kalan yetkili ama yetersiz konfederasyonun bu tavr\u0131n\u0131, 6 d\u00f6nemden beri toplu s\u00f6zle\u015fme g\u00f6r\u00fc\u015fmelerinde birbiri ard\u0131na fiyaskolara imza atan s\u00f6zde yetkili sendikalar\u0131n i\u015f bilmezli\u011fini bir kere daha T\u00fcrk memurunun vicdan\u0131na b\u0131rak\u0131yoruz.\u201d denildi.<\/p>\n<p><strong>MEMUR-SEN\u2019DEN A\u00c7IKLAMA<\/strong><\/p>\n<p>Memur-Sen\u2019den yap\u0131lan a\u00e7\u0131klamada, bug\u00fcn bir ayd\u0131r s\u00fcren toplu s\u00f6zle\u015fme d\u00f6neminin sonu\u00e7land\u0131\u011f\u0131 hat\u0131rlat\u0131larak, \u201cBilindi\u011fi \u00fczere Memur-Sen Konfederasyonu olarak, kamu i\u015fvereninin piyasa ger\u00e7ekli\u011finden uzak, enflasyon beklenti ve verisini dikkate almayan, kamu g\u00f6revlilerinin enflasyon alt\u0131nda ezilmesini \u00f6ng\u00f6ren y\u00fczdelik zam rakamlar\u0131n\u0131 reddetmi\u015f, kazan\u0131mlar\u0131m\u0131z\u0131 g\u00fcvence alt\u0131na alan 50 maddenin yer ald\u0131\u011f\u0131 toplant\u0131 tutana\u011f\u0131yla s\u00fcreci uzla\u015fmazl\u0131kla sonu\u00e7land\u0131rm\u0131\u015ft\u0131k.\u201d ifadeleri kullan\u0131ld\u0131.<\/p>\n<p>Kamu g\u00f6revlileri ve emeklilerine y\u00f6nelik 2024 ve 2025 y\u0131llar\u0131 maa\u015f\/\u00fccret art\u0131\u015f\u0131, refah pay\u0131 ve enflasyon fark\u0131n\u0131n zamm\u0131 ge\u00e7ti\u011fi aydan itibaren art\u0131r\u0131ml\u0131 \u00f6denmesi ve kira yard\u0131m\u0131, dini bayram ikramiyesi, bozulan \u00fccret skalas\u0131n\u0131n d\u00fczeltilmesi gibi bir\u00e7ok teklifin reddedildi\u011fi belirtilen a\u00e7\u0131klamada, \u201cT\u00fcm itirazlar\u0131m\u0131za, a\u00e7\u0131klamalar\u0131m\u0131za, \u0131srarl\u0131 kar\u015f\u0131 duru\u015fumuza ve kar\u015f\u0131 oylar\u0131m\u0131za ra\u011fmen kamu i\u015fvereninin teklifi, Hakem Kurulu taraf\u0131ndan de\u011fi\u015ftirilmeden \u2018noter usul\u00fcyle\u2019 belirlenmi\u015ftir.\u201d g\u00f6r\u00fc\u015f\u00fcne yer verildi.<\/p>\n<p>Toplu s\u00f6zle\u015fme s\u00fcre\u00e7lerinin, Kamu G\u00f6revlileri Sendikalar\u0131 ve Toplu S\u00f6zle\u015fme Kanunu\u2019nun ve Hakem Kurulu\u2019nun yap\u0131s\u0131n\u0131n de\u011fi\u015fmesi gerekti\u011fini bir kez daha g\u00f6sterdi\u011fi savunulan a\u00e7\u0131klamada, \u015fu ifadeler yer ald\u0131:<\/p>\n<p>\u201cHakem Kurulu, somut ekonomik veriler ve piyasa ger\u00e7ekleri kar\u015f\u0131s\u0131nda adil olan\u0131 verme noktas\u0131nda hakkaniyetli davranmas\u0131 gerekirken, ismi ve kanundaki tarafs\u0131zl\u0131\u011f\u0131 ile uyu\u015fmayan bir \u015fekilde kamu i\u015fveren heyeti tavr\u0131ndan \u00e7\u0131kamam\u0131\u015ft\u0131r. Kamu G\u00f6revlileri Hakem Heyeti, ma\u015feri vicdan\u0131n sesine de\u011fil, kamu i\u015fvereninin teklifine g\u00f6re karar vermi\u015ftir. Toplu S\u00f6zle\u015fme Kanunu\u2019nun ve Kamu G\u00f6revlileri Hakem Heyeti\u2019nin, 6 milyonu a\u015fan kitlenin y\u00fck\u00fcn\u00fc ta\u015f\u0131yacak bir yap\u0131da olmad\u0131\u011f\u0131 bir kez daha g\u00f6r\u00fclm\u00fc\u015ft\u00fcr. S\u00f6z konusu kanunun mevcut halinin, kamu g\u00f6revlilerinin sorunlar\u0131n\u0131 \u00e7\u00f6zecek s\u00fcreye, s\u00fcrece ve gelece\u011fe dair beklentilerine cevaz vermeyecek \u015fekilde oldu\u011fu ve yetkili konfederasyonla \u00e7al\u0131\u015f\u0131larak revize edilmesi toplu s\u00f6zle\u015fme h\u00fckm\u00fcm\u00fczle ortaya konulmu\u015ftur.\u201d<\/p>\n<p>Memur-Sen\u2019in mutabakatla sonu\u00e7land\u0131r\u0131lan toplu s\u00f6zle\u015fme g\u00f6r\u00fc\u015fmelerinin tamam\u0131nda Merkez Bankas\u0131 enflasyon beklentilerinin \u00fczerinde bir orana imza att\u0131\u011f\u0131 kaydedilen a\u00e7\u0131klamada, \u015funlar aktar\u0131ld\u0131:<\/p>\n<p>\u201cFakat Hakem Heyeti, kamu i\u015fvereninin y\u00fczdelik teklifinin yerinde ve y\u00fcr\u00fct\u00fclebilir oldu\u011fu gerek\u00e7esiyle y\u00fczdelik zam oran\u0131n\u0131 aynen koruyarak Merkez Bankas\u0131 taraf\u0131ndan a\u00e7\u0131klanan y\u00fczde 33 enflasyon beklentisiyle \u00e7eli\u015fen ve kamu g\u00f6revlilerini enflasyonun alt\u0131nda ezdirecek karar\u0131yla \u2018Kamu \u0130\u015fvereni Hakem Kurulu\u2019 oldu\u011funu ikrar etmi\u015ftir. Kamu g\u00f6revlilerinin maa\u015f\/\u00fccret art\u0131\u015f\u0131n\u0131n enflasyon beklenti ve tahminlerinin alt\u0131nda kald\u0131\u011f\u0131, enflasyon fark\u0131n\u0131n m\u00fcjde gibi lanse edilmesinin sa\u011fl\u0131kl\u0131 olmad\u0131\u011f\u0131 taraf\u0131m\u0131zca her a\u015famada tespit ve ifade edilmi\u015fken, \u0130\u015fveren\/Hakem Heyetinin kamu g\u00f6revlilerini kayba u\u011fratacak, ger\u00e7e\u011fi g\u00f6rme ve do\u011fru teklifi getirme iradesinden uzak karar\u0131n\u0131 kabul etmiyor ve \u015ferh d\u00fc\u015f\u00fcyoruz.\u201d<\/p>\n<p><strong>BAKAN \u201cENFLASYONA EZD\u0130RMEYECE\u011e\u0130Z\u201d DED\u0130 AMA\u2026<\/strong><\/p>\n<p>\u00c7al\u0131\u015fma ve Sosyal G\u00fcvenlik Bakan\u0131 Vedat I\u015f\u0131khan, memur ve memur emeklilerine 2024 ve 2025&#8217;te yap\u0131lacak zam oran\u0131n\u0131n belli olmas\u0131n\u0131n ard\u0131ndan a\u00e7\u0131klamalarda bulunmu\u015ftu.<\/p>\n<p>Memur ve memur emeklilerinin 2024-2025 y\u0131llar\u0131 kapsam\u0131ndaki mali ve sosyal haklar\u0131n\u0131 belirleyen 7. D\u00f6nem Toplu S\u00f6zle\u015fmesi kapsam\u0131nda Hakem Heyeti 5 kez toplanm\u0131\u015f; ancak yine h\u00fck\u00fcmetin \u00f6nceki toplant\u0131larda sundu\u011fu teklif kabul edildi.<\/p>\n<p>Hem Memur-Sen&#8217;in talep etti\u011fi zam oran\u0131n\u0131n hem de Merkez Bankas\u0131&#8217;n\u0131n enflasyon tahminlerinin alt\u0131nda kalan zam oran\u0131na ra\u011fmen I\u015f\u0131khan&#8217;\u0131n \u201c\u00c7al\u0131\u015fanlar\u0131m\u0131z\u0131 enflasyon kar\u015f\u0131s\u0131nda korumaya devam edece\u011fiz\u201d a\u00e7\u0131klamalar\u0131 dikkat \u00e7ekti.<\/p>\n<p>Merkez Bankas\u0131 2024 enflasyon tahmini y\u00fczde 33, 2025 tahmini ise y\u00fczde 15 seviyesine y\u00fckseltilmi\u015fti.<\/p>\n<p>Bakan I\u015f\u0131khan, \u015f\u00f6yle dedi:<\/p>\n<p>* Memur ve memur emeklilerimizin 2024-2025 y\u0131llar\u0131 kapsam\u0131ndaki mali ve sosyal haklar\u0131n\u0131 belirleyen 7. D\u00f6nem Toplu S\u00f6zle\u015fmemiz kapsam\u0131nda Hakem Heyeti; 2024 y\u0131l\u0131 i\u00e7in y\u00fczde 15+10 2025 y\u0131l\u0131 i\u00e7in y\u00fczde 6+5 zam oran\u0131 \u00fczerinde karar k\u0131lm\u0131\u015ft\u0131r.<\/p>\n<p>* \u00d6zellikle kamu g\u00f6revlilerimiz ad\u0131na talep edilen 50 maddenin ayn\u0131 \u015fekilde kabul\u00fc ve di\u011fer sosyal haklar hususunda da \u00f6nemli kazan\u0131mlara imza att\u0131\u011f\u0131m\u0131z Toplu S\u00f6zle\u015fmemizin, ba\u015fta kamu \u00e7al\u0131\u015fanlar\u0131m\u0131z, kamu emeklilerimiz ve aileleri olmak \u00fczere \u00e7al\u0131\u015fma hayat\u0131m\u0131z\u0131n t\u00fcm payda\u015flar\u0131na hay\u0131rl\u0131 olmas\u0131n\u0131 diliyorum.<\/p>\n<p>* S\u00fcreci kar\u015f\u0131l\u0131kl\u0131 anlay\u0131\u015f, isti\u015fare ve nezaket ilkelerimiz \u00e7er\u00e7evesinde y\u00fcr\u00fcten Konfederasyonlar\u0131m\u0131z ve genel yetkili sendikalar\u0131m\u0131za, emek veren t\u00fcm komisyonlara ve m\u00fczakere heyetlerine te\u015fekk\u00fcr ediyorum. Sosyal devlet anlay\u0131\u015f\u0131m\u0131zla \u00e7al\u0131\u015fanlar\u0131m\u0131z\u0131 enflasyon kar\u015f\u0131s\u0131nda korumaya devam edece\u011fiz.<\/p>\n<p><strong>MEMUR NE \u0130STED\u0130, NE OLDU?<\/strong><\/p>\n<p>Memur ve memur emeklisini ilgilendiren 7. D\u00f6nem Kamu Toplu S\u00f6zle\u015fmesi g\u00f6r\u00fc\u015fmelerinde 1 A\u011fustos\u2019ta ba\u015flayan m\u00fczakere s\u00fcreci, yetkili memur sendikas\u0131 Memur-Sen ve h\u00fck\u00fcmet aras\u0131nda anla\u015fma sa\u011flanamadan sona ermi\u015f; devreye Kamu G\u00f6revlileri Hakem Heyeti girmi\u015fti.<\/p>\n<p>Heyet 5 kez topland\u0131 ama yine de h\u00fck\u00fcmetin \u00f6nceki toplant\u0131larda sundu\u011fu zam teklifi kabul edilmi\u015f oldu.<\/p>\n<p>Memur-Sen, 2024 i\u00e7in \u00fc\u00e7er ayl\u0131k d\u00f6nemler itibar\u0131yla refah pay\u0131 dahil ilk 3 ayda y\u00fczde 35, ikinci 3 ayda y\u00fczde 10, \u00fc\u00e7\u00fcnc\u00fc 3 ayda y\u00fczde 15, d\u00f6rd\u00fcnc\u00fc 3 ayda y\u00fczde 10 zam istemi\u015fti.<\/p>\n<p>Konfederasyon, 2025 i\u00e7in ise alt\u0131\u015far ayl\u0131k d\u00f6nemler itibar\u0131yla refah pay\u0131 dahil birinci 6 ayda y\u00fczde 25 ve ikinci 6 ayda y\u00fczde 15 zam talep etmi\u015fti.<\/p>\n<p>Kamu \u0130\u015fveren Heyeti ise, 14 A\u011fustos&#8217;taki ilk teklifinde 2024&#8217;\u00fcn ilk alt\u0131 ay\u0131nda y\u00fczde 14, ikinci alt\u0131 ay\u0131nda y\u00fczde 9, 2025&#8217;in ilk alt\u0131 ay\u0131nda y\u00fczde 6 ve ikinci alt\u0131 ay\u0131nda 5 zam teklif etmi\u015f; 17 A\u011fustos&#8217;ta ise teklifini 2024&#8217;\u00fcn ilk alt\u0131 ay\u0131nda y\u00fczde 15, ikinci alt\u0131 ay\u0131nda y\u00fczde 10, 2025&#8217;in ilk alt\u0131 ay\u0131nda y\u00fczde 6 ve ikinci alt\u0131 ay\u0131nda 5 \u015feklinde revize etmi\u015fti.<\/p>\n<p>Bug\u00fcn nihai karar ise, 2024 y\u0131l\u0131 i\u00e7in y\u00fczde 15+10, 2025 y\u0131l\u0131 i\u00e7in y\u00fczde 6+5 art\u0131\u015f yap\u0131lmas\u0131 y\u00f6n\u00fcnde oldu.<\/p>\n","protected":false},"excerpt":{"rendered":"<p>Memur-Sen ve T\u00fcrkiye Kamu-Sen, Kamu G\u00f6revlileri Hakem Kurulu&#8217;nun memur maa\u015flar\u0131 ve memur emeklisi ayl\u0131klar\u0131 konusundaki karar\u0131na tepki g\u00f6sterdi.<\/p>\n","protected":false},"author":1,"featured_media":121991,"comment_status":"closed","ping_status":"open","sticky":false,"template":"","format":"standard","meta":{"footnotes":""},"categories":[25],"tags":[4991,60,13399,654,10126],"class_list":["post-121990","post","type-post","status-publish","format-standard","has-post-thumbnail","hentry","category-ekonomi","tag-4991","tag-enflasyon","tag-kamu-gorevlileri","tag-memur","tag-toplu-sozlesme"],"_links":{"self":[{"href":"https:\/\/haberulus.net\/index.php?rest_route=\/wp\/v2\/posts\/121990","targetHints":{"allow":["GET"]}}],"collection":[{"href":"https:\/\/haberulus.net\/index.php?rest_route=\/wp\/v2\/posts"}],"about":[{"href":"https:\/\/haberulus.net\/index.php?rest_route=\/wp\/v2\/types\/post"}],"author":[{"embeddable":true,"href":"https:\/\/haberulus.net\/index.php?rest_route=\/wp\/v2\/users\/1"}],"replies":[{"embeddable":true,"href":"https:\/\/haberulus.net\/index.php?rest_route=%2Fwp%2Fv2%2Fcomments&post=121990"}],"version-history":[{"count":1,"href":"https:\/\/haberulus.net\/index.php?rest_route=\/wp\/v2\/posts\/121990\/revisions"}],"predecessor-version":[{"id":121992,"href":"https:\/\/haberulus.net\/index.php?rest_route=\/wp\/v2\/posts\/121990\/revisions\/121992"}],"wp:featuredmedia":[{"embeddable":true,"href":"https:\/\/haberulus.net\/index.php?rest_route=\/wp\/v2\/media\/121991"}],"wp:attachment":[{"href":"https:\/\/haberulus.net\/index.php?rest_route=%2Fwp%2Fv2%2Fmedia&parent=121990"}],"wp:term":[{"taxonomy":"category","embeddable":true,"href":"https:\/\/haberulus.net\/index.php?rest_route=%2Fwp%2Fv2%2Fcategories&post=121990"},{"taxonomy":"post_tag","embeddable":true,"href":"https:\/\/haberulus.net\/index.php?rest_route=%2Fwp%2Fv2%2Ftags&post=121990"}],"curies":[{"name":"wp","href":"https:\/\/api.w.org\/{rel}","templated":true}]}}