{"id":122002,"date":"2023-08-31T17:21:03","date_gmt":"2023-08-31T17:21:03","guid":{"rendered":"https:\/\/haberulus.net\/?p=122002"},"modified":"2023-08-31T17:21:03","modified_gmt":"2023-08-31T17:21:03","slug":"ankaragucu-baskani-faruk-kocadan-eryaman-stadi-zemini-ve-morutan-transferi-aciklamalari","status":"publish","type":"post","link":"https:\/\/haberulus.net\/?p=122002","title":{"rendered":"Ankarag\u00fcc\u00fc Ba\u015fkan\u0131 Faruk Koca\u2019dan Eryaman Stad\u0131 zemini ve Morutan transferi a\u00e7\u0131klamalar\u0131"},"content":{"rendered":"<p>MKE Ankarag\u00fcc\u00fc Kul\u00fcb\u00fc Ba\u015fkan\u0131 Faruk Koca, Trendyol S\u00fcper Lig\u2019in 4. haftas\u0131nda 3 Eyl\u00fcl Pazar g\u00fcn\u00fc Fenerbah\u00e7e\u2019yle Eryaman Stad\u0131\u2019nda oynayacaklar\u0131 ma\u00e7\u0131n zeminiyle ilgili yap\u0131lan ele\u015ftirilere cevap vererek, \u201cZemininin ne kadar elveri\u015fli oldu\u011funu herkes g\u00f6recek.\u201d dedi.<\/p>\n<p>Sar\u0131-lacivertli kul\u00fcb\u00fcn ba\u015fkan\u0131 Koca, Be\u015ftepe Tesisleri\u2019nde bas\u0131n mensuplar\u0131na a\u00e7\u0131klamalarda bulundu.<\/p>\n<p>MKE Ankarag\u00fcc\u00fc\u2019n\u00fcn 113. kurulu\u015f y\u0131l d\u00f6n\u00fcm\u00fcn\u00fc nedeniyle \u00f6zel bir g\u00fcn ya\u015fad\u0131klar\u0131n\u0131 aktaran Faruk Koca, \u201cAnkarag\u00fcc\u00fc tarihi bir kul\u00fcp. Ankarag\u00fcc\u00fc, \u0130malat-\u0131 Harbiye yani bug\u00fcnk\u00fc ad\u0131yla Makine Kimya End\u00fcstrisi taraf\u0131ndan \u0130stanbul\u2019daki fabrikalardaki i\u015f\u00e7iler taraf\u0131ndan kuruldu. Kurtulu\u015f Sava\u015f\u0131\u2019nda hem \u00e7al\u0131\u015fanlar hem futbolcular yer ald\u0131. Kul\u00fcb\u00fcm\u00fczden \u015fehitlerimiz ve gazilerimiz oldu. Bu y\u00fczden hassas bir kul\u00fcb\u00fcz. Sportif olarak da MKE Ankarag\u00fcc\u00fc o tarihi misyonuna yak\u0131\u015f\u0131r yerlerde olmas\u0131 laz\u0131m. Ba\u015fkan olarak bize d\u00fc\u015fen tarihi misyonu gelece\u011fe ta\u015f\u0131yacak sportif ba\u015far\u0131lar elde etmek.\u201d ifadelerini kulland\u0131.<\/p>\n<p><b>\u201cO G\u00dcNK\u00dc \u015eARTLARDA OL\u0130MP\u0130YAT\u2019TA OYNAMAMIZ GEREK\u0130YORDU\u201d<\/b><\/p>\n<p>Ligdeki ilk i\u00e7 saha ma\u00e7lar\u0131n\u0131 Eryaman Stad\u0131\u2019n\u0131n zeminindeki problem nedeniyle \u0130stanbul\u2019da oynad\u0131klar\u0131n\u0131 hat\u0131rlatan Koca, s\u00f6zlerini \u015f\u00f6yle s\u00fcrd\u00fcrd\u00fc:<\/p>\n<p>\u201cFenerbah\u00e7e b\u00fcy\u00fck bir camia. Ankarag\u00fcc\u00fc de \u00f6yle. \u0130ki camia tak\u0131m\u0131n\u0131n kar\u015f\u0131 kar\u015f\u0131ya gelmesi de bir derbidir. \u00d6nemli bir ma\u00e7 olacak. Adana Demirspor ma\u00e7\u0131n\u0131 maalesef saham\u0131z yeti\u015fmedi\u011fi i\u00e7in \u0130stanbul\u2019da oynamak durumunda kald\u0131. \u00c7ok spek\u00fcle edildi ba\u015fka \u015fehirlerde neden oynanmad\u0131 diye ama biz saham\u0131zda oynamad\u0131ktan sonra nerede oynad\u0131\u011f\u0131m\u0131z fark etmiyor. O g\u00fcnk\u00fc \u015fartlarda Atat\u00fcrk Olimpiyat Stad\u0131\u2019nda oynamam\u0131z gerekiyordu. \u0130lk defa taraftar\u0131m\u0131zla Fenerbah\u00e7e ma\u00e7\u0131nda bir araya gelece\u011fiz. Biletler bitmek \u00fczere. Camiam\u0131zda d\u00f6rt g\u00f6zle Ankara\u2019da oynamam\u0131z\u0131 bekliyordu. \u0130yi bir kadro kurduk. Son 3 transferimiz biraz ge\u00e7 kat\u0131ld\u0131 tak\u0131ma. \u0130n\u015fallah Fenerbah\u00e7e ma\u00e7\u0131nda daha iyi olaca\u011f\u0131z. Milli ma\u00e7 aras\u0131ndan sonra daha da iyi olaca\u011f\u0131z. Fenerbah\u00e7e\u2019nin de bizim de iyi kadromuz var.\u201d<\/p>\n<p><b>\u201cOYNAMAYA M\u00dcSA\u0130T OLMASAYDI ISRAR ETMEZD\u0130K\u201d<\/b><\/p>\n<p>Saha zeminiyle ilgili de son durumu aktaran Koca, \u015fu bilgileri verdi:<\/p>\n<p>\u201c\u0130ki g\u00fcn \u00f6nce zemini g\u00f6rd\u00fcm. \u00c7im ekibiyle konu\u015ftum. \u015eunu net bilsinler, e\u011fer oynamaya m\u00fcsait olmasayd\u0131 \u0131srar etmezdik. Sporcu sa\u011fl\u0131\u011f\u0131 her \u015feyden \u00f6nemli. Allah korusun olumsuz sahada sporcunun sakatlanmas\u0131n\u0131n telafisi m\u00fcmk\u00fcn de\u011fil. TFF yetkilileri, iki kez geldi. Farkl\u0131 a\u00e7\u0131dan foto\u011fraflar vard\u0131 sosyal medyada. \u00c7imle beraber kum da at\u0131l\u0131r. Kum at\u0131l\u0131nca sanki saha k\u00f6t\u00fcym\u00fc\u015f gibi g\u00f6z\u00fck\u00fcyor ama \u00f6yle bir \u015fey yok. Pazar g\u00fcn\u00fc ak\u015fam Fenerbah\u00e7e ma\u00e7\u0131nda Eryaman Stad\u0131\u2019n\u0131n zemininin ne kadar elveri\u015fli oldu\u011funu herkes g\u00f6recek.\u201d<\/p>\n<p><b>\u201cFENERBAH\u00c7E CAM\u0130ASI OLUMSUZ ALGI OLU\u015eTURUYOR\u201d<\/b><\/p>\n<p>Sosyal medyada yap\u0131lan ele\u015ftirilere de cevap veren Koca, \u201cFenerbah\u00e7e camias\u0131, taraftar\u0131 sosyal medyada olumsuz bir alg\u0131 olu\u015fturuyor, ne olacak yani burada oynamazsak ba\u015fka yerde oynasak ne fark edecek? Camialar\u0131n bu t\u00fcr tepkilerini ger\u00e7ekten anlam\u0131yorum. Her tak\u0131m kendi sahas\u0131nda oynamak ister. Liglerin ge\u00e7 bitmesi ve hava \u015fartlar\u0131 saha zemininin iyile\u015fmesini yava\u015flatt\u0131. Sadece biz de de\u011fil, Kayseri\u2019nin, Konya\u2019n\u0131n, Adana Demirspor\u2019un sahas\u0131 b\u00f6yle. Zemin \u00e7al\u0131\u015fmalar\u0131 s\u0131cakl\u0131klardan dolay\u0131 aksad\u0131. \u015eu anda en iyi zeminlerden biri Eryaman Stad\u0131\u2019nda oldu. Fenerbah\u00e7eliler inceleyince bunu g\u00f6recek. Pazar g\u00fcn\u00fc galip gelmek istiyoruz. \u015eunu net s\u00f6yleyeyim, belki ilk ma\u00e7larda s\u0131k\u0131nt\u0131lar olabilir ama iki \u00fc\u00e7 kar\u015f\u0131la\u015fma sonra ger\u00e7ek Ankarag\u00fcc\u00fc\u2019n\u00fcn camiam\u0131z g\u00f6recek.\u201d de\u011ferlendirmesinde bulundu.<\/p>\n<p><b>\u201c\u015eEFFAF OLMAYA \u00d6ZEN G\u00d6STER\u0130YORUZ\u201d<\/b><\/p>\n<p>MKE Ankarag\u00fcc\u00fc Kul\u00fcb\u00fc Ba\u015fkan\u0131 Faruk Koca, Galatasaray\u2019dan 3 milyon avroya transfer ettikleri Olimpiu Morutan\u2019\u0131n transfer \u00fccretiyle ilgili yap\u0131lan ele\u015ftirilere sert yan\u0131t verdi.<\/p>\n<p>Faruk Koca, transferin \u00e7ok s\u00f6ylentilere yol a\u00e7t\u0131\u011f\u0131n\u0131 savunarak, \u201cBiz \u015feffaf bir kul\u00fcp olmaya \u00f6zen g\u00f6steriyoruz. Bizi ilgilendiren k\u0131s\u0131mlarda biz \u015feffaf\u0131z. Bunu yaparken muhatab\u0131m\u0131z olan kul\u00fcplerin de zarar g\u00f6rmemesi gerekir. Morutan transferinde \u2018Ankarag\u00fcc\u00fc 3 milyon avro verip bu futbolcuyu nas\u0131l al\u0131r?\u2019 diye soru i\u015fareti olu\u015fmu\u015f olabilir ama ben bunu anlam\u0131yorum. Bug\u00fcn bu soruyu soranlar gidip b\u00fct\u00fcn kul\u00fcplerin bor\u00e7lar\u0131na, devlete olan bor\u00e7lar\u0131na baks\u0131nlar. \u015eu anda Ankarag\u00fcc\u00fc&#8217;n\u00fcn mevcut oynayan futbolcular\u0131na ve devlete 31 Temmuz itibar\u0131yla bir kuru\u015f borcu yok. Ne vergi, ne SSK borcu var. Maalesef bunlar konu\u015fulmuyor ama ilgisiz konular konu\u015fuluyor.\u201d diye konu\u015ftu.<\/p>\n<p><b>\u201cGELS\u0130NLER S\u00d6ZLE\u015eMEY\u0130 G\u00d6STERECE\u011e\u0130M\u201d<\/b><\/p>\n<p>Eyl\u00fcl sonu itibar\u0131yla de Ankarag\u00fcc\u00fc\u2019n\u00fcn ge\u00e7mi\u015ften gelen b\u00fct\u00fcn kul\u00fcp ve oyuncu bor\u00e7lar\u0131n\u0131 bitirecekleri s\u00f6yleyen Koca, \u015funlar\u0131 kaydetti:<\/p>\n<p>\u201c3 sene \u00f6nce u\u00e7ak bileti ald\u0131\u011f\u0131m\u0131z futbolcular Ankarag\u00fcc\u00fc\u2019ne gelmezken, \u015fimdi d\u00fcnyan\u0131n her yerinden Ankarag\u00fcc\u00fc\u2019ne futbolcu gelmek istiyor. Morutan, Ankarag\u00fcc\u00fc\u2019nde oynamak i\u00e7in di\u011fer b\u00fct\u00fcn teklifleri kabul etmedi. Avrupa\u2019da iki kul\u00fcp teklif etti, biz biliyoruz. Hem Galatasaray\u2019\u0131n hem de Ankarag\u00fcc\u00fc&#8217;n\u00fcn \u015fartlar\u0131na uygun bir s\u00f6zle\u015fme ile bu futbolcuyu transfer ettik. Bu futbolcunun y\u0131ld\u0131z\u0131 parlarsa, Ankarag\u00fcc\u00fc de Galatasaray da buradan ekonomik katk\u0131 alacak. Baz\u0131 kanallarda baz\u0131 yorumcular s\u0131rf reyting u\u011fruna her t\u00fcrl\u00fc iftiray\u0131 ve spek\u00fclasyonu s\u00f6yleyerek kamuoyunu yan\u0131lt\u0131yorlar. Bunlar\u0131 konu\u015fanlara ben meydan okudum, gelsinler, emin olduklar\u0131 birini getirsinler ben s\u00f6zle\u015fmeyi g\u00f6sterece\u011fim. Peki benim dedi\u011fim do\u011fruysa ne yapacaklar? \u00dczerlerine d\u00fc\u015fen istifa etmeleri.\u201d (AA)<\/p>\n","protected":false},"excerpt":{"rendered":"<p>Ankarag\u00fcc\u00fc&#8217;n\u00fcn Ba\u015fkan\u0131 Faruk Koca, Eryaman Stad\u0131 zemini hakk\u0131nda yap\u0131lan ele\u015ftirilere cevap verdi ve Morutan transferinin arkas\u0131nda durdu. Koca, &#8220;Zemininin ne kadar elveri\u015fli oldu\u011funu herkes g\u00f6recek&#8221; ifadelerini kulland\u0131 ve Morutan transferi hakk\u0131nda detaylar\u0131 a\u00e7\u0131klad\u0131.<\/p>\n","protected":false},"author":1,"featured_media":122003,"comment_status":"closed","ping_status":"open","sticky":false,"template":"","format":"standard","meta":{"footnotes":""},"categories":[31],"tags":[478,346,82,1331,2990],"class_list":["post-122002","post","type-post","status-publish","format-standard","has-post-thumbnail","hentry","category-spor","tag-ankaragucu","tag-fenerbahce","tag-gun","tag-koca","tag-saha"],"_links":{"self":[{"href":"https:\/\/haberulus.net\/index.php?rest_route=\/wp\/v2\/posts\/122002","targetHints":{"allow":["GET"]}}],"collection":[{"href":"https:\/\/haberulus.net\/index.php?rest_route=\/wp\/v2\/posts"}],"about":[{"href":"https:\/\/haberulus.net\/index.php?rest_route=\/wp\/v2\/types\/post"}],"author":[{"embeddable":true,"href":"https:\/\/haberulus.net\/index.php?rest_route=\/wp\/v2\/users\/1"}],"replies":[{"embeddable":true,"href":"https:\/\/haberulus.net\/index.php?rest_route=%2Fwp%2Fv2%2Fcomments&post=122002"}],"version-history":[{"count":1,"href":"https:\/\/haberulus.net\/index.php?rest_route=\/wp\/v2\/posts\/122002\/revisions"}],"predecessor-version":[{"id":122004,"href":"https:\/\/haberulus.net\/index.php?rest_route=\/wp\/v2\/posts\/122002\/revisions\/122004"}],"wp:featuredmedia":[{"embeddable":true,"href":"https:\/\/haberulus.net\/index.php?rest_route=\/wp\/v2\/media\/122003"}],"wp:attachment":[{"href":"https:\/\/haberulus.net\/index.php?rest_route=%2Fwp%2Fv2%2Fmedia&parent=122002"}],"wp:term":[{"taxonomy":"category","embeddable":true,"href":"https:\/\/haberulus.net\/index.php?rest_route=%2Fwp%2Fv2%2Fcategories&post=122002"},{"taxonomy":"post_tag","embeddable":true,"href":"https:\/\/haberulus.net\/index.php?rest_route=%2Fwp%2Fv2%2Ftags&post=122002"}],"curies":[{"name":"wp","href":"https:\/\/api.w.org\/{rel}","templated":true}]}}