{"id":122005,"date":"2023-08-31T17:21:04","date_gmt":"2023-08-31T17:21:04","guid":{"rendered":"https:\/\/haberulus.net\/?p=122005"},"modified":"2023-08-31T17:21:04","modified_gmt":"2023-08-31T17:21:04","slug":"canli-besiktas-dinamo-kiev-uefa-avrupa-konferans-ligi-play-off","status":"publish","type":"post","link":"https:\/\/haberulus.net\/?p=122005","title":{"rendered":"CANLI | Be\u015fikta\u015f Dinamo Kiev | UEFA Avrupa Konferans Ligi play-off"},"content":{"rendered":"<p>UEFA Avrupa Konferans Ligi play-off turu r\u00f6van\u015f\u0131nda temsilcimiz Be\u015fikta\u015f, Ukrayna temsilcisi Dinamo Kiev ile r\u00f6van\u015f ma\u00e7\u0131nda kar\u015f\u0131 kar\u015f\u0131ya gelecek. Be\u015fikta\u015f Park\u2019ta oynanacak kar\u015f\u0131la\u015fma saat 21.00\u2019de ba\u015flayacak. M\u00fccadeleyi Portekizli hakem Joao Pinheiro y\u00f6netecek.<\/p>\n<p>Be\u015fikta\u015f, Romanya\u2019da oynanan ilk ma\u00e7\u0131 90+4\u2019te att\u0131\u011f\u0131 golle 3-2 kazanarak \u0130stanbul\u2019a avantajla d\u00f6nd\u00fc. Temsilcimiz bu ak\u015fam sahadan beraberlikle de ayr\u0131lsa UEFA Avrupa Konferans Ligi gruplar\u0131na kalacak.<\/p>\n<p><b>KADROLAR<\/b><\/p>\n<p><strong>Be\u015fikta\u015f:<\/strong> Mert, Rosier, Necip, Colley, Onur, Amir, Salih, Gedson, Rashica, Muleka, Aboubakar<\/p>\n<p><span><strong>Dinamo Kiev:<\/strong> Bushchan, Tymchyk, Popov, Syrota, Dubinchak, Karavaev, Sydorchuk, Shaparenko, Voloshyn, Buyalskiy, Vanat<\/span><\/p>\n<p><b>GHEZZAL VE SEM\u0130H YOK<\/b><\/p>\n<p>Be\u015fikta\u015f\u2019ta Rachid Ghezzal ve Semih K\u0131l\u0131\u00e7soy yar\u0131n oynanacak kar\u015f\u0131la\u015fmada g\u00f6rev yapamayacak.<\/p>\n<p>Play-off turunda isimleri UEFA listesine verilmeyen iki futbolcu B\u00fckre\u015f\u2019te oynanan ilk kar\u015f\u0131la\u015fmada da forma giyememi\u015fti.<\/p>\n<p><b>BE\u015e\u0130KTA\u015e\u2019IN AVRUPA\u2019DA YEN\u0130LG\u0130S\u0130 YOK<\/b><\/p>\n<p>Siyah-beyazl\u0131 ekip bu sezon Avrupa\u2019da oynad\u0131\u011f\u0131 5 ma\u00e7\u0131 da kazand\u0131.<\/p>\n<p>UEFA Avrupa Konferans Ligi\u2019nin 2. \u00f6n eleme turunda Arnavutluk ekibi Tirana\u2019y\u0131 3-1 ve 2-0\u2019l\u0131k skorlarla eleyen Be\u015fikta\u015f, bir sonraki a\u015famada Azerbaycan temsilcisi Neft\u00e7i\u2019yi 3-1 ve 2-1\u2019lik skorlarla saf d\u0131\u015f\u0131 b\u0131rakt\u0131.<\/p>\n<p>Siyah-beyazl\u0131 ekip, Dinamo Kiev\u2019i de ilk ma\u00e7ta uzatma dakikalar\u0131nda buldu\u011fu golle 3-2 yendi.<\/p>\n<p><b>AVRUPA\u2019DA 236. MA\u00c7<\/b><\/p>\n<p>UEFA Avrupa Konferans Ligi play-off turu r\u00f6van\u015f ma\u00e7\u0131nda yar\u0131n Ukrayna ekibi Dinamo Kiev ile kar\u015f\u0131la\u015facak Be\u015fikta\u015f, Avrupa\u2019da 236. kez sahne alacak.<\/p>\n<p>Siyah-beyazl\u0131 futbol tak\u0131m\u0131, Avrupa kupalar\u0131nda \u00e7\u0131kt\u0131\u011f\u0131 235 m\u00fcsabakada 89 galibiyet, 47 beraberlik ve 99 yenilgi ya\u015fad\u0131.<\/p>\n<p>S\u00f6z konusu ma\u00e7larda 312 kez fileleri havaland\u0131ran Be\u015fikta\u015f, kalesinde ise 351 gol g\u00f6rd\u00fc.<\/p>\n","protected":false},"excerpt":{"rendered":"<p>Be\u015fikta\u015f Dinamo Kiev ma\u00e7\u0131 canl\u0131 yay\u0131n anlat\u0131m\u0131yla S\u00f6zc\u00fc&#8217;de! Temsilcimiz Be\u015fikta\u015f, UEFA Avrupa Konferans Ligi&#8217;nde gruplara kalmak i\u00e7in ilk ma\u00e7ta 3-2 ma\u011flup etti\u011fi Dinamo Kiev&#8217;i taraftar\u0131 \u00f6n\u00fcnde eleyerek Avrupa&#8217;da yoluna devam etmeyi hedefliyor.<\/p>\n","protected":false},"author":1,"featured_media":122006,"comment_status":"closed","ping_status":"open","sticky":false,"template":"","format":"standard","meta":{"footnotes":""},"categories":[31],"tags":[253,324,290,2516],"class_list":["post-122005","post","type-post","status-publish","format-standard","has-post-thumbnail","hentry","category-spor","tag-avrupa","tag-besiktas","tag-mac","tag-uefa"],"_links":{"self":[{"href":"https:\/\/haberulus.net\/index.php?rest_route=\/wp\/v2\/posts\/122005","targetHints":{"allow":["GET"]}}],"collection":[{"href":"https:\/\/haberulus.net\/index.php?rest_route=\/wp\/v2\/posts"}],"about":[{"href":"https:\/\/haberulus.net\/index.php?rest_route=\/wp\/v2\/types\/post"}],"author":[{"embeddable":true,"href":"https:\/\/haberulus.net\/index.php?rest_route=\/wp\/v2\/users\/1"}],"replies":[{"embeddable":true,"href":"https:\/\/haberulus.net\/index.php?rest_route=%2Fwp%2Fv2%2Fcomments&post=122005"}],"version-history":[{"count":1,"href":"https:\/\/haberulus.net\/index.php?rest_route=\/wp\/v2\/posts\/122005\/revisions"}],"predecessor-version":[{"id":122007,"href":"https:\/\/haberulus.net\/index.php?rest_route=\/wp\/v2\/posts\/122005\/revisions\/122007"}],"wp:featuredmedia":[{"embeddable":true,"href":"https:\/\/haberulus.net\/index.php?rest_route=\/wp\/v2\/media\/122006"}],"wp:attachment":[{"href":"https:\/\/haberulus.net\/index.php?rest_route=%2Fwp%2Fv2%2Fmedia&parent=122005"}],"wp:term":[{"taxonomy":"category","embeddable":true,"href":"https:\/\/haberulus.net\/index.php?rest_route=%2Fwp%2Fv2%2Fcategories&post=122005"},{"taxonomy":"post_tag","embeddable":true,"href":"https:\/\/haberulus.net\/index.php?rest_route=%2Fwp%2Fv2%2Ftags&post=122005"}],"curies":[{"name":"wp","href":"https:\/\/api.w.org\/{rel}","templated":true}]}}