{"id":122014,"date":"2023-08-31T17:35:04","date_gmt":"2023-08-31T17:35:04","guid":{"rendered":"https:\/\/haberulus.net\/?p=122014"},"modified":"2023-08-31T17:35:04","modified_gmt":"2023-08-31T17:35:04","slug":"canli-adana-demirspor-genk-maci-canli-yayin-uefa-avrupa-konferans-ligi","status":"publish","type":"post","link":"https:\/\/haberulus.net\/?p=122014","title":{"rendered":"CANLI | Adana Demirspor Genk ma\u00e7\u0131 canl\u0131 yay\u0131n (UEFA Avrupa Konferans Ligi)"},"content":{"rendered":"<p>UEFA Avrupa Konferans Ligi play-off turu r\u00f6van\u015f ma\u00e7\u0131nda Yukatel Adana Demirspor, sahas\u0131nda Bel\u00e7ika temsilcisi Genk ile kar\u015f\u0131la\u015f\u0131yor.<\/p>\n<p>Bel\u00e7ika\u2019daki ilk ma\u00e7ta rakibine 2-1 yenilen Akdeniz ekibi, turu ge\u00e7ecek skoru elde ederek gruplara kalmak istiyor.<\/p>\n<p><b>Adana Demirspor nas\u0131l tur atlar?<\/b><\/p>\n<p>\u0130lk ma\u00e7\u0131 2-1 kaybeden Adana Demirspor\u2019a turu ge\u00e7mek i\u00e7in galibiyet gerekiyor. Tek farkl\u0131 galibiyetlerin uzatmalara ta\u015f\u0131yaca\u011f\u0131 ma\u00e7ta Adana Demirspor\u2019un turu ge\u00e7mesi i\u00e7in sahadan en az 2 farkl\u0131 galibiyetle ayr\u0131lmas\u0131 gerekiyor.<\/p>\n<p><b>Adana Demirspor bu tura nas\u0131l geldi?<\/b><\/p>\n<p>UEFA Avrupa Konferans Ligi\u2019ne 2. eleme turundan kat\u0131lan Adana ekibi, s\u0131ras\u0131yla Romanya ekibi CFR Cluj ve H\u0131rvatistan temsilcisi Osijek\u2019i eleyerek play-off etab\u0131na y\u00fckselmi\u015fti.<\/p>\n<p><b>Tarihinde ilk kez Avrupa\u2019da<\/b><\/p>\n<p>Tarihinde ilk kez Avrupa kupalar\u0131na kat\u0131lan Adana ekibi, elemelerde \u00e7\u0131kt\u0131\u011f\u0131 5 kar\u015f\u0131la\u015fmada 2 galibiyet, 1 beraberlik ve 2 yenilgi ald\u0131. Adana Demirspor, ge\u00e7ti\u011fimiz sezon S\u00fcper Lig\u2019i 4. s\u0131rada bitirerek Avrupa kupalar\u0131na gitmeye hak kazanm\u0131\u015ft\u0131.<\/p>\n","protected":false},"excerpt":{"rendered":"<p>Adana Demirspor Genk ma\u00e7\u0131n\u0131 canl\u0131 olarak S\u00f6zc\u00fc Spor&#8217;dan takip edebilirsiniz&#8230; UEFA Avrupa Konferans Ligi play-off turu r\u00f6van\u015f\u0131nda temsilcimiz tarihinde ilk kez gruplara kalmak i\u00e7in m\u00fccadele ediyor.<\/p>\n","protected":false},"author":1,"featured_media":122015,"comment_status":"closed","ping_status":"open","sticky":false,"template":"","format":"standard","meta":{"footnotes":""},"categories":[31],"tags":[2466,253,2864],"class_list":["post-122014","post","type-post","status-publish","format-standard","has-post-thumbnail","hentry","category-spor","tag-adana-demirspor","tag-avrupa","tag-turu"],"_links":{"self":[{"href":"https:\/\/haberulus.net\/index.php?rest_route=\/wp\/v2\/posts\/122014","targetHints":{"allow":["GET"]}}],"collection":[{"href":"https:\/\/haberulus.net\/index.php?rest_route=\/wp\/v2\/posts"}],"about":[{"href":"https:\/\/haberulus.net\/index.php?rest_route=\/wp\/v2\/types\/post"}],"author":[{"embeddable":true,"href":"https:\/\/haberulus.net\/index.php?rest_route=\/wp\/v2\/users\/1"}],"replies":[{"embeddable":true,"href":"https:\/\/haberulus.net\/index.php?rest_route=%2Fwp%2Fv2%2Fcomments&post=122014"}],"version-history":[{"count":1,"href":"https:\/\/haberulus.net\/index.php?rest_route=\/wp\/v2\/posts\/122014\/revisions"}],"predecessor-version":[{"id":122016,"href":"https:\/\/haberulus.net\/index.php?rest_route=\/wp\/v2\/posts\/122014\/revisions\/122016"}],"wp:featuredmedia":[{"embeddable":true,"href":"https:\/\/haberulus.net\/index.php?rest_route=\/wp\/v2\/media\/122015"}],"wp:attachment":[{"href":"https:\/\/haberulus.net\/index.php?rest_route=%2Fwp%2Fv2%2Fmedia&parent=122014"}],"wp:term":[{"taxonomy":"category","embeddable":true,"href":"https:\/\/haberulus.net\/index.php?rest_route=%2Fwp%2Fv2%2Fcategories&post=122014"},{"taxonomy":"post_tag","embeddable":true,"href":"https:\/\/haberulus.net\/index.php?rest_route=%2Fwp%2Fv2%2Ftags&post=122014"}],"curies":[{"name":"wp","href":"https:\/\/api.w.org\/{rel}","templated":true}]}}