{"id":122053,"date":"2023-08-31T19:51:03","date_gmt":"2023-08-31T19:51:03","guid":{"rendered":"https:\/\/haberulus.net\/?p=122053"},"modified":"2023-08-31T19:51:03","modified_gmt":"2023-08-31T19:51:03","slug":"besiktasin-yildizi-aboubakar-golunu-attiktan-sonra-lucescuya-kostu","status":"publish","type":"post","link":"https:\/\/haberulus.net\/?p=122053","title":{"rendered":"Be\u015fikta\u015f\u2019\u0131n y\u0131ld\u0131z\u0131 Aboubakar gol\u00fcn\u00fc att\u0131ktan sonra Lucescu\u2019ya ko\u015ftu!"},"content":{"rendered":"<p>UEFA Avrupa Konferans Ligi\u2019nin play-off turu r\u00f6van\u015f ma\u00e7\u0131nda Be\u015fikta\u015f, Dinamo Kiev\u2019i konuk etti. 52. dakikada \u015f\u0131k bir golle tak\u0131m\u0131n\u0131 \u00f6ne ge\u00e7iren Vincent Aboubakar, topu filelere g\u00f6nderdikten sonra Dinamo Kiev yedek kul\u00fcbesinin \u00f6n\u00fcne do\u011fru ko\u015ftu.<\/p>\n<div><img decoding=\"async\" src=\"https:\/\/i01.sozcucdn.com\/wp-content\/uploads\/2023\/08\/31\/aa-20230831-32044217-32044211-besiktas_dinamo_kiev-e1693510136752.jpg\" alt=\"\" title=\"\"><\/p>\n<p>Foto: AA<\/p>\n<\/div>\n<p>Yard\u0131mc\u0131 hakem ve d\u00f6rd\u00fcnc\u00fc hakem araya girmesine ra\u011fmen Aboubakar ile Colley, ilk ma\u00e7tan sonra \u201cAfrika\u201d g\u00f6ndermesi yapan Dinamo Kiev Teknik Direkt\u00f6r\u00fc Mircea Lucescu\u2019ya tepki g\u00f6sterdi.<\/p>\n<p>Aboubakar bu gol sevincinden sonra sar\u0131 kart g\u00f6rd\u00fc.<\/p>\n<p><img decoding=\"async\" src=\"https:\/\/i01.sozcucdn.com\/wp-content\/uploads\/2023\/08\/31\/depophotos_18050019-e1693510114696.jpg\" alt=\"\" title=\"\"><\/p>\n<p><b>LUCESCU NE DEM\u0130\u015eT\u0130?<\/b><\/p>\n<p>Romanya\u2019da 3-2 kaybettikleri ma\u00e7\u0131n ard\u0131ndan Mircea Lucescu \u015fu ifadeleri kullanm\u0131\u015ft\u0131;<\/p>\n<p>\u201cBiz Be\u015fikta\u015f\u2019a kar\u015f\u0131 de\u011fil, Afrika Milli Tak\u0131m\u0131\u2019na kar\u015f\u0131 oynad\u0131k. Kul\u00fcpte yeti\u015fmi\u015f 11 oyuncuyla onlara kar\u015f\u0131 oynamak \u00e7ok zor. Oyuncular\u0131m\u0131z\u0131n tecr\u00fcbesizli\u011finden faydaland\u0131lar ve goller att\u0131lar. \u0130yi bir tak\u0131m, iyi transferler yapt\u0131lar.\u201d<\/p>\n<div><img decoding=\"async\" src=\"https:\/\/i01.sozcucdn.com\/wp-content\/uploads\/2023\/08\/31\/aa-20230831-32044217-32044216-besiktas_dinamo_kiev.jpg\" alt=\"\" title=\"\"><\/p>\n<p>Foto: AA<\/p>\n<\/div>\n","protected":false},"excerpt":{"rendered":"<p>Be\u015fikta\u015f&#8217;\u0131n golc\u00fcs\u00fc Aboubakar, Dinamo Kiev filelerine g\u00f6nderdi\u011fi gol\u00fcn ard\u0131ndan sevincini Mircea Lucescu&#8217;ya tepki g\u00f6stererek ya\u015fad\u0131.<\/p>\n","protected":false},"author":1,"featured_media":122054,"comment_status":"closed","ping_status":"open","sticky":false,"template":"","format":"standard","meta":{"footnotes":""},"categories":[31],"tags":[],"class_list":["post-122053","post","type-post","status-publish","format-standard","has-post-thumbnail","hentry","category-spor"],"_links":{"self":[{"href":"https:\/\/haberulus.net\/index.php?rest_route=\/wp\/v2\/posts\/122053","targetHints":{"allow":["GET"]}}],"collection":[{"href":"https:\/\/haberulus.net\/index.php?rest_route=\/wp\/v2\/posts"}],"about":[{"href":"https:\/\/haberulus.net\/index.php?rest_route=\/wp\/v2\/types\/post"}],"author":[{"embeddable":true,"href":"https:\/\/haberulus.net\/index.php?rest_route=\/wp\/v2\/users\/1"}],"replies":[{"embeddable":true,"href":"https:\/\/haberulus.net\/index.php?rest_route=%2Fwp%2Fv2%2Fcomments&post=122053"}],"version-history":[{"count":1,"href":"https:\/\/haberulus.net\/index.php?rest_route=\/wp\/v2\/posts\/122053\/revisions"}],"predecessor-version":[{"id":122055,"href":"https:\/\/haberulus.net\/index.php?rest_route=\/wp\/v2\/posts\/122053\/revisions\/122055"}],"wp:featuredmedia":[{"embeddable":true,"href":"https:\/\/haberulus.net\/index.php?rest_route=\/wp\/v2\/media\/122054"}],"wp:attachment":[{"href":"https:\/\/haberulus.net\/index.php?rest_route=%2Fwp%2Fv2%2Fmedia&parent=122053"}],"wp:term":[{"taxonomy":"category","embeddable":true,"href":"https:\/\/haberulus.net\/index.php?rest_route=%2Fwp%2Fv2%2Fcategories&post=122053"},{"taxonomy":"post_tag","embeddable":true,"href":"https:\/\/haberulus.net\/index.php?rest_route=%2Fwp%2Fv2%2Ftags&post=122053"}],"curies":[{"name":"wp","href":"https:\/\/api.w.org\/{rel}","templated":true}]}}