{"id":122074,"date":"2023-08-31T20:35:03","date_gmt":"2023-08-31T20:35:03","guid":{"rendered":"https:\/\/haberulus.net\/?p=122074"},"modified":"2023-08-31T20:35:03","modified_gmt":"2023-08-31T20:35:03","slug":"hukumetin-yaptigi-memur-emekli-zammina-cumhur-ittifaki-ortagi-da-tepki-gosterdi","status":"publish","type":"post","link":"https:\/\/haberulus.net\/?p=122074","title":{"rendered":"H\u00fck\u00fcmetin yapt\u0131\u011f\u0131 memur emekli zamm\u0131na Cumhur \u0130ttifak\u0131 orta\u011f\u0131 da tepki g\u00f6sterdi"},"content":{"rendered":"<p>4 milyon memur ve 2 bu\u00e7uk milyon memur emeklisinin maa\u015flar\u0131na 2024 ve 2025 y\u0131llar\u0131nda yap\u0131lacak zam oran\u0131 belli oldu. Anla\u015fma sa\u011flanamamas\u0131 \u00fczerine devreye giren hakem kurulu be\u015f toplant\u0131 yapt\u0131 ama yine h\u00fck\u00fcmetin sundu\u011fu teklif kabul edilmi\u015f oldu.<\/p>\n<p>Buna g\u00f6re; Kamu G\u00f6revlileri Hakem Heyeti karar\u0131 do\u011frultusunda kamu g\u00f6revlilerine 2024 y\u0131l\u0131 i\u00e7in y\u00fczde 15+10, 2025 y\u0131l\u0131 i\u00e7in y\u00fczde 6+5 art\u0131\u015f yap\u0131lacak.<\/p>\n<p><strong>ORTA\u011eINDAN TEPK\u0130 GELD\u0130<\/strong><\/p>\n<p>Zam karar\u0131 sonras\u0131 Cumhur \u0130ttifak\u0131 orta\u011f\u0131 B\u00fcy\u00fck Birlik Partisi\u2019nden yaz\u0131l\u0131 a\u00e7\u0131klama geldi.<\/p>\n<p>Kurulun karar\u0131n\u0131n, memur ve memur emeklilerinin talep ve beklentilerini kar\u015f\u0131lamaktan uzak kald\u0131\u011f\u0131n\u0131, belirlenen zam oranlar\u0131n\u0131n, Merkez Bankas\u0131n\u0131n tahmini enflasyon beklentisi rakamlar\u0131n\u0131n dahi alt\u0131nda oldu\u011funu ifade eden B\u00fcy\u00fck Birlik Partisi (BBP) Genel Ba\u015fkan\u0131 Mustafa Destici, \u201cTemennimiz h\u00fck\u00fcmetimizin yeni bir \u00e7al\u0131\u015fma yaparak en az tahmini enflasyon rakamlar\u0131n\u0131n \u00fczerinde, \u00e7al\u0131\u015fan ve emeklilerimizi tatmin edecek bir teklif sunmas\u0131d\u0131r.\u201d ifadelerini kulland\u0131.<\/p>\n","protected":false},"excerpt":{"rendered":"<p>H\u00fck\u00fcmetin memur ve memur emeklilerine yapt\u0131\u011f\u0131 2024-2025 y\u0131l\u0131na ili\u015fkin zamma Cumhur \u0130ttifak\u0131 orta\u011f\u0131ndan da tepki geldi.<\/p>\n","protected":false},"author":1,"featured_media":122075,"comment_status":"closed","ping_status":"open","sticky":false,"template":"","format":"standard","meta":{"footnotes":""},"categories":[26],"tags":[],"class_list":["post-122074","post","type-post","status-publish","format-standard","has-post-thumbnail","hentry","category-gundem"],"_links":{"self":[{"href":"https:\/\/haberulus.net\/index.php?rest_route=\/wp\/v2\/posts\/122074","targetHints":{"allow":["GET"]}}],"collection":[{"href":"https:\/\/haberulus.net\/index.php?rest_route=\/wp\/v2\/posts"}],"about":[{"href":"https:\/\/haberulus.net\/index.php?rest_route=\/wp\/v2\/types\/post"}],"author":[{"embeddable":true,"href":"https:\/\/haberulus.net\/index.php?rest_route=\/wp\/v2\/users\/1"}],"replies":[{"embeddable":true,"href":"https:\/\/haberulus.net\/index.php?rest_route=%2Fwp%2Fv2%2Fcomments&post=122074"}],"version-history":[{"count":1,"href":"https:\/\/haberulus.net\/index.php?rest_route=\/wp\/v2\/posts\/122074\/revisions"}],"predecessor-version":[{"id":122076,"href":"https:\/\/haberulus.net\/index.php?rest_route=\/wp\/v2\/posts\/122074\/revisions\/122076"}],"wp:featuredmedia":[{"embeddable":true,"href":"https:\/\/haberulus.net\/index.php?rest_route=\/wp\/v2\/media\/122075"}],"wp:attachment":[{"href":"https:\/\/haberulus.net\/index.php?rest_route=%2Fwp%2Fv2%2Fmedia&parent=122074"}],"wp:term":[{"taxonomy":"category","embeddable":true,"href":"https:\/\/haberulus.net\/index.php?rest_route=%2Fwp%2Fv2%2Fcategories&post=122074"},{"taxonomy":"post_tag","embeddable":true,"href":"https:\/\/haberulus.net\/index.php?rest_route=%2Fwp%2Fv2%2Ftags&post=122074"}],"curies":[{"name":"wp","href":"https:\/\/api.w.org\/{rel}","templated":true}]}}