{"id":122077,"date":"2023-08-31T20:51:03","date_gmt":"2023-08-31T20:51:03","guid":{"rendered":"https:\/\/haberulus.net\/?p=122077"},"modified":"2023-08-31T20:51:03","modified_gmt":"2023-08-31T20:51:03","slug":"ismail-kartal-avrupada-ust-uste-7-mac-kazanan-ilk-turk-takimi-olduk","status":"publish","type":"post","link":"https:\/\/haberulus.net\/?p=122077","title":{"rendered":"\u0130smail Kartal: Avrupa\u2019da \u00fcst \u00fcste 7 ma\u00e7 kazanan ilk T\u00fcrk tak\u0131m\u0131 olduk"},"content":{"rendered":"<p>Fenerbah\u00e7e, UEFA Avrupa Konferans Ligi Play-Off Turu\u2019nda 5-1 kazand\u0131\u011f\u0131 ilk ma\u00e7\u0131n r\u00f6van\u015f\u0131nda Twente\u2019yi deplasmanda 1-0 ma\u011flup ederek ad\u0131n\u0131 gruplara yazd\u0131rd\u0131. Sar\u0131-lacivertli ekibin teknik direkt\u00f6r\u00fc \u0130smail Kartal, kar\u015f\u0131la\u015fman\u0131n ard\u0131ndan d\u00fczenlenen bas\u0131n toplant\u0131s\u0131nda a\u00e7\u0131klamalarda bulundu.<\/p>\n<p>\u0130lk yar\u0131n\u0131n \u00e7ok sert ge\u00e7ti\u011fini ve rakibinin oyuncular\u0131n\u0131 provoke etti\u011fini s\u00f6yleyen Kartal, \u201cRakibin bize kar\u015f\u0131 \u00e7ok motive haz\u0131rland\u0131\u011f\u0131n\u0131, baz\u0131 oyuncular\u0131yla bizim oyuncular\u0131m\u0131z\u0131 provoke edeceklerini biliyorduk. Biz sadece oyunumuza konsantre olmal\u0131y\u0131z, diyerek oyuncular\u0131m\u0131zla konu\u015fmu\u015ftuk. \u0130lk yar\u0131da l\u00fczumsuz yere 5 sar\u0131 kart g\u00f6rd\u00fck. Biz bunlar\u0131 istemiyoruz. Bunlara al\u0131\u015fmal\u0131y\u0131z. B\u00f6yle ma\u00e7lar\u0131 bundan sonra da oynayaca\u011f\u0131z. Bunlar\u0131 bir teknik direkt\u00f6r olarak kabul etmiyoruz. Devre aras\u0131nda daha sakin olmam\u0131z gerekti\u011fini ve futbol oynamaya geldi\u011fimizi konu\u015ftuk. Yapt\u0131\u011f\u0131m\u0131z hamlelerle oyunun kontrol\u00fcn\u00fc baz\u0131 d\u00f6nemler elimize ge\u00e7irdik. Kontroll\u00fc oynamaya \u00e7al\u0131\u015ft\u0131k. Kazand\u0131\u011f\u0131m\u0131z i\u00e7in mutluyuz. 6\u2019da 6 yaparak \u00fclke puan\u0131na katk\u0131 yapt\u0131\u011f\u0131m\u0131z i\u00e7in mutluyum. Ge\u00e7en sezondan 1 ma\u00e7, bu sezon da 6 ma\u00e7 olmak \u00fczere Avrupa\u2019da \u00fcst \u00fcste 7 ma\u00e7 kazanan ilk T\u00fcrk tak\u0131m\u0131 olduk. Oyuncular\u0131m\u0131 tebrik ediyorum\u201d diye konu\u015ftu.<\/p>\n<p><b>\u201cBAZI MA\u00c7LARIMIZI TUTMAK, BAZI MA\u00c7LARIMIZI KAZANMAK \u0130\u00c7\u0130N OYNAYACA\u011eIZ\u201d<\/b><\/p>\n<p>Twente\u2019nin ilk yar\u0131da bask\u0131l\u0131 oynad\u0131\u011f\u0131n\u0131 ifade eden Kartal, oyun planlar\u0131yla ilgili olarak ise \u201cTwente, iyi ve organize bir tak\u0131m. Bunun alt\u0131n\u0131 \u00e7izmemiz gerekiyor. Burada bizi zorlad\u0131lar. \u0130lk devre biz de buna m\u00fcsaade ettik. Rakiple u\u011fra\u015fmaya ba\u015flad\u0131\u011f\u0131m\u0131z i\u00e7in ilk yar\u0131da istedi\u011fimiz oyunu oynayamad\u0131k. Her ma\u00e7 h\u00fccum edece\u011fiz diye bir plan\u0131m\u0131z yok. Bu ma\u00e7, oyunu kontrol alt\u0131nda tutup atabiliyorsak gol atmay\u0131 d\u00fc\u015f\u00fcnd\u00fck. Atam\u0131yorsak da turu ge\u00e7me \u00fczerine plan\u0131m\u0131z\u0131 yapt\u0131k. Plan\u0131m\u0131z tuttu. Bundan sonra da baz\u0131 ma\u00e7lar\u0131m\u0131z\u0131 tutmak, baz\u0131 ma\u00e7lar\u0131m\u0131z\u0131 kazanmak i\u00e7in oynayaca\u011f\u0131z. Biz 2.5 g\u00fcn sonra \u00f6nemli bir lig ma\u00e7\u0131na \u00e7\u0131kaca\u011f\u0131z. Baz\u0131 oyuncular\u0131m\u0131z\u0131 dinlendirdik\u201d \u015feklinde konu\u015ftu.<\/p>\n<p><b>\u201cBU AK\u015eAM KING, OYNAMAYI HAK ETM\u0130\u015eT\u0130\u201d<\/b><\/p>\n<p>\u0130kinci yar\u0131n\u0131n ba\u015f\u0131nda oyuna giren Joshua King ile 83\u2019\u00fcnc\u00fc dakikada yerini Djiku\u2019ya b\u0131rakan \u0130smail Y\u00fcksek ile ilgili gelen bir soruya ise \u0130smail Kartal \u015f\u00f6yle cevap verdi:<\/p>\n<p>\u201cOynayan ya da oynamayan b\u00fct\u00fcn oyuncular \u00e7ok iyi \u00e7al\u0131\u015f\u0131yor. Herkes elinden geleni yapmaya \u00e7al\u0131\u015f\u0131yor. Bir\u00e7ok oyuncum, oynamay\u0131 hak etmesine ra\u011fmen onlar\u0131 oynatamad\u0131\u011f\u0131m i\u00e7in \u00e7ok \u00fcz\u00fcl\u00fcyorum. Bu ak\u015fam King, oynamay\u0131 hak etmi\u015fti. Antrenmanlarda bunu g\u00f6steriyordu. Kendisine \u015fans verdim ve o da iyi de\u011ferlendirdi. \u0130smail, tak\u0131mda en \u00e7ok oynayan oyuncular\u0131m\u0131zdan. Kendisi her ge\u00e7en g\u00fcn geli\u015fim i\u00e7erisinde. Ligde oynayaca\u011f\u0131m\u0131z ma\u00e7ta onun b\u00f6lgesinde kullanaca\u011f\u0131m ba\u015fka oyuncum yok. Hem onu dinlendirmek hem de Djiku\u2019yu oyuna alarak oray\u0131 biraz daha tutmak istedik.\u201d<\/p>\n<p><b>\u201cG\u0130DEB\u0130LD\u0130\u011e\u0130M\u0130Z YERE KADAR G\u0130TMEK \u0130ST\u0130YORUZ\u201d<\/b><\/p>\n<p>Yar\u0131n ger\u00e7ekle\u015ftirilecek olan kura \u00e7ekimi \u00f6ncesinde d\u00fc\u015f\u00fcncelerini payla\u015fan tecr\u00fcbeli teknik adam, \u201cYar\u0131n kura \u00e7ekiminden sonra bu netle\u015fecek. Yar\u0131n kim \u00e7\u0131karsa \u00e7\u0131ks\u0131n, Fenerbah\u00e7e olarak gruplardan \u00e7\u0131k\u0131p gidebildi\u011fimiz yere kadar gitmek istiyoruz. \u0130n\u015fallah gruptan da lider olarak \u00e7\u0131karsak \u015fubat ay\u0131n\u0131 bo\u015f ge\u00e7ip Konferans Ligi\u2019nde son 16\u2019ya kalm\u0131\u015f olaca\u011f\u0131z. \u0130n\u015fallah bunu ger\u00e7ekle\u015ftirebiliriz\u201d diyerek s\u00f6zlerini noktalad\u0131. (DHA)<\/p>\n","protected":false},"excerpt":{"rendered":"<p>Fenerbah\u00e7e Teknik Direkt\u00f6r\u00fc \u0130smail Kartal, &#8220;Kazand\u0131\u011f\u0131m\u0131z i\u00e7in mutluyuz. 6&#8217;da 6 yaparak \u00fclke puan\u0131na katk\u0131 yapt\u0131\u011f\u0131m\u0131z i\u00e7in mutluyum. Ge\u00e7en sezondan 1 ma\u00e7, bu sezon da 6 ma\u00e7 olmak \u00fczere Avrupa&#8217;da \u00fcst \u00fcste 7 ma\u00e7 kazanan ilk T\u00fcrk tak\u0131m\u0131 olduk. Oyuncular\u0131m\u0131 tebrik ediyorum&#8221; dedi.<\/p>\n","protected":false},"author":1,"featured_media":122078,"comment_status":"closed","ping_status":"open","sticky":false,"template":"","format":"standard","meta":{"footnotes":""},"categories":[31],"tags":[955,290,7264,203,13929],"class_list":["post-122077","post","type-post","status-publish","format-standard","has-post-thumbnail","hentry","category-spor","tag-bazi","tag-mac","tag-maclari","tag-oyun","tag-oyuncularimi"],"_links":{"self":[{"href":"https:\/\/haberulus.net\/index.php?rest_route=\/wp\/v2\/posts\/122077","targetHints":{"allow":["GET"]}}],"collection":[{"href":"https:\/\/haberulus.net\/index.php?rest_route=\/wp\/v2\/posts"}],"about":[{"href":"https:\/\/haberulus.net\/index.php?rest_route=\/wp\/v2\/types\/post"}],"author":[{"embeddable":true,"href":"https:\/\/haberulus.net\/index.php?rest_route=\/wp\/v2\/users\/1"}],"replies":[{"embeddable":true,"href":"https:\/\/haberulus.net\/index.php?rest_route=%2Fwp%2Fv2%2Fcomments&post=122077"}],"version-history":[{"count":1,"href":"https:\/\/haberulus.net\/index.php?rest_route=\/wp\/v2\/posts\/122077\/revisions"}],"predecessor-version":[{"id":122079,"href":"https:\/\/haberulus.net\/index.php?rest_route=\/wp\/v2\/posts\/122077\/revisions\/122079"}],"wp:featuredmedia":[{"embeddable":true,"href":"https:\/\/haberulus.net\/index.php?rest_route=\/wp\/v2\/media\/122078"}],"wp:attachment":[{"href":"https:\/\/haberulus.net\/index.php?rest_route=%2Fwp%2Fv2%2Fmedia&parent=122077"}],"wp:term":[{"taxonomy":"category","embeddable":true,"href":"https:\/\/haberulus.net\/index.php?rest_route=%2Fwp%2Fv2%2Fcategories&post=122077"},{"taxonomy":"post_tag","embeddable":true,"href":"https:\/\/haberulus.net\/index.php?rest_route=%2Fwp%2Fv2%2Ftags&post=122077"}],"curies":[{"name":"wp","href":"https:\/\/api.w.org\/{rel}","templated":true}]}}