{"id":122089,"date":"2023-08-31T21:49:04","date_gmt":"2023-08-31T21:49:04","guid":{"rendered":"https:\/\/haberulus.net\/?p=122089"},"modified":"2023-08-31T21:49:04","modified_gmt":"2023-08-31T21:49:04","slug":"umit-ozdag-kilicdaroglu-ile-anlastiklari-iki-bakanligi-daha-acikladi-kultur-ve-turizm-ile-milli-egitim-bakanligi-icin-de-soz-verildi","status":"publish","type":"post","link":"https:\/\/haberulus.net\/?p=122089","title":{"rendered":"\u00dcmit \u00d6zda\u011f, K\u0131l\u0131\u00e7daro\u011flu ile anla\u015ft\u0131klar\u0131 iki bakanl\u0131\u011f\u0131 daha a\u00e7\u0131klad\u0131: K\u00fclt\u00fcr ve Turizm ile Milli E\u011fitim Bakanl\u0131\u011f\u0131 i\u00e7in de s\u00f6z verildi"},"content":{"rendered":"<p> <strong>Zafer Partisi<\/strong><\/p>\n<p><b><\/p>\n<p><img decoding=\"async\" src=\"https:\/\/i.hbrcdn.com\/haber\/2023\/09\/01\/umit-ozdag-kilicdaroglu-ile-anlastiklari-iki-16282691_2736_m.jpg\" alt=\"\" title=\"\"><\/p>\n<p>&#8220;K\u00dcLT\u00dcR VE TUR\u0130ZM \u0130LE M\u0130LL\u0130 E\u011e\u0130T\u0130M BAKANLI\u011eI \u0130\u00c7\u0130N DE S\u00d6Z VER\u0130LD\u0130&#8221;<\/b><\/p>\n<p>Gizli mutabakata Millet \u0130ttifak\u0131&#8217;n\u0131n payda\u015flar\u0131ndan o d\u00f6nem pe\u015f pe\u015fe tepki gelirken, \u00dcmit \u00d6zda\u011f \u0130\u00e7i\u015fleri d\u0131\u015f\u0131nda iki bakanl\u0131\u011f\u0131n ismini vermemi\u015fti. Gazeteci Bahar Feyzan&#8217;\u0131n Youtube program\u0131na konuk olan \u00dcmit \u00d6zda\u011f, iki bakanl\u0131\u011f\u0131n da ismini a\u00e7\u0131klad\u0131. \u00d6zda\u011f, &#8220;K\u00fclt\u00fcr ve Turizm Bakanl\u0131\u011f\u0131 ile Milli E\u011fitim Bakanl\u0131\u011f\u0131 i\u00e7in de s\u00f6z verildi. \u0130lk kez a\u00e7\u0131kl\u0131yorum. Ama bunlar konusunda bir yaz\u0131l\u0131 metinde anla\u015fmad\u0131k. Hata K\u00fclt\u00fcr ve Turizm Bakanl\u0131\u011f\u0131&#8217;n\u0131n b\u00f6l\u00fcnebilece\u011finden konu\u015ftuk. M\u0130T&#8217;in i\u00e7inden gelen birisinin ba\u015fkan se\u00e7ilmesi kayd\u0131yla g\u00f6r\u00fc\u015f\u00fcld\u00fc.<\/p>\n<p><b>KILI\u00c7DARO\u011eLU: \u0130K\u0130 K\u0130\u015e\u0130N\u0130N NAMUSUNA TESL\u0130M ED\u0130LEN B\u0130R PROTOKOLD\u00dcR<\/b><\/p>\n<p>\u00d6zda\u011f&#8217;\u0131n a\u00e7\u0131klad\u0131\u011f\u0131 protokolle ilgili o d\u00f6nem K\u0131l\u0131\u00e7daro\u011flu susmay\u0131 tercih etmi\u015fti. K\u0131l\u0131\u00e7daro\u011flu, kat\u0131ld\u0131\u011f\u0131 canl\u0131 yay\u0131nda, &#8220;Sizin \u00d6zda\u011f ile aran\u0131zda yapt\u0131\u011f\u0131n\u0131z \u00f6zel bir protokol var m\u0131?&#8221; sorusuna \u015fu yan\u0131t\u0131 vermi\u015fti: &#8220;Evet var. Bu protokolle ilgili konu\u015fmam do\u011fru de\u011fil. \u0130ki ki\u015fi aras\u0131nda yap\u0131lan ve iki ki\u015finin namusuna teslim edilen protokold\u00fcr. Benim bu konuda konu\u015fmam en az\u0131ndan ahlaki olarak do\u011fru de\u011fildir. Evet protokokol var, kamuoyuna a\u00e7\u0131k bir protokol de\u011fil. Dolay\u0131s\u0131yla ikimizin namusuna teslim edilmi\u015f bir protokold\u00fcr. Nokta.&#8221;<\/p>\n","protected":false},"excerpt":{"rendered":"<p>Cumhurba\u015fkanl\u0131\u011f\u0131 se\u00e7iminin ikinci turunda Kemal K\u0131l\u0131\u00e7daro\u011flu&#8217;na destek veren Zafer Partisi Genel Ba\u015fkan\u0131 \u00dcmit \u00d6zda\u011f, se\u00e7imlerin kazan\u0131lmas\u0131 halinde \u0130\u00e7i\u015fleri Bakanl\u0131\u011f\u0131 ve M\u0130T Ba\u015fkanl\u0131\u011f\u0131n\u0131n yan\u0131 s\u0131ra iki bakanl\u0131\u011f\u0131n daha kendilerine verilece\u011fini s\u00f6ylemi\u015fti. S\u00f6z konusu iki bakanl\u0131\u011f\u0131n da ismini a\u00e7\u0131klayan \u00d6zda\u011f, &#8220;K\u00fclt\u00fcr ve Turizm Bakanl\u0131\u011f\u0131 ile Milli E\u011fitim Bakanl\u0131\u011f\u0131 i\u00e7in de s\u00f6z verildi. Ama bunlar konusunda bir yaz\u0131l\u0131 metinde anla\u015fmad\u0131k&#8221; ifadelerini kulland\u0131.<\/p>\n","protected":false},"author":1,"featured_media":122090,"comment_status":"closed","ping_status":"open","sticky":false,"template":"","format":"standard","meta":{"footnotes":""},"categories":[28],"tags":[178,503,5696],"class_list":["post-122089","post","type-post","status-publish","format-standard","has-post-thumbnail","hentry","category-politika","tag-bakanligi","tag-ozdag","tag-protokol"],"_links":{"self":[{"href":"https:\/\/haberulus.net\/index.php?rest_route=\/wp\/v2\/posts\/122089","targetHints":{"allow":["GET"]}}],"collection":[{"href":"https:\/\/haberulus.net\/index.php?rest_route=\/wp\/v2\/posts"}],"about":[{"href":"https:\/\/haberulus.net\/index.php?rest_route=\/wp\/v2\/types\/post"}],"author":[{"embeddable":true,"href":"https:\/\/haberulus.net\/index.php?rest_route=\/wp\/v2\/users\/1"}],"replies":[{"embeddable":true,"href":"https:\/\/haberulus.net\/index.php?rest_route=%2Fwp%2Fv2%2Fcomments&post=122089"}],"version-history":[{"count":1,"href":"https:\/\/haberulus.net\/index.php?rest_route=\/wp\/v2\/posts\/122089\/revisions"}],"predecessor-version":[{"id":122091,"href":"https:\/\/haberulus.net\/index.php?rest_route=\/wp\/v2\/posts\/122089\/revisions\/122091"}],"wp:featuredmedia":[{"embeddable":true,"href":"https:\/\/haberulus.net\/index.php?rest_route=\/wp\/v2\/media\/122090"}],"wp:attachment":[{"href":"https:\/\/haberulus.net\/index.php?rest_route=%2Fwp%2Fv2%2Fmedia&parent=122089"}],"wp:term":[{"taxonomy":"category","embeddable":true,"href":"https:\/\/haberulus.net\/index.php?rest_route=%2Fwp%2Fv2%2Fcategories&post=122089"},{"taxonomy":"post_tag","embeddable":true,"href":"https:\/\/haberulus.net\/index.php?rest_route=%2Fwp%2Fv2%2Ftags&post=122089"}],"curies":[{"name":"wp","href":"https:\/\/api.w.org\/{rel}","templated":true}]}}