{"id":122095,"date":"2023-08-31T22:05:03","date_gmt":"2023-08-31T22:05:03","guid":{"rendered":"https:\/\/haberulus.net\/?p=122095"},"modified":"2023-08-31T22:05:03","modified_gmt":"2023-08-31T22:05:03","slug":"orman-yangininda-aci-haber-geldi-1-olu","status":"publish","type":"post","link":"https:\/\/haberulus.net\/?p=122095","title":{"rendered":"Orman yang\u0131n\u0131nda ac\u0131 haber geldi: 1 \u00f6l\u00fc"},"content":{"rendered":"<p>K\u00fctahya\u2019da kent merkezine yakla\u015f\u0131k 20 kilometre mesafedeki Gediko\u011flu \u00c7iftli\u011fi mevkisinde \u00f6nceki g\u00fcn kopan elektrik telinin s\u00fcrt\u00fcnmesinden kaynakl\u0131 yang\u0131n \u00e7\u0131kt\u0131.<\/p>\n<p>Yang\u0131n, havadan ve karadan yap\u0131lan m\u00fcdahale sonucu kontrol alt\u0131na al\u0131narak s\u00f6nd\u00fcr\u00fcld\u00fc. Orman\u0131n y\u00fcksek tepelerindeki yang\u0131na dozerle yola a\u00e7mak i\u00e7in \u00e7al\u0131\u015fma yapan s\u00fcr\u00fcc\u00fc Hasan H\u00fcseyin T\u00fcrker ile Orman \u0130\u015fletme \u015fefi Murat Y\u0131ld\u0131r\u0131m, ters r\u00fczgarda alevlerin aras\u0131nda kalarak yaraland\u0131.<\/p>\n<p><strong>HAYATINI KAYBETT\u0130<\/strong><\/p>\n<p>El, y\u00fcz ve ayaklar\u0131ndan yanarak yaralanan T\u00fcrker ve Y\u0131ld\u0131r\u0131m, ormanda yap\u0131lan ilk m\u00fcdahalenin ard\u0131ndan ambulanslarla Eski\u015fehir \u015eehir Hastanesine getirilerek tedavi alt\u0131na al\u0131nd\u0131. Evli ve 1 \u00e7ocuk babas\u0131 Murat Y\u0131ld\u0131r\u0131m doktorlar\u0131n t\u00fcm m\u00fcdahalesine ra\u011fmen bu gece hayat\u0131n\u0131 kaybetti.<\/p>\n<p><strong>ACI HABER\u0130 ORMAN GENEL M\u00dcD\u00dcR\u00dc KARACABEY DUYURDU<\/strong><\/p>\n<p>Orman Genel M\u00fcd\u00fcr\u00fc Bekir Karacabeyde ac\u0131 haberi sosyal medya hesaplar\u0131ndan payla\u015farak ba\u015f sa\u011fl\u0131\u011f\u0131 diledi.<\/p>\n<p>Karacabey, mesaj\u0131nda, \u201cK\u00fctahyada 30.8.2023 tarihinde meydana gelen orman yang\u0131n\u0131nda yaralanan Orman \u0130\u015fletme \u015eefimiz Murat Y\u0131ld\u0131r\u0131m karde\u015fimiz \u015fehit oldu. Mekan\u0131 cennet olsun. Ailesine ve te\u015fkilat\u0131m\u0131za ba\u015f sa\u011fl\u0131\u011f\u0131 ve sab\u0131rlar diliyorum diye yazd\u0131. (DHA)<\/p>\n","protected":false},"excerpt":{"rendered":"<p>K\u00fctahya&#8217;da \u00e7\u0131kan orman yang\u0131n\u0131n\u0131\u00a0s\u00f6nd\u00fcrme \u00e7al\u0131\u015fmalar\u0131 s\u0131ras\u0131nda yaralanarak Eski\u015fehir \u015eehir Hastanesinde tedavi alt\u0131na al\u0131nan orman i\u015fletme \u015fefi Murat Y\u0131ld\u0131r\u0131m (36) hayat\u0131n\u0131 kaybetti.<\/p>\n","protected":false},"author":1,"featured_media":122096,"comment_status":"closed","ping_status":"open","sticky":false,"template":"","format":"standard","meta":{"footnotes":""},"categories":[26],"tags":[539],"class_list":["post-122095","post","type-post","status-publish","format-standard","has-post-thumbnail","hentry","category-gundem","tag-orman"],"_links":{"self":[{"href":"https:\/\/haberulus.net\/index.php?rest_route=\/wp\/v2\/posts\/122095","targetHints":{"allow":["GET"]}}],"collection":[{"href":"https:\/\/haberulus.net\/index.php?rest_route=\/wp\/v2\/posts"}],"about":[{"href":"https:\/\/haberulus.net\/index.php?rest_route=\/wp\/v2\/types\/post"}],"author":[{"embeddable":true,"href":"https:\/\/haberulus.net\/index.php?rest_route=\/wp\/v2\/users\/1"}],"replies":[{"embeddable":true,"href":"https:\/\/haberulus.net\/index.php?rest_route=%2Fwp%2Fv2%2Fcomments&post=122095"}],"version-history":[{"count":1,"href":"https:\/\/haberulus.net\/index.php?rest_route=\/wp\/v2\/posts\/122095\/revisions"}],"predecessor-version":[{"id":122097,"href":"https:\/\/haberulus.net\/index.php?rest_route=\/wp\/v2\/posts\/122095\/revisions\/122097"}],"wp:featuredmedia":[{"embeddable":true,"href":"https:\/\/haberulus.net\/index.php?rest_route=\/wp\/v2\/media\/122096"}],"wp:attachment":[{"href":"https:\/\/haberulus.net\/index.php?rest_route=%2Fwp%2Fv2%2Fmedia&parent=122095"}],"wp:term":[{"taxonomy":"category","embeddable":true,"href":"https:\/\/haberulus.net\/index.php?rest_route=%2Fwp%2Fv2%2Fcategories&post=122095"},{"taxonomy":"post_tag","embeddable":true,"href":"https:\/\/haberulus.net\/index.php?rest_route=%2Fwp%2Fv2%2Ftags&post=122095"}],"curies":[{"name":"wp","href":"https:\/\/api.w.org\/{rel}","templated":true}]}}