{"id":122104,"date":"2023-08-31T23:05:02","date_gmt":"2023-08-31T23:05:02","guid":{"rendered":"https:\/\/haberulus.net\/?p=122104"},"modified":"2023-08-31T23:05:02","modified_gmt":"2023-08-31T23:05:02","slug":"erdogan-yarin-itibariyla-gemi-basina-3-bin-500-ila-60-bin-lira-arasinda-destegi-depremzede-balikcilarimizin-hesaplarina-yatiriyoruz","status":"publish","type":"post","link":"https:\/\/haberulus.net\/?p=122104","title":{"rendered":"Erdo\u011fan: Yar\u0131n \u0130tibar\u0131yla Gemi Ba\u015f\u0131na 3 Bin 500 \u0130la 60 Bin Lira Aras\u0131nda Deste\u011fi Depremzede Bal\u0131k\u00e7\u0131lar\u0131m\u0131z\u0131n Hesaplar\u0131na Yat\u0131r\u0131yoruz"},"content":{"rendered":"<p><p>Cumhurba\u015fkan\u0131 Recep Tayyip Erdo\u011fan, &#8220;<strong>Deprem<\/strong> b\u00f6lgesinde ya\u015fayan ve gelir kayb\u0131 ya\u015fayan bal\u0131k\u00e7\u0131lar\u0131m\u0131za destek veriyoruz. Yar\u0131n itibar\u0131yla gemi ba\u015f\u0131na 3 bin 500 ila 60 bin lira aras\u0131nda deste\u011fi depremzede bal\u0131k\u00e7\u0131lar\u0131m\u0131z\u0131n hesaplar\u0131na yat\u0131r\u0131yoruz&#8221; dedi.<\/p>\n<p><p>Cumhurba\u015fkan\u0131 Recep Tayyip Erdo\u011fan, bu ak\u015fam \u0130stanbul Beykoz&#8217;da 2023-2024 Su \u00dcr\u00fcnleri Av Sezonu A\u00e7\u0131l\u0131\u015f Program\u0131na kat\u0131ld\u0131. Erdo\u011fan, burada \u015f\u00f6yle konu\u015ftu: <\/p>\n<p>\n<p><strong>&#8220;YARIN \u0130T\u0130BAR\u0130YLE GEM\u0130 BA\u015eINA 3 B\u0130N 500 \u0130LA 60 B\u0130N L\u0130RA ARASINDA DESTE\u011e\u0130 DEPREMZEDE BALIK\u00c7ILARIMIZIN HESAPLARINA YATIRIYORUZ&#8221;<\/strong> <\/p>\n<p><p>6 \u015eubat Depremlerinden sonra depremzede bal\u0131k\u00e7\u0131lar\u0131m\u0131z\u0131 kaderlerine terk etmedik. Deprem b\u00f6lgesinde bal\u0131k\u00e7\u0131l\u0131k yapan vatanda\u015flar\u0131m\u0131zla ilgili m\u00fcjdeyi payla\u015fmak istiyorum. Deprem b\u00f6lgesinde ya\u015fayan ve gelir kayb\u0131 ya\u015fayan bal\u0131k\u00e7\u0131lar\u0131m\u0131za destek veriyoruz. Yar\u0131n itibar\u0131yla gemi ba\u015f\u0131na 3 bin 500 ila 60 bin lira aras\u0131nda deste\u011fi depremzede bal\u0131k\u00e7\u0131lar\u0131m\u0131z\u0131n hesaplar\u0131na yat\u0131r\u0131yoruz. Ayr\u0131ca afet b\u00f6lgesi ilan edilen illerde su \u00fcr\u00fcnleri yeti\u015ftiricilerimizin zayi olan bal\u0131k yumurtalar\u0131, yavru, porsiyonluk ve ana\u00e7 bal\u0131klar\u0131 i\u00e7in 2 ay i\u00e7erisinde destekleme \u00f6demelerini ger\u00e7ekle\u015ftirece\u011fiz. Biz 3 taraf\u0131 denizlerle \u00e7evrili iklim ve co\u011frafya bak\u0131m\u0131ndan d\u00fcnyan\u0131n en g\u00fczel \u00fclkelerinden biriyiz. Rabbimizin \u00fclkemize bah\u015fetti\u011fi imkan\u0131 de\u011ferlendirmenin gayretindeyiz.<\/p>\n<p><p><strong>&#8220;T\u00dcRK SOMONU \u0130LE EGE VE AKDEN\u0130Z&#8217;DE YET\u0130\u015eT\u0130R\u0130LEN LEVREK VE \u00c7\u0130PURAYI D\u00dcNYADA MARKA HAL\u0130NE GET\u0130RD\u0130K&#8221;<\/strong> <\/p>\n<p><p>Deniz ve su \u00fcr\u00fcnlerinde her y\u0131l \u00f6l\u00e7ek ve hedef b\u00fcy\u00fcterek yolumuza devam ediyoruz. Su \u00fcr\u00fcnleri ihracat\u0131nda hedefimiz 1 milyar dolard\u0131. Tam 4 y\u0131l \u00f6nce bu rakama ula\u015fmay\u0131 ba\u015fard\u0131k. 100&#8217;den fazla \u00fclkeye ihracat yapan sekt\u00f6r\u00fcm\u00fcz 1,7 milyar dolar\u0131 \u00fclke ekonomisine kazand\u0131rd\u0131. Hedefimiz bu y\u0131l bir rekor daha k\u0131rmakt\u0131r. T\u00fcrk somonu ile Ege ve Akdeniz&#8217;de yeti\u015ftirilen levrek ve \u00e7ipuray\u0131 d\u00fcnyada marka haline getirdik. Karadeniz&#8217;de \u00fcretilen ve ithal somona alternatif olan T\u00fcrk somonu ile Ege ve Akdeniz&#8217;de yeti\u015ftirilen levrek ve \u00e7ipuray\u0131 d\u00fcnyada marka haline getirdik. T\u00fcrk somonu \u00e7ok ciddi talep g\u00f6rd\u00fc. Ge\u00e7en y\u0131l 312 milyon dolar olan T\u00fcrk somonu ihracat\u0131 bu sene 400 milyon dolara ula\u015ft\u0131raca\u011f\u0131z. Ba\u015fta Moritanya olmak \u00fczere Afrika \u00fclkelerinde bal\u0131k\u00e7\u0131lar\u0131m\u0131z 1000&#8217;den fazla tayfa ile bal\u0131k\u00e7\u0131l\u0131k yap\u0131yor.<\/p>\n<p><p><strong>&#8220;MARMARA DEN\u0130Z\u0130&#8217;N\u0130N Y\u00dcZEY\u0130NDEK\u0130 M\u00dcS\u0130LAJI KISA B\u0130R S\u00dcRE \u0130\u00c7\u0130NDE Y\u0130NE B\u0130Z TEM\u0130ZLED\u0130K&#8221;<\/strong> <\/p>\n<p><p>Denizlerde s\u00fcrd\u00fcrebilirli\u011fi sa\u011flamak hepimizin g\u00f6revidir. Tabiat hatay\u0131 ve ihmalkar davranmay\u0131 asla affetmez. Denizlerimize ne kadar ihtimam g\u00f6sterirsek denizlerimiz de bal\u0131\u011f\u0131 ve di\u011fer \u00fcr\u00fcnleriyle bizlere hizmet eder. 2022 Ekim&#8217;inde Marmara&#8217;da g\u00f6r\u00fclen m\u00fcsilaj bizlere bu meselenin savsaklanmamas\u0131 gerekti\u011fini g\u00f6stermi\u015ftir. M\u00fcsilaj s\u0131k\u0131nt\u0131s\u0131n\u0131n ba\u015f g\u00f6stermesiyle av ara\u00e7lar\u0131 kullan\u0131lamaz hale gelmi\u015f ve bal\u0131k\u00e7\u0131lar\u0131m\u0131z Marmara&#8217;da av yapamam\u0131\u015ft\u0131r. Bu s\u0131k\u0131nt\u0131l\u0131 durum kar\u015f\u0131s\u0131nda hemen harekete ge\u00e7tik. M\u00fcsilaj\u0131n s\u00fcratle temizlenmesini sa\u011flad\u0131k. Bakanl\u0131klar, \u00fcniversiteler, belediyeler ve ilgili kurumlar ile \u00e7ok y\u00f6nl\u00fc \u00e7al\u0131\u015fmalar ba\u015flatt\u0131k. O d\u00f6nemde \u0130stanbul B\u00fcy\u00fck\u015fehir Belediyesi&#8217;ni maalesef kay\u0131p verdik, bulamad\u0131k. Marmara Denizi&#8217;nin y\u00fczeyindeki m\u00fcsilaj\u0131 k\u0131sa bir s\u00fcre i\u00e7inde yine biz temizledik. T\u0131pk\u0131 Hali\u00e7&#8217;i temizledi\u011fimiz gibi. \u015eimdi Hali\u00e7 ne halde g\u00f6r\u00fcyorsunuz. Ayr\u0131ca Meclis&#8217;imizde M\u00fcsilaj Ara\u015ft\u0131rma Komisyonu kurduk. Bir daha m\u00fcsilaj olu\u015fmamas\u0131 i\u00e7in el birli\u011fiyle \u00e7al\u0131\u015f\u0131yoruz. Bug\u00fcne kadar Marmara denizinde avlan\u0131lan bal\u0131klarda m\u00fcsilajla ilgili insan t\u00fcketimine risk olu\u015fturacak bir veriye ula\u015f\u0131lmad\u0131. Kontrol ve analizlerimiz devam ediyor. Vatanda\u015f\u0131m\u0131z\u0131n sa\u011fl\u0131kl\u0131 ve g\u00fcvenilir \u015fekilde bal\u0131k t\u00fcketmesi i\u00e7in denetimlerimizi daha da art\u0131raca\u011f\u0131z. Bal\u0131k\u00e7\u0131l\u0131k ve su \u00fcr\u00fcnleri sekt\u00f6r\u00fcndeki sorunlara \u00e7\u00f6z\u00fcm bulmak amac\u0131yla kurulan Meclis Ara\u015ft\u0131rma Komisyonu \u00e7al\u0131\u015fmalar\u0131n\u0131 s\u00fcrd\u00fcr\u00fcyor. H\u00fck\u00fcmet ve Meclis el ele vererek bal\u0131k\u00e7\u0131lar\u0131m\u0131z\u0131n tavsiyeleriyle sekt\u00f6r\u00fcn s\u0131k\u0131nt\u0131lar\u0131na \u00e7\u00f6z\u00fcm yollar\u0131n\u0131 geli\u015ftirece\u011fiz.&#8221;<\/p>\n<p><div>Kaynak: ANKA \/  G\u00fcncel <\/div>\n","protected":false},"excerpt":{"rendered":"<p>Cumhurba\u015fkan\u0131 Recep Tayyip Erdo\u011fan, \u201cDeprem b\u00f6lgesinde ya\u015fayan ve gelir kayb\u0131 ya\u015fayan bal\u0131k\u00e7\u0131lar\u0131m\u0131za destek veriyoruz. Yar\u0131n itibar\u0131yla gemi ba\u015f\u0131na 3 bin 500 ila 60 bin lira aras\u0131nda deste\u011fi depremzede bal\u0131k\u00e7\u0131lar\u0131m\u0131z\u0131n hesaplar\u0131na yat\u0131r\u0131yoruz\u201d dedi.<\/p>\n","protected":false},"author":1,"featured_media":122105,"comment_status":"closed","ping_status":"open","sticky":false,"template":"","format":"standard","meta":{"footnotes":""},"categories":[28],"tags":[2214,188,527,1958,8995],"class_list":["post-122104","post","type-post","status-publish","format-standard","has-post-thumbnail","hentry","category-politika","tag-balik","tag-bas","tag-deniz","tag-deprem","tag-musilaj"],"_links":{"self":[{"href":"https:\/\/haberulus.net\/index.php?rest_route=\/wp\/v2\/posts\/122104","targetHints":{"allow":["GET"]}}],"collection":[{"href":"https:\/\/haberulus.net\/index.php?rest_route=\/wp\/v2\/posts"}],"about":[{"href":"https:\/\/haberulus.net\/index.php?rest_route=\/wp\/v2\/types\/post"}],"author":[{"embeddable":true,"href":"https:\/\/haberulus.net\/index.php?rest_route=\/wp\/v2\/users\/1"}],"replies":[{"embeddable":true,"href":"https:\/\/haberulus.net\/index.php?rest_route=%2Fwp%2Fv2%2Fcomments&post=122104"}],"version-history":[{"count":1,"href":"https:\/\/haberulus.net\/index.php?rest_route=\/wp\/v2\/posts\/122104\/revisions"}],"predecessor-version":[{"id":122106,"href":"https:\/\/haberulus.net\/index.php?rest_route=\/wp\/v2\/posts\/122104\/revisions\/122106"}],"wp:featuredmedia":[{"embeddable":true,"href":"https:\/\/haberulus.net\/index.php?rest_route=\/wp\/v2\/media\/122105"}],"wp:attachment":[{"href":"https:\/\/haberulus.net\/index.php?rest_route=%2Fwp%2Fv2%2Fmedia&parent=122104"}],"wp:term":[{"taxonomy":"category","embeddable":true,"href":"https:\/\/haberulus.net\/index.php?rest_route=%2Fwp%2Fv2%2Fcategories&post=122104"},{"taxonomy":"post_tag","embeddable":true,"href":"https:\/\/haberulus.net\/index.php?rest_route=%2Fwp%2Fv2%2Ftags&post=122104"}],"curies":[{"name":"wp","href":"https:\/\/api.w.org\/{rel}","templated":true}]}}