{"id":122122,"date":"2023-09-01T05:05:03","date_gmt":"2023-09-01T05:05:03","guid":{"rendered":"https:\/\/haberulus.net\/?p=122122"},"modified":"2023-09-01T05:05:03","modified_gmt":"2023-09-01T05:05:03","slug":"icisleri-bakani-4-bolucu-teror-orgutu-uyesi-teslim-oldu","status":"publish","type":"post","link":"https:\/\/haberulus.net\/?p=122122","title":{"rendered":"\u0130\u00e7i\u015fleri Bakan\u0131: 4 B\u00f6l\u00fcc\u00fc Ter\u00f6r \u00d6rg\u00fct\u00fc \u00dcyesi Teslim Oldu"},"content":{"rendered":"<p> <strong>\u0130\u00e7i\u015fleri Bakan\u0131<\/strong> Ali Yerlikaya, &#8220;<strong>Jandarma<\/strong> Genel Komutanl\u0131\u011f\u0131m\u0131z ve Emniyet Genel M\u00fcd\u00fcrl\u00fc\u011f\u00fcm\u00fcz\u00fcn y\u00fcr\u00fctt\u00fc\u011f\u00fc ikna \u00e7al\u0131\u015fmalar\u0131 neticesinde \u00f6rg\u00fctten ka\u00e7an 4 BT\u00d6 \u00fcyesi g\u00fcvenlik g\u00fc\u00e7lerimize teslim oldu&#8221; dedi.<\/p>\n<p>\u0130\u00e7i\u015fleri Bakan\u0131 Yerlikaya, sosyal medya hesab\u0131ndan yapt\u0131\u011f\u0131 a\u00e7\u0131klamada, &#8220;4 ter\u00f6rist daha teslim oldu. Jandarma Genel Komutanl\u0131\u011f\u0131m\u0131z ve Emniyet Genel M\u00fcd\u00fcrl\u00fc\u011f\u00fcm\u00fcz\u00fcn y\u00fcr\u00fctt\u00fc\u011f\u00fc ikna \u00e7al\u0131\u015fmalar\u0131 neticesinde \u00f6rg\u00fctten ka\u00e7an 4 BT\u00d6 (b\u00f6l\u00fcc\u00fc ter\u00f6r \u00f6rg\u00fct\u00fc) \u00fcyesi g\u00fcvenlik g\u00fc\u00e7lerimize teslim oldu. S\u00fcrd\u00fcr\u00fclen ikna \u00e7al\u0131\u015fmalar\u0131 sonucunda son 90 g\u00fcnde teslim olan b\u00f6l\u00fcc\u00fc ter\u00f6r \u00f6rg\u00fct\u00fc mensubu say\u0131s\u0131 38&#8217;e ula\u015ft\u0131. Ter\u00f6rizmle her alanda m\u00fccadele eden kahramanlar\u0131m\u0131z\u0131 tebrik ediyorum&#8221; ifadelerine yer verdi. &#8211; ANKARA<\/p>\n<div>Kaynak: \u0130hlas Haber Ajans\u0131 \/  Politika <\/div>\n","protected":false},"excerpt":{"rendered":"<p>\u0130\u00e7i\u015fleri Bakan\u0131 Ali Yerlikaya, \u00f6rg\u00fctten ka\u00e7an 4 b\u00f6l\u00fcc\u00fc ter\u00f6r \u00f6rg\u00fct\u00fc \u00fcyesinin g\u00fcvenlik g\u00fc\u00e7lerine teslim oldu\u011funu a\u00e7\u0131klad\u0131. Son 90 g\u00fcnde teslim olan b\u00f6l\u00fcc\u00fc ter\u00f6r \u00f6rg\u00fct\u00fc mensubu say\u0131s\u0131 38&#8217;e ula\u015ft\u0131.<\/p>\n","protected":false},"author":1,"featured_media":122123,"comment_status":"closed","ping_status":"open","sticky":false,"template":"","format":"standard","meta":{"footnotes":""},"categories":[28],"tags":[],"class_list":["post-122122","post","type-post","status-publish","format-standard","has-post-thumbnail","hentry","category-politika"],"_links":{"self":[{"href":"https:\/\/haberulus.net\/index.php?rest_route=\/wp\/v2\/posts\/122122","targetHints":{"allow":["GET"]}}],"collection":[{"href":"https:\/\/haberulus.net\/index.php?rest_route=\/wp\/v2\/posts"}],"about":[{"href":"https:\/\/haberulus.net\/index.php?rest_route=\/wp\/v2\/types\/post"}],"author":[{"embeddable":true,"href":"https:\/\/haberulus.net\/index.php?rest_route=\/wp\/v2\/users\/1"}],"replies":[{"embeddable":true,"href":"https:\/\/haberulus.net\/index.php?rest_route=%2Fwp%2Fv2%2Fcomments&post=122122"}],"version-history":[{"count":1,"href":"https:\/\/haberulus.net\/index.php?rest_route=\/wp\/v2\/posts\/122122\/revisions"}],"predecessor-version":[{"id":122124,"href":"https:\/\/haberulus.net\/index.php?rest_route=\/wp\/v2\/posts\/122122\/revisions\/122124"}],"wp:featuredmedia":[{"embeddable":true,"href":"https:\/\/haberulus.net\/index.php?rest_route=\/wp\/v2\/media\/122123"}],"wp:attachment":[{"href":"https:\/\/haberulus.net\/index.php?rest_route=%2Fwp%2Fv2%2Fmedia&parent=122122"}],"wp:term":[{"taxonomy":"category","embeddable":true,"href":"https:\/\/haberulus.net\/index.php?rest_route=%2Fwp%2Fv2%2Fcategories&post=122122"},{"taxonomy":"post_tag","embeddable":true,"href":"https:\/\/haberulus.net\/index.php?rest_route=%2Fwp%2Fv2%2Ftags&post=122122"}],"curies":[{"name":"wp","href":"https:\/\/api.w.org\/{rel}","templated":true}]}}