{"id":122142,"date":"2023-09-01T06:05:05","date_gmt":"2023-09-01T06:05:05","guid":{"rendered":"https:\/\/haberulus.net\/?p=122142"},"modified":"2023-09-01T06:05:05","modified_gmt":"2023-09-01T06:05:05","slug":"av-yasagi-bitti-iste-hamsinin-fiyati","status":"publish","type":"post","link":"https:\/\/haberulus.net\/?p=122142","title":{"rendered":"Av yasa\u011f\u0131 bitti, i\u015fte hamsinin fiyat\u0131"},"content":{"rendered":"<p>2023-2024 su \u00fcr\u00fcnleri av sezonu, Cumhurba\u015fkan\u0131 Erdo\u011fan\u2019\u0131n kat\u0131ld\u0131\u011f\u0131 a\u00e7\u0131l\u0131\u015f program\u0131 ile ba\u015flad\u0131. 15 Nisan\u2019da g\u0131rg\u0131r ve trol y\u00f6ntemiyle yap\u0131lan bal\u0131k avc\u0131l\u0131\u011f\u0131na ara verilmi\u015fti.<\/p>\n<p>1 Eyl\u00fcl itibariyle Marmara, Ege ve Karadeniz de av yasa\u011f\u0131 sona ererken Akdeniz de yasak 16 Eyl\u00fcl\u2019de kalk\u0131yor.<\/p>\n<p>Verilen 4 bu\u00e7uk ayl\u0131k aran\u0131n ard\u0131ndan Poyrazk\u00f6y\u2019de d\u00fczenlenen su \u00fcr\u00fcnleri av sezonu a\u00e7\u0131l\u0131\u015f program\u0131 sonras\u0131 denize a\u00e7\u0131lan bal\u0131k\u00e7\u0131lar a\u011flar\u0131n\u0131 denize b\u0131rakt\u0131.<\/p>\n<p>Hac\u0131 Ali Reis isimli bal\u0131k\u00e7\u0131 teknesi de ilk av\u0131n\u0131 Marmara denizinde ger\u00e7ekle\u015ftirdi. \u2018Vira Bismillah\u2019 denilerek denize b\u0131rak\u0131lan a\u011flar, gemi tayfas\u0131n\u0131n \u2018Haydi Hop\u2019 sesleri e\u015fli\u011finde \u00e7ekildi.<\/p>\n<p>Denizden d\u00f6nen bal\u0131k\u00e7\u0131lar G\u00fcrp\u0131nar Bal\u0131k Hali\u2019ne gelerek yakalad\u0131klar\u0131 bal\u0131klar\u0131 satmaya \u00e7al\u0131\u015ft\u0131.<\/p>\n<p>Sezonun ilk bal\u0131klar\u0131n\u0131 alarak m\u00fc\u015fterilerine satmak isteyen bal\u0131k\u00e7\u0131 esnaf\u0131 halde yo\u011funluk olu\u015fturdu.<\/p>\n<p>Bal\u0131k\u00e7\u0131lar ilk avda daha \u00e7ok \u0130stavrit ve Hamsi\u2019nin yakaland\u0131\u011f\u0131n\u0131 s\u00f6ylerken havalar\u0131n so\u011fumas\u0131yla di\u011fer bal\u0131klar\u0131nda \u00e7o\u011falaca\u011f\u0131n\u0131 s\u00f6yledi. Hamsinin kasas\u0131 ise 2 bin 500 liradan al\u0131c\u0131 buldu.<\/p>\n<p><img decoding=\"async\" src=\"https:\/\/i01.sozcucdn.com\/wp-content\/uploads\/2023\/09\/01\/av-yasagi-bitti-gurpinar-balik-halinde-ilk-mezatlar-gerceklesti_7850_dhaphoto1.jpg\" alt=\"\" title=\"\"><\/p>\n<p><strong>\u201cPALAMUTTAN PEK \u00dcM\u0130D\u0130M\u0130Z YOK\u201d<\/strong><\/p>\n<p>Poyrazk\u00f6y\u2019den denize a\u00e7\u0131lan Hac\u0131 Ali Reis isimli geminin kaptan\u0131 C\u00fcneyt Toker, \u201cYeni bir sezon, t\u00fcm bal\u0131k\u00e7\u0131 camias\u0131na hay\u0131rl\u0131 u\u011furlu olsun. Bizde heyecanl\u0131y\u0131z. Yeni bir sezonun ba\u015flang\u0131c\u0131nda a\u011f ataca\u011f\u0131z. K\u0131smet bakal\u0131m ne \u00e7\u0131kacak. Bizim g\u00f6zlemledi\u011fimiz tabi ki, tam olarak bilemiyoruz ama hamsi, istavrit, \u00e7inekop, l\u00fcfer, torik ama palamuttan pek \u00fcmidimiz yok. Oda olabilir ama deniz bu, hi\u00e7 belli olmaz nereden ne \u00e7\u0131kaca\u011f\u0131. Rastgele oldu\u011fu i\u00e7in bilemiyoruz. K\u0131smetimize ne varsa yani yasal olarak biz her \u015feyi avlayabiliriz. K\u0131smet bakal\u0131m ne \u00e7\u0131kacak. Daha ba\u015f\u0131nday\u0131z, bakal\u0131m neyle ba\u015flayaca\u011f\u0131z ve neyle bitirece\u011fiz. Onu bizde bilmiyoruz. Tabi kazas\u0131z belas\u0131z ge\u00e7irmesini diliyoruz t\u00fcm bal\u0131k\u00e7\u0131 camias\u0131n\u0131n. Sa\u011fl\u0131kl\u0131 ve bol kazan\u00e7l\u0131 ge\u00e7mesini diliyoruz\u201d dedi.<\/p>\n<p><img decoding=\"async\" src=\"https:\/\/i01.sozcucdn.com\/wp-content\/uploads\/2023\/09\/01\/av-yasagi-bitti-gurpinar-balik-halinde-ilk-mezatlar-gerceklesti_7850_dhaphoto2.jpg\" alt=\"\" title=\"\"><\/p>\n<p><strong>\u201c\u0130N\u015eALLAH BOL BEREKETL\u0130 B\u0130R SEZON BEKL\u0130YORUZ\u201d<\/strong><\/p>\n<p>Gemide g\u00f6revli bal\u0131k\u00e7\u0131 Se\u00e7kin Ocak, \u201cOrdu, Fatsa\u2019dan geliyoruz. Sezonumuz 1 Eyl\u00fcl\u2019den 15 Nisan\u2019a kadar devam edecek. \u015euan istavrit var ama az bal\u0131\u011f\u0131m\u0131z var. \u00c7o\u011falmas\u0131n\u0131 bekliyoruz. Sab\u0131rs\u0131zl\u0131kla bu g\u00fcn\u00fc bekledik, 4 bu\u00e7uk ayl\u0131k yasaktan sonra in\u015fallah bol bereketli bir sezon bekliyoruz\u201d derken Olgun Demirt\u00fcrk isimli bal\u0131k\u00e7\u0131 ise, \u201cZanaat\u0131m\u0131z ba\u015flad\u0131. Yorucu bir zanaat. \u0130n\u015fallah bol bereketli zanaat olacak. \u015euan hamsi bol, \u00e7inekop ve l\u00fcfer bekliyoruz\u201d \u015feklinde konu\u015ftu.<\/p>\n<p><strong>\u201cBU SEZON HALKIMIZI BALI\u011eA DOYURACA\u011eIZ\u201d<\/strong><\/p>\n<p>A\u011flar\u0131n toplanmas\u0131ndan sonra y\u00fczleri g\u00fclen bal\u0131k\u00e7\u0131lardan \u0130brahim Menek\u015fe, \u201cAllah t\u00fcm bal\u0131k\u00e7\u0131lara bol bereketli bir sezon nasip etsin. \u0130n\u015fallah bu sezon halk\u0131m\u0131z\u0131 bal\u0131\u011fa doyuraca\u011f\u0131z. Bu sene hamsi \u00e7ok, kar ya\u011fd\u0131\u011f\u0131 zaman da hamsi ile sezonu kapat\u0131r\u0131z\u201d dedi. Bir di\u011fer bal\u0131k\u00e7\u0131 \u00d6kke\u015f Alt\u0131n, \u201cSezonun ilk Palamudu burada biraz k\u00fc\u00e7\u00fck ama b\u00fcy\u00fcyecek. Mezgit ve \u0130stavrit de var, kar\u0131\u015f\u0131k. Sezon bereketli ba\u015flad\u0131. \u0130n\u015fallah vatanda\u015f \u00e7ok bal\u0131k yiyecek\u201ddiye konu\u015ftu.<\/p>\n<p><strong>\u201cSARDALYA 50 L\u0130RADAN, \u0130STAVR\u0130TLER 60-70 L\u0130RA, MEZG\u0130T BALI\u011eI DA 70-80\u201d<\/strong><\/p>\n<p>\u0130lk av sonras\u0131 G\u00fcrp\u0131nar Bal\u0131k Haline gelen bal\u0131k\u00e7\u0131 esnaf\u0131 \u00d6mer Tekel, \u201cSezon in\u015fallah hay\u0131rl\u0131 olur. Daha yeni ba\u015flad\u0131, bereketli ba\u015flad\u0131. Devam\u0131 da in\u015fallah bereketli devam edecek. Bug\u00fcn Ege ve Marmara\u2019dan geldi. Av yasa\u011f\u0131 bu gece bitti\u011fi i\u00e7in Karadeniz\u2019den gelmedi. Yar\u0131n geceden itibaren daha bereketli bir sezon bekliyoruz. Bu sezon hamsiden \u00fcmitliyiz, hamsi \u00e7ok diyorlar. Akabinde palamut, bir iki ay sonra da \u00e7inakop ve l\u00fcfer. \u00c7e\u015fitler artarak devam edecek. Hal\u2019de \u015fuan da m\u0131rlan var, istavrit var, \u00e7inakop var, sardalya gelecek daha gelmedi. Fiyatlar piyasan\u0131n \u00e7ok alt\u0131nda. Baya uygun. Normalde bug\u00fcn sardalya 50 liradan, istavritler 60-70 lira, mezgit bal\u0131\u011f\u0131 da 70-80 aras\u0131 tezgahlarda yerini bulacak in\u015fallah. Vatanda\u015flar\u0131n bu sene bol bol bal\u0131k yiyeceklerini umuyoruz\u201d ifadelerini kulland\u0131.<\/p>\n<p><img decoding=\"async\" src=\"https:\/\/i01.sozcucdn.com\/wp-content\/uploads\/2023\/09\/01\/av-yasagi-bitti-gurpinar-balik-halinde-ilk-mezatlar-gerceklesti_7850_dhaphoto6.jpg\" alt=\"\" title=\"\"><\/p>\n<p><strong>HAMS\u0130\u2019N\u0130N KASA F\u0130YATI 2 B\u0130N 500 L\u0130RA<\/strong><\/p>\n<p>Mezat\u2019ta tutulan bal\u0131klar\u0131 sat\u0131n almak i\u00e7in bekleyen bal\u0131k\u00e7\u0131 Kenan Balc\u0131, \u201c\u00c7ok \u015f\u00fck\u00fcr 4 bu\u00e7uk aydan sonra ilk gemimiz yana\u015ft\u0131. Bereket \u00e7ok g\u00fczel. Hamsi, \u00e7ocuklar \u00e7atalla yesin. Bug\u00fcn 1\u2019inci g\u00fcn\u00fcm\u00fcz. Y\u00fczde 100 kapasite ile de\u011fil, y\u00fczde 70 kapasite ile ba\u015flad\u0131k. Gemicilerimiz, esnaf\u0131m\u0131z, d\u00fckkanc\u0131lar\u0131m\u0131z herkes \u00e7ok mutlu. Daha g\u00fczel g\u00fcnler bekliyoruz. Hamsi i\u00e7in bug\u00fcn siftah, 2 bin 250 lira kasas\u0131 ama o \u00f6l\u00e7\u00fc de\u011fildir. Bir motor daha gelirse bin 500\u2019e d\u00fc\u015fer, 5 motor daha gelirse bin liraya d\u00fc\u015fer\u201d dedi. (DHA)<\/p>\n","protected":false},"excerpt":{"rendered":"<p>Denizlerde 15 Nisan&#8217;da ba\u015flayan av yasa\u011f\u0131 1 Eyl\u00fcl itibar\u0131yla sona erdi. Bal\u0131k\u00e7\u0131lar yeni av sezonu i\u00e7in &#8220;vira bismillah&#8221; diyerek denize a\u00e7\u0131ld\u0131.<\/p>\n","protected":false},"author":1,"featured_media":122143,"comment_status":"closed","ping_status":"open","sticky":false,"template":"","format":"standard","meta":{"footnotes":""},"categories":[26],"tags":[2214,1839,7021,2682,78],"class_list":["post-122142","post","type-post","status-publish","format-standard","has-post-thumbnail","hentry","category-gundem","tag-balik","tag-bol","tag-hamsi","tag-insallah","tag-lira"],"_links":{"self":[{"href":"https:\/\/haberulus.net\/index.php?rest_route=\/wp\/v2\/posts\/122142","targetHints":{"allow":["GET"]}}],"collection":[{"href":"https:\/\/haberulus.net\/index.php?rest_route=\/wp\/v2\/posts"}],"about":[{"href":"https:\/\/haberulus.net\/index.php?rest_route=\/wp\/v2\/types\/post"}],"author":[{"embeddable":true,"href":"https:\/\/haberulus.net\/index.php?rest_route=\/wp\/v2\/users\/1"}],"replies":[{"embeddable":true,"href":"https:\/\/haberulus.net\/index.php?rest_route=%2Fwp%2Fv2%2Fcomments&post=122142"}],"version-history":[{"count":1,"href":"https:\/\/haberulus.net\/index.php?rest_route=\/wp\/v2\/posts\/122142\/revisions"}],"predecessor-version":[{"id":122144,"href":"https:\/\/haberulus.net\/index.php?rest_route=\/wp\/v2\/posts\/122142\/revisions\/122144"}],"wp:featuredmedia":[{"embeddable":true,"href":"https:\/\/haberulus.net\/index.php?rest_route=\/wp\/v2\/media\/122143"}],"wp:attachment":[{"href":"https:\/\/haberulus.net\/index.php?rest_route=%2Fwp%2Fv2%2Fmedia&parent=122142"}],"wp:term":[{"taxonomy":"category","embeddable":true,"href":"https:\/\/haberulus.net\/index.php?rest_route=%2Fwp%2Fv2%2Fcategories&post=122142"},{"taxonomy":"post_tag","embeddable":true,"href":"https:\/\/haberulus.net\/index.php?rest_route=%2Fwp%2Fv2%2Ftags&post=122142"}],"curies":[{"name":"wp","href":"https:\/\/api.w.org\/{rel}","templated":true}]}}