{"id":122145,"date":"2023-09-01T06:05:05","date_gmt":"2023-09-01T06:05:05","guid":{"rendered":"https:\/\/haberulus.net\/?p=122145"},"modified":"2023-09-01T06:05:05","modified_gmt":"2023-09-01T06:05:05","slug":"filenin-sultanlari-avrupa-sampiyonasi-yari-finalinde-italyaya-ile-karsilasiyor","status":"publish","type":"post","link":"https:\/\/haberulus.net\/?p=122145","title":{"rendered":"Filenin Sultanlar\u0131, Avrupa \u015eampiyonas\u0131 yar\u0131 finalinde \u0130talya\u2019ya ile kar\u015f\u0131la\u015f\u0131yor"},"content":{"rendered":"<p>A Milli Kad\u0131n Voleybol Tak\u0131m\u0131, CEV Avrupa \u015eampiyonas\u0131 yar\u0131 finalinde bug\u00fcn \u0130talya ile kar\u015f\u0131la\u015facak.<\/p>\n<p>Bel\u00e7ika&#8217;n\u0131n ba\u015fkenti Br\u00fcksel&#8217;deki Paleis 12 Salonu&#8217;nda oynanacak kar\u015f\u0131la\u015fma 18.00&#8217;de ba\u015flayacak. Di\u011fer yar\u0131 final m\u00fccadelesinde ise S\u0131rbistan ile Hollanda 21.30&#8217;da kar\u015f\u0131 kar\u015f\u0131ya gelecek.<\/p>\n<p>\u0130lk turu nama\u011flup kapatan, son 16&#8217;da Bel\u00e7ika&#8217;y\u0131 3-1, \u00e7eyrek finalde ise Polonya&#8217;y\u0131 3-0&#8217;la ge\u00e7erek 7&#8217;de 7 yapan d\u00fcnya 1 numaras\u0131 Ay-Y\u0131ld\u0131zl\u0131lar; 9 ma\u00e7l\u0131k \u015fampiyonluk serisinin 8. s\u0131nav\u0131nda d\u00fcnya 2 numaras\u0131 \u0130talya \u00f6n\u00fcnde ter d\u00f6kecek.<\/p>\n<p><b>\u0130TALYA\u2019YA SET VERMED\u0130<\/b><\/p>\n<p>Filenin Sultanlar\u0131; 2 g\u00fcm\u00fc\u015f 3 de bronz madalya kazand\u0131\u011f\u0131 Avrupa \u015fampiyonalar\u0131 tarihinde toplamda 7, \u00fcst \u00fcste 5. kez yar\u0131 finalde ter d\u00f6kecek.<\/p>\n<p>Milliler, \u00fcst \u00fcste 14. resmi ma\u00e7\u0131n\u0131 kazanmak i\u00e7in de parkeye \u00e7\u0131kacak. Sonuncusu 2021&#8217;de olmak \u00fczere tarihinde 3 kez Avrupa \u015eampiyonu olan \u0130talya, yar\u0131 finale set vermeden, 7 ma\u00e7\u0131n\u0131 da kazanarak geldi. G\u00f6k Mavililer, son 16&#8217;da \u0130spanya&#8217;y\u0131, \u00e7eyrek finalde Fransa&#8217;y\u0131 3-0&#8217;la ge\u00e7ti.<\/p>\n<p>T\u00fcrkiye, bu y\u0131l \u015fampiyon oldu\u011fu FIVB Milletler Ligi&#8217;nde iki kez kar\u015f\u0131la\u015ft\u0131\u011f\u0131 \u0130talya&#8217;y\u0131 iki ma\u00e7ta da 3-0 yenmi\u015fti.<\/p>\n<p><b>EDA ERDEM: SKORA ODAKLANMIYORUZ<\/b><\/p>\n<p>Kaptan Eda Erdem zorlu ma\u00e7 \u00f6ncesi \u201c2019&#8217;da \u015fampiyonluk kupas\u0131n\u0131 almaya \u00e7ok yak\u0131nd\u0131k. Her turnuvan\u0131n kendine \u00f6zel bir hikayesi var, bu y\u0131l da \u00e7ok g\u00fc\u00e7l\u00fc bir tak\u0131m\u0131z, favorilerinden biriyiz. Ama rakipler de \u00e7ok g\u00fc\u00e7l\u00fc \u0130talya harika bir turnuva ge\u00e7iriyor. Kupaya ula\u015fman\u0131n \u00e7ok zor olaca\u011f\u0131n\u0131n fark\u0131nday\u0131z. Daha iyi voleybol oynamaya ve kendimizi geli\u015ftirmeye odakland\u0131k. T\u00fcrk voleybolunu hem Avrupa hem de d\u00fcnya sahnesinde daha iyi bir yere getirmek ve herkese g\u00fcc\u00fcm\u00fcz\u00fc g\u00f6stermek istiyoruz. Skor hakk\u0131nda d\u00fc\u015f\u00fcnm\u00fcyor; kendimiz i\u00e7in, keyif almak i\u00e7in oynuyoruz\u201d \u015feklinde konu\u015ftu.<\/p>\n<div><img decoding=\"async\" src=\"https:\/\/i01.sozcucdn.com\/wp-content\/uploads\/2023\/09\/01\/eda-erdem1_23625733.jpg\" alt=\"\" title=\"\"><\/p>\n<p>Eda Erdem.<\/p>\n<\/div>\n<p><b>SANTARELLI, E\u015e\u0130 VE \u00dcLKES\u0130NE KAR\u015eI<\/b><\/p>\n<p>S\u0131rbistan\u2019\u0131 2022&#8217;de D\u00fcnya \u015eampiyonu, T\u00fcrkiye&#8217;yi 2023&#8217;te FIVB Milletler Ligi \u015eampiyonu yapan A Milli Tak\u0131m Ba\u015fantren\u00f6r\u00fc Daniele Santarelli, bug\u00fcn \u00fclkesi \u0130talya&#8217;ya ve g\u00f6k mavili tak\u0131m\u0131n liberosu, e\u015fi Monica De Gennaro&#8217;ya (36) rakip olacak.<\/p>\n<p>42 ya\u015f\u0131ndaki \u00e7al\u0131\u015ft\u0131r\u0131c\u0131 bu konuda \u201c\u00dclkeme kar\u015f\u0131 oynamak benim i\u00e7im farkl\u0131 ama bu bir spor ve bunlar, sporun i\u00e7inde olan \u015feyler\u201d dedi.<\/p>\n<div><img decoding=\"async\" src=\"https:\/\/i01.sozcucdn.com\/wp-content\/uploads\/2023\/09\/01\/santarelli1_23625726.jpg\" alt=\"\" title=\"\"><\/p>\n<p>A Milli Tak\u0131m Ba\u015fantren\u00f6r\u00fc Daniele Santarelli.<\/p>\n<\/div>\n","protected":false},"excerpt":{"rendered":"<p>\u0130ki kez ikinci, \u00fc\u00e7 kez de \u00fc\u00e7\u00fcnc\u00fc oldu\u011fumuz turnuvada bu kez alt\u0131n madalya istiyoruz. Tarihimizin yedinci yar\u0131 finalinde rakip, d\u00fcnya 2 numaras\u0131, Egonu\u2019lu G\u00f6k Mavililer<\/p>\n","protected":false},"author":1,"featured_media":122146,"comment_status":"closed","ping_status":"open","sticky":false,"template":"","format":"standard","meta":{"footnotes":""},"categories":[31],"tags":[329,559,290,193,192],"class_list":["post-122145","post","type-post","status-publish","format-standard","has-post-thumbnail","hentry","category-spor","tag-final","tag-italya","tag-mac","tag-sampiyon","tag-takim"],"_links":{"self":[{"href":"https:\/\/haberulus.net\/index.php?rest_route=\/wp\/v2\/posts\/122145","targetHints":{"allow":["GET"]}}],"collection":[{"href":"https:\/\/haberulus.net\/index.php?rest_route=\/wp\/v2\/posts"}],"about":[{"href":"https:\/\/haberulus.net\/index.php?rest_route=\/wp\/v2\/types\/post"}],"author":[{"embeddable":true,"href":"https:\/\/haberulus.net\/index.php?rest_route=\/wp\/v2\/users\/1"}],"replies":[{"embeddable":true,"href":"https:\/\/haberulus.net\/index.php?rest_route=%2Fwp%2Fv2%2Fcomments&post=122145"}],"version-history":[{"count":1,"href":"https:\/\/haberulus.net\/index.php?rest_route=\/wp\/v2\/posts\/122145\/revisions"}],"predecessor-version":[{"id":122147,"href":"https:\/\/haberulus.net\/index.php?rest_route=\/wp\/v2\/posts\/122145\/revisions\/122147"}],"wp:featuredmedia":[{"embeddable":true,"href":"https:\/\/haberulus.net\/index.php?rest_route=\/wp\/v2\/media\/122146"}],"wp:attachment":[{"href":"https:\/\/haberulus.net\/index.php?rest_route=%2Fwp%2Fv2%2Fmedia&parent=122145"}],"wp:term":[{"taxonomy":"category","embeddable":true,"href":"https:\/\/haberulus.net\/index.php?rest_route=%2Fwp%2Fv2%2Fcategories&post=122145"},{"taxonomy":"post_tag","embeddable":true,"href":"https:\/\/haberulus.net\/index.php?rest_route=%2Fwp%2Fv2%2Ftags&post=122145"}],"curies":[{"name":"wp","href":"https:\/\/api.w.org\/{rel}","templated":true}]}}