{"id":122160,"date":"2023-09-01T06:51:05","date_gmt":"2023-09-01T06:51:05","guid":{"rendered":"https:\/\/haberulus.net\/?p=122160"},"modified":"2023-09-01T06:51:05","modified_gmt":"2023-09-01T06:51:05","slug":"turkiyenin-uefa-ulke-siralamasindaki-yukselisi-suruyor","status":"publish","type":"post","link":"https:\/\/haberulus.net\/?p=122160","title":{"rendered":"T\u00fcrkiye\u2019nin UEFA \u00fclke s\u0131ralamas\u0131ndaki y\u00fckseli\u015fi s\u00fcr\u00fcyor"},"content":{"rendered":"<p>Galatasaray, UEFA \u015eampiyonlar Ligi grup etab\u0131na ad\u0131n\u0131 yazd\u0131r\u0131rken, Be\u015fikta\u015f ve Fenerbah\u00e7e de UEFA Avrupa Konferans Ligi\u2019nde grup etab\u0131n\u0131n kap\u0131lar\u0131n\u0131 ard\u0131na kadar a\u00e7t\u0131. Ancak Adana Demirspor, penalt\u0131larda Genk\u2019e boyun e\u011fdi ve Avrupa ser\u00fcvenine nokta koydu.<\/p>\n<p>\u0130sko\u00e7ya, T\u00fcrkiye\u2019nin UEFA \u00fclke s\u0131ralamas\u0131nda zirve yar\u0131\u015f\u0131ndaki en b\u00fcy\u00fck rakiplerinden biri olarak \u00f6ne \u00e7\u0131k\u0131yor. Ancak Galatasaray\u2019\u0131n ba\u015far\u0131s\u0131, \u0130sko\u00e7ya ile olan puan fark\u0131m\u0131z\u0131 geni\u015fletti ve rakibimizin temsilci say\u0131s\u0131 3\u2019e d\u00fc\u015ft\u00fc.<\/p>\n<p>Galatasaray\u2019\u0131n son zaferiyle T\u00fcrkiye, \u0130sko\u00e7ya\u2019y\u0131 geride b\u0131rakarak UEFA \u00fclke s\u0131ralamas\u0131nda 9. s\u0131raya yerle\u015fti. \u015eu anda T\u00fcrkiye\u2019nin puan\u0131 32.600, \u0130sko\u00e7ya\u2019n\u0131n ise 31.650.<\/p>\n<p>\u0130sko\u00e7ya cephesinde durum \u015fu \u015fekilde: Celtic, \u015eampiyonlar Ligi\u2019nde devam ederken, Glasgow Rangers UEFA Avrupa Ligi\u2019nde ve Aberdeen Konferans Ligi\u2019nde yer alacak. Hibernian ve Hearts ise Avrupa\u2019dan elendi.<\/p>\n<p><b>ADANA DEM\u0130RSPOR\u2019UN ARKA PLAN BA\u015eARISI<\/b><\/p>\n<p>Adana Demirspor, Genk kar\u015f\u0131s\u0131nda seri penalt\u0131lara ra\u011fmen 120 dakikal\u0131k s\u00fcreci \u00f6nde kapatt\u0131. Bu, \u00fclke puan\u0131m\u0131za ekstra bir katk\u0131 sa\u011flad\u0131 ve bu haftada alabilece\u011fimiz en y\u00fcksek puan\u0131 elde etmemize yard\u0131mc\u0131 oldu.<\/p>\n<p><img decoding=\"async\" src=\"https:\/\/i01.sozcucdn.com\/wp-content\/uploads\/2023\/09\/01\/adana-demirspor1_23633637.jpg\" alt=\"\" title=\"\"><\/p>\n<p><b>\u00dcLKE PUANI SIRALAMASINDA T\u00dcRK\u0130YE\u2019N\u0130N DURUMU<\/b><\/p>\n<p>Son ma\u00e7lar\u0131n sonucunda T\u00fcrkiye, UEFA \u00fclke s\u0131ralamas\u0131nda 9. s\u0131ras\u0131n\u0131 sa\u011flamla\u015ft\u0131rd\u0131 ve hatta \u0130sko\u00e7ya ile aras\u0131ndaki puan fark\u0131n\u0131 daha da geni\u015fletti. T\u00fcrkiye, bir sezonda en fazla \u00f6n eleme zaferiyle tarihe ge\u00e7ti. Fenerbah\u00e7e ve Be\u015fikta\u015f, bu ba\u015far\u0131n\u0131n lokomotifleri olurken, Galatasaray da rakiplerine \u00fcst\u00fcnl\u00fck sa\u011flayarak bu ba\u015far\u0131ya ortak oldu.<\/p>\n<p>\u00a0<\/p>\n<table>\n<thead>\n<tr>\n<th>S\u0131ralama<\/th>\n<th>\u00dclke<\/th>\n<th>Puan<\/th>\n<\/tr>\n<\/thead>\n<tbody>\n<tr>\n<td>1<\/td>\n<td>\u0130ngiltere<\/td>\n<td>89.178<\/td>\n<\/tr>\n<tr>\n<td>2<\/td>\n<td>\u0130spanya<\/td>\n<td>75.989<\/td>\n<\/tr>\n<tr>\n<td>3<\/td>\n<td>\u0130talya<\/td>\n<td>71.712<\/td>\n<\/tr>\n<tr>\n<td>4<\/td>\n<td>Almanya<\/td>\n<td>69.767<\/td>\n<\/tr>\n<tr>\n<td>5<\/td>\n<td>Hollanda<\/td>\n<td>55.100<\/td>\n<\/tr>\n<tr>\n<td>6<\/td>\n<td>Fransa<\/td>\n<td>52.331<\/td>\n<\/tr>\n<tr>\n<td>7<\/td>\n<td>Portekiz<\/td>\n<td>48.316<\/td>\n<\/tr>\n<tr>\n<td>8<\/td>\n<td>Bel\u00e7ika<\/td>\n<td>38.600<\/td>\n<\/tr>\n<tr>\n<td>9<\/td>\n<td><strong>T\u00dcRK\u0130YE<\/strong><\/td>\n<td>32.600<\/td>\n<\/tr>\n<tr>\n<td>10<\/td>\n<td>\u0130sko\u00e7ya<\/td>\n<td>31.650<\/td>\n<\/tr>\n<tr>\n<td>11<\/td>\n<td>Avusturya<\/td>\n<td>30.000<\/td>\n<\/tr>\n<tr>\n<td>12<\/td>\n<td>\u0130svi\u00e7re<\/td>\n<td>29.775<\/td>\n<\/tr>\n<tr>\n<td>13<\/td>\n<td>S\u0131rbistan<\/td>\n<td>27.375<\/td>\n<\/tr>\n<tr>\n<td>14<\/td>\n<td>Danimarka<\/td>\n<td>26.950<\/td>\n<\/tr>\n<tr>\n<td>15<\/td>\n<td>Norve\u00e7<\/td>\n<td>26.625<\/td>\n<\/tr>\n<\/tbody>\n<\/table>\n<p>\u00a0<\/p>\n<p><b>\u015eAMP\u0130YONLAR L\u0130G\u0130\u2019NE DO\u011eRUDAN KATILIM HEDEF\u0130<\/b><\/p>\n<p>E\u011fer T\u00fcrkiye, bu sezona UEFA \u00fclke puan\u0131nda ilk 10\u2019da son verirse, 2024\/25 sezonunun S\u00fcper Lig \u015fampiyonu 2025\/26\u2019da \u015eampiyonlar Ligi\u2019nde gruplara direkt kat\u0131l\u0131m hakk\u0131 kazanacak. Ve 9. s\u0131rada kal\u0131rsak, bir sonraki sezonun S\u00fcper Lig ikincisi \u015eampiyonlar Ligi\u2019nde bir eleme turu eksik oynayarak m\u00fccadele edecek.<\/p>\n<p><b>FENERBAH\u00c7E VE BE\u015e\u0130KTA\u015e\u2019IN REKORLARI<\/b><\/p>\n<p>Fenerbah\u00e7e, Twente\u2019ye kar\u015f\u0131 elde etti\u011fi 1-0\u2019l\u0131k galibiyetle Avrupa\u2019da yedi ma\u00e7l\u0131k bir galibiyet serisine imza att\u0131 ve bunu ba\u015faran ilk T\u00fcrk tak\u0131m\u0131 oldu.<\/p>\n<p><img decoding=\"async\" src=\"https:\/\/i01.sozcucdn.com\/wp-content\/uploads\/2023\/09\/01\/b0610851-1741-4986-b556-42ca0a6d4b40.jpg\" alt=\"\" title=\"\"><\/p>\n<p>\u00d6te yandan Be\u015fikta\u015f, evinde ald\u0131\u011f\u0131 sonu\u00e7larla \u00f6n eleme a\u015famalar\u0131nda i\u00e7 sahada en \u00e7ok ma\u00e7a yenilmeden \u00e7\u0131kan T\u00fcrk tak\u0131m\u0131 unvan\u0131n\u0131 elde etti. Ayr\u0131ca, Be\u015fikta\u015f\u2019\u0131n Dinamo Kiev\u2019e kar\u015f\u0131 d\u00f6rt galibiyeti ve son alt\u0131 ma\u00e7\u0131nda sergiledi\u011fi performans, Avrupa arenas\u0131nda en uzun galibiyet serisini yakalamas\u0131n\u0131 sa\u011flad\u0131.<\/p>\n<p><img decoding=\"async\" src=\"https:\/\/i01.sozcucdn.com\/wp-content\/uploads\/2023\/09\/01\/besiktas1_23633129.jpg\" alt=\"\" title=\"\"><\/p>\n","protected":false},"excerpt":{"rendered":"<p>Galatasaray&#8217;\u0131n \u015eampiyonlar Ligi&#8217;ne y\u00fckselmesi ve Be\u015fikta\u015f ile Fenerbah\u00e7e&#8217;nin Konferans Ligi&#8217;nde gruplara kalmalar\u0131, T\u00fcrkiye&#8217;nin UEFA \u00fclke s\u0131ralamas\u0131nda y\u00fckseli\u015fini s\u00fcrd\u00fcrmesini sa\u011flad\u0131. T\u00fcrkiye, bu sezona UEFA \u00fclke puan\u0131nda ilk 10&#8217;da son vererek \u015eampiyonlar Ligi&#8217;ne direkt kat\u0131l\u0131m hedefine de yakla\u015ft\u0131.<\/p>\n","protected":false},"author":1,"featured_media":122161,"comment_status":"closed","ping_status":"open","sticky":false,"template":"","format":"standard","meta":{"footnotes":""},"categories":[31],"tags":[253,1346,87,2516,160],"class_list":["post-122160","post","type-post","status-publish","format-standard","has-post-thumbnail","hentry","category-spor","tag-avrupa","tag-iskocya","tag-turk","tag-uefa","tag-ulke"],"_links":{"self":[{"href":"https:\/\/haberulus.net\/index.php?rest_route=\/wp\/v2\/posts\/122160","targetHints":{"allow":["GET"]}}],"collection":[{"href":"https:\/\/haberulus.net\/index.php?rest_route=\/wp\/v2\/posts"}],"about":[{"href":"https:\/\/haberulus.net\/index.php?rest_route=\/wp\/v2\/types\/post"}],"author":[{"embeddable":true,"href":"https:\/\/haberulus.net\/index.php?rest_route=\/wp\/v2\/users\/1"}],"replies":[{"embeddable":true,"href":"https:\/\/haberulus.net\/index.php?rest_route=%2Fwp%2Fv2%2Fcomments&post=122160"}],"version-history":[{"count":1,"href":"https:\/\/haberulus.net\/index.php?rest_route=\/wp\/v2\/posts\/122160\/revisions"}],"predecessor-version":[{"id":122162,"href":"https:\/\/haberulus.net\/index.php?rest_route=\/wp\/v2\/posts\/122160\/revisions\/122162"}],"wp:featuredmedia":[{"embeddable":true,"href":"https:\/\/haberulus.net\/index.php?rest_route=\/wp\/v2\/media\/122161"}],"wp:attachment":[{"href":"https:\/\/haberulus.net\/index.php?rest_route=%2Fwp%2Fv2%2Fmedia&parent=122160"}],"wp:term":[{"taxonomy":"category","embeddable":true,"href":"https:\/\/haberulus.net\/index.php?rest_route=%2Fwp%2Fv2%2Fcategories&post=122160"},{"taxonomy":"post_tag","embeddable":true,"href":"https:\/\/haberulus.net\/index.php?rest_route=%2Fwp%2Fv2%2Ftags&post=122160"}],"curies":[{"name":"wp","href":"https:\/\/api.w.org\/{rel}","templated":true}]}}