{"id":122166,"date":"2023-09-01T07:21:02","date_gmt":"2023-09-01T07:21:02","guid":{"rendered":"https:\/\/haberulus.net\/?p=122166"},"modified":"2023-09-01T07:21:02","modified_gmt":"2023-09-01T07:21:02","slug":"karadenizde-urkuten-artis","status":"publish","type":"post","link":"https:\/\/haberulus.net\/?p=122166","title":{"rendered":"Karadeniz\u2019de \u00fcrk\u00fcten art\u0131\u015f"},"content":{"rendered":"<p>Koronavir\u00fcsle ra\u011fbet g\u00f6ren y\u00fcksek rak\u0131ml\u0131 yaylalarda, yaz turizmi ile birlikte n\u00fcfus hareketlili\u011fi daha da artt\u0131.<\/p>\n<p>Serin iklimi, geleneksel \u015fenlikleri ile yerli ve yabanc\u0131 turistlerin tercih etti\u011fi Do\u011fu Karadeniz\u2019deki yaylalar, zaman zaman geli\u015fig\u00fczel at\u0131lan \u00e7\u00f6pler ile doluyor.<\/p>\n<p>Bu \u00e7\u00f6pler, ormanlarda ve ula\u015ft\u0131\u011f\u0131 denizde kirlili\u011fe yol a\u00e7\u0131yor. \u00c7evre kirli\u011fi ayn\u0131 zamanda do\u011fal ya\u015fam\u0131 tehdit ediyor.<\/p>\n<p><strong>\u2018O ATIKLAR YAYLADA KALMIYOR\u2019<\/strong><\/p>\n<p>Do\u011fal ve Tarihi De\u011ferleri Koruma Derne\u011fi Ba\u015fkan\u0131 Do\u00e7. Dr. Co\u015fkun Er\u00fcz, yaylalarda artan kirlili\u011fin denize kadar ula\u015ft\u0131\u011f\u0131n\u0131 belirterek, \u015f\u00f6yle konu\u015ftu:<\/p>\n<p>-Pandemi sonras\u0131 yaylalarda ka\u00e7ak yap\u0131la\u015fma ve geli\u015fim var. Bu \u00e7arp\u0131kl\u0131k, do\u011fay\u0131 bozuyor. \u0130kinci g\u00f6r\u00fcnmeyen ve h\u0131zla b\u00fcy\u00fcyen sorun ise \u00e7\u00f6p.<\/p>\n<p>-G\u00f6\u00e7 hareketi \u00e7o\u011falan yaylalarda \u00fcretilen \u00e7\u00f6pleri \u015fehirlere ta\u015f\u0131y\u0131p, bertaraf etmeleri gerekirkeni halk, bu \u00e7\u00f6pleri sa\u011fa sola atmaya ba\u015flad\u0131.<\/p>\n<p>-\u015eu anda \u2018\u00e7\u00f6p olmayan, temiz\u2019 diyebilece\u011fimiz bir yer, neredeyse yok denecek kadar az. Bu \u00e7\u00f6p\u00fc ne yaz\u0131k yaylada ya\u015fayanlar, g\u00fcn\u00fcbirlik ziyaret\u00e7iler \u00e7\u00f6p at\u0131yor.<\/p>\n<div><img decoding=\"async\" src=\"https:\/\/i01.sozcucdn.com\/wp-content\/uploads\/2023\/09\/01\/karadeniz-yaylalarinda-atik-kirliliginde-urkuten-artis_8345_dhaphoto2-1.jpg\" alt=\"\" title=\"\"><\/p>\n<p>Do\u00e7. Dr. Co\u015fkun Er\u00fcz<\/p>\n<\/div>\n<p>-Ne yaz\u0131k ki \u00fclkemizi ziyarete gelen yabanc\u0131 turistler de ayn\u0131 mant\u0131kla yiyip, i\u00e7ip yaylada \u00e7\u00f6p\u00fcn\u00fc at\u0131p, geri d\u00f6n\u00fcyor.<\/p>\n<p>-Dolay\u0131s\u0131yla \u015fu anda Trabzon ba\u015fta olmak \u00fczere t\u00fcm yaylalarda \u00e7ok ciddi bir boyutta plastik a\u011f\u0131rl\u0131kl\u0131 olmak \u00fczere at\u0131k kirlili\u011fi var.<\/p>\n<p>-O at\u0131klar yaylada kalm\u0131yor. R\u00fczgar ve ya\u011fmur yard\u0131m\u0131yla bir \u015fekilde ak\u0131\u015fa ge\u00e7iyor. \u015eu anda b\u00fct\u00fcn akarsu havzalar\u0131 \u00e7\u00f6ple dolu. Yetmiyor; denize ula\u015f\u0131yor, k\u0131y\u0131lara gitti\u011finizde b\u00fct\u00fcn plajlar \u00e7\u00f6ple dolu.<\/p>\n<p><img decoding=\"async\" src=\"https:\/\/i01.sozcucdn.com\/wp-content\/uploads\/2023\/09\/01\/karadeniz-yaylalarinda-atik-kirliliginde-urkuten-artis_8345_dhaphoto4.jpg\" alt=\"\" title=\"\"><\/p>\n<p><strong>\u2018\u00c7\u00d6P, TUR\u0130ZM\u0130 BALTALAYAN B\u0130R SORUN\u2019<\/strong><\/p>\n<p>Yaylalardaki \u00e7\u00f6p\u00fcn turizmi baltalayan bir sorun oldu\u011funu kaydeden Do\u00e7. Dr. Er\u00fcz, \u015f\u00f6yle konu\u015ftu:<\/p>\n<p>-\u00c7\u00f6p sorunun kayna\u011f\u0131; halk. \u0130lk \u00f6nce halk\u0131 bilin\u00e7lendirmemiz gerekiyor. Yerel idarelerin de halk\u0131n oldu\u011fu alanlardaki \u00e7\u00f6p\u00fc almak i\u00e7in haftada 1 yaylalara \u00e7\u0131kmalar\u0131 gerekiyor. \u00c7\u00fcnk\u00fc \u00e7\u00f6p, turizmi baltalayan bir sorun.<\/p>\n<p>-\u00c7\u00f6p, do\u011fay\u0131 kirleten ve halk sa\u011fl\u0131\u011f\u0131n\u0131 riske atan bir sorun. Yaylaya gidenleri veya ya\u015fayan halk\u0131m\u0131z\u0131 bilin\u00e7lendirmemiz gerekiyor. Atmay\u0131 de\u011fil; atmamay\u0131 \u00f6ncelik yapmam\u0131z laz\u0131m. \u00c7\u00f6pleri toplayanlar\u0131n daha planl\u0131, kontroll\u00fc ve h\u0131zl\u0131 olmalar\u0131 laz\u0131m. B\u00fct\u00fcnc\u00fcl bakmam\u0131z gerekiyor.<\/p>\n<p>-Bu konuyla ilgili Avrupa Birli\u011fi (AB) destekleri mevcut. \u00c7\u00fcnk\u00fc Karadeniz\u2019in kirlili\u011finin \u00f6nlenmesi konusunda AB destek veriyor. Neden? \u00c7\u00fcnk\u00fc AB nezdinde Karadeniz, Avrupa\u2019n\u0131n en kirli denizi. Bunu da maalesef hep birlikte yap\u0131yoruz.<\/p>\n<p><img decoding=\"async\" src=\"https:\/\/i01.sozcucdn.com\/wp-content\/uploads\/2023\/09\/01\/karadeniz-yaylalarinda-atik-kirliliginde-urkuten-artis_8345_dhaphoto6.jpg\" alt=\"\" title=\"\"><\/p>\n<p><strong>\u2018BERTARAF \u0130MKANSIZLI\u011eA DO\u011eRU G\u0130D\u0130YOR\u2019<\/strong><\/p>\n<p>\u00c7\u00f6p miktar\u0131n\u0131n \u00e7ok ciddi oranda artt\u0131\u011f\u0131n\u0131 aktaran Do\u00e7. Dr. Er\u00fcz, \u201cOransal olarak bakt\u0131\u011f\u0131m\u0131zda; Trabzon ve Rize \u00e7evresinde 2010 y\u0131l\u0131ndan beri at\u0131klar toplan\u0131yor. Yerle\u015fim alanlar\u0131n\u0131n oldu\u011fu yerlerde sorunun y\u00fczde 80\u2019i \u00e7\u00f6z\u00fclm\u00fc\u015f. K\u0131rsal alanlardaki \u00e7\u00f6p sorunu, son 10 y\u0131lda en az y\u00fczde 80 artt\u0131. Bu \u00e7\u00f6plerde zamana ba\u011fl\u0131 olarak yay\u0131ld\u0131\u011f\u0131 i\u00e7in kontrol alt\u0131na al\u0131nam\u0131yor. Yay\u0131lan \u00e7\u00f6p\u00fc toplaman\u0131z ve bertaraf etmeniz imkans\u0131zl\u0131\u011fa do\u011fru gidiyor. Nihayetinde \u00e7\u00f6pler, Karadeniz\u2019e d\u00f6k\u00fcl\u00fcyor. Karadeniz\u2019de d\u00f6k\u00fclen at\u0131k miktar\u0131 \u00e7ok ciddi miktarda ula\u015ft\u0131. Bunlar da plastik a\u011f\u0131rl\u0131kl\u0131 at\u0131klar\u201d dedi. (DHA)<\/p>\n","protected":false},"excerpt":{"rendered":"<p>Do\u011fu Karadeniz&#8217;nin y\u00fcksek rak\u0131ml\u0131 yaylalar\u0131nda g\u00f6\u00e7 hareketlili\u011fi artarken, geli\u015fig\u00fczel at\u0131lan \u00e7\u00f6pler denize ula\u015f\u0131p, kirlili\u011fe yol a\u00e7\u0131yor. Do\u00e7. Dr. Co\u015fkun Er\u00fcz, &#8220;K\u0131rsal alanlardaki \u00e7\u00f6p sorunu, son 10 y\u0131lda en az y\u00fczde 80 artt\u0131. Karadeniz&#8217;de d\u00f6k\u00fclen at\u0131k miktar\u0131 \u00e7ok ciddi miktarda ula\u015ft\u0131. Bunlar da plastik a\u011f\u0131rl\u0131kl\u0131 at\u0131klar&#8221; dedi.<\/p>\n","protected":false},"author":1,"featured_media":122167,"comment_status":"closed","ping_status":"open","sticky":false,"template":"","format":"standard","meta":{"footnotes":""},"categories":[26],"tags":[1647,12864,570,528,3202],"class_list":["post-122166","post","type-post","status-publish","format-standard","has-post-thumbnail","hentry","category-gundem","tag-cop","tag-copler","tag-halk","tag-kirli","tag-sorun"],"_links":{"self":[{"href":"https:\/\/haberulus.net\/index.php?rest_route=\/wp\/v2\/posts\/122166","targetHints":{"allow":["GET"]}}],"collection":[{"href":"https:\/\/haberulus.net\/index.php?rest_route=\/wp\/v2\/posts"}],"about":[{"href":"https:\/\/haberulus.net\/index.php?rest_route=\/wp\/v2\/types\/post"}],"author":[{"embeddable":true,"href":"https:\/\/haberulus.net\/index.php?rest_route=\/wp\/v2\/users\/1"}],"replies":[{"embeddable":true,"href":"https:\/\/haberulus.net\/index.php?rest_route=%2Fwp%2Fv2%2Fcomments&post=122166"}],"version-history":[{"count":1,"href":"https:\/\/haberulus.net\/index.php?rest_route=\/wp\/v2\/posts\/122166\/revisions"}],"predecessor-version":[{"id":122168,"href":"https:\/\/haberulus.net\/index.php?rest_route=\/wp\/v2\/posts\/122166\/revisions\/122168"}],"wp:featuredmedia":[{"embeddable":true,"href":"https:\/\/haberulus.net\/index.php?rest_route=\/wp\/v2\/media\/122167"}],"wp:attachment":[{"href":"https:\/\/haberulus.net\/index.php?rest_route=%2Fwp%2Fv2%2Fmedia&parent=122166"}],"wp:term":[{"taxonomy":"category","embeddable":true,"href":"https:\/\/haberulus.net\/index.php?rest_route=%2Fwp%2Fv2%2Fcategories&post=122166"},{"taxonomy":"post_tag","embeddable":true,"href":"https:\/\/haberulus.net\/index.php?rest_route=%2Fwp%2Fv2%2Ftags&post=122166"}],"curies":[{"name":"wp","href":"https:\/\/api.w.org\/{rel}","templated":true}]}}