{"id":122190,"date":"2023-09-01T07:36:05","date_gmt":"2023-09-01T07:36:05","guid":{"rendered":"https:\/\/haberulus.net\/?p=122190"},"modified":"2023-09-01T07:36:05","modified_gmt":"2023-09-01T07:36:05","slug":"oguzhan-koctan-dilan-cicek-denize-manidar-yanit","status":"publish","type":"post","link":"https:\/\/haberulus.net\/?p=122190","title":{"rendered":"O\u011fuzhan Ko\u00e7\u2019tan Dilan \u00c7i\u00e7ek Deniz\u2019e manidar yan\u0131t"},"content":{"rendered":"<p>Meslekta\u015f\u0131 Mert Yaz\u0131c\u0131o\u011flu\u2019ndan k\u0131sa bir s\u00fcre \u00f6nce ayr\u0131lan oyuncu Dilan \u00c7i\u00e7ek Deniz, ge\u00e7en may\u0131s ay\u0131nda Demet \u00d6zdemir\u2019den bo\u015fanan \u015fark\u0131c\u0131 O\u011fuzhan Ko\u00e7 ile ad\u0131n\u0131n a\u015fk dedikodular\u0131na kar\u0131\u015fmas\u0131yla ilgili Instagram hesab\u0131ndan a\u00e7\u0131klama yapt\u0131.<\/p>\n<p><strong>\u201cTANIMIYORUM\u201d<\/strong><\/p>\n<p>Deniz \u201cHi\u00e7 tan\u0131mad\u0131\u011f\u0131m O\u011fuzhan Ko\u00e7 ile hakk\u0131mda \u00e7\u0131kan \u2018A\u015fk m\u0131 ya\u015f\u0131yorlar?\u2019 haberi tamamen yaland\u0131r. Sadece 15 dakika kald\u0131\u011f\u0131m mekanda tesad\u00fcfen ayn\u0131 karede yer ald\u0131\u011f\u0131m ve yan yana durdu\u011fumuzu bile farketmedi\u011fim biriyle sormadan, ara\u015ft\u0131rmadan yap\u0131lan haber, magazin habercili\u011fi de\u011fil ki\u015filik haklar\u0131na tacizdir\u2026 Birisi kuyuya bir ta\u015f at\u0131yor ve teyit edilmeden yap\u0131lan bu haberlerin insanlara verdi\u011fi psikolojik zarar maalesef d\u00fc\u015f\u00fcn\u00fclm\u00fcyor. Bu habercilik anlay\u0131\u015f\u0131n\u0131n de\u011fi\u015fmesi i\u00e7in art\u0131k gereken neyse yapaca\u011f\u0131m\u201d ifadelerini kulland\u0131.<\/p>\n<p><img decoding=\"async\" src=\"https:\/\/i01.sozcucdn.com\/wp-content\/uploads\/2023\/09\/01\/ing1-e1693552352694.jpeg\" alt=\"\" title=\"\"><\/p>\n<p><strong>\u201cBEN\u0130 TANIYANLARA\u2026\u201d<\/strong><\/p>\n<p>Deniz\u2019in bu a\u00e7\u0131klamas\u0131n\u0131n ard\u0131ndan O\u011fuzhan Ko\u00e7\u2019tan manidar bir yan\u0131t geldi.<\/p>\n<p>Konser videosu payla\u015fan O\u011fuzhan Ko\u00e7, \u201cBeni tan\u0131yanlara \u015fark\u0131lar s\u00f6yledi\u011fim bir ak\u015fam\u201d notunu d\u00fc\u015ft\u00fc. Bu payla\u015f\u0131m kafalar\u0131 kar\u0131\u015ft\u0131rd\u0131.<\/p>\n<p><img decoding=\"async\" src=\"https:\/\/i01.sozcucdn.com\/wp-content\/uploads\/2023\/09\/01\/ing2.jpeg\" alt=\"\" title=\"\"><\/p>\n","protected":false},"excerpt":{"rendered":"<p>K\u0131sa bir s\u00fcre \u00f6nce Mert Yaz\u0131c\u0131o\u011flu ile yollar\u0131n\u0131 ay\u0131ran Dilan \u00c7i\u00e7ek Deniz&#8217;in O\u011fuzhan Ko\u00e7 ile a\u015fk ya\u015fad\u0131\u011f\u0131 iddia edildi. Deniz iddialar\u0131 &#8220;Tan\u0131m\u0131yorum&#8221; diyerek yalanlad\u0131. Ko\u00e7 ise Deniz&#8217;in bu a\u00e7\u0131klamas\u0131na manidar bir yan\u0131t verdi.<\/p>\n","protected":false},"author":1,"featured_media":122191,"comment_status":"closed","ping_status":"open","sticky":false,"template":"","format":"standard","meta":{"footnotes":""},"categories":[29],"tags":[],"class_list":["post-122190","post","type-post","status-publish","format-standard","has-post-thumbnail","hentry","category-magazin"],"_links":{"self":[{"href":"https:\/\/haberulus.net\/index.php?rest_route=\/wp\/v2\/posts\/122190","targetHints":{"allow":["GET"]}}],"collection":[{"href":"https:\/\/haberulus.net\/index.php?rest_route=\/wp\/v2\/posts"}],"about":[{"href":"https:\/\/haberulus.net\/index.php?rest_route=\/wp\/v2\/types\/post"}],"author":[{"embeddable":true,"href":"https:\/\/haberulus.net\/index.php?rest_route=\/wp\/v2\/users\/1"}],"replies":[{"embeddable":true,"href":"https:\/\/haberulus.net\/index.php?rest_route=%2Fwp%2Fv2%2Fcomments&post=122190"}],"version-history":[{"count":1,"href":"https:\/\/haberulus.net\/index.php?rest_route=\/wp\/v2\/posts\/122190\/revisions"}],"predecessor-version":[{"id":122192,"href":"https:\/\/haberulus.net\/index.php?rest_route=\/wp\/v2\/posts\/122190\/revisions\/122192"}],"wp:featuredmedia":[{"embeddable":true,"href":"https:\/\/haberulus.net\/index.php?rest_route=\/wp\/v2\/media\/122191"}],"wp:attachment":[{"href":"https:\/\/haberulus.net\/index.php?rest_route=%2Fwp%2Fv2%2Fmedia&parent=122190"}],"wp:term":[{"taxonomy":"category","embeddable":true,"href":"https:\/\/haberulus.net\/index.php?rest_route=%2Fwp%2Fv2%2Fcategories&post=122190"},{"taxonomy":"post_tag","embeddable":true,"href":"https:\/\/haberulus.net\/index.php?rest_route=%2Fwp%2Fv2%2Ftags&post=122190"}],"curies":[{"name":"wp","href":"https:\/\/api.w.org\/{rel}","templated":true}]}}