{"id":122193,"date":"2023-09-01T07:36:06","date_gmt":"2023-09-01T07:36:06","guid":{"rendered":"https:\/\/haberulus.net\/?p=122193"},"modified":"2023-09-01T07:36:06","modified_gmt":"2023-09-01T07:36:06","slug":"formula-1-italya-grand-prix-2023-monzada-yaris-zamani","status":"publish","type":"post","link":"https:\/\/haberulus.net\/?p=122193","title":{"rendered":"Formula 1 \u0130talya Grand Prix 2023: Monza\u2019da yar\u0131\u015f zaman\u0131"},"content":{"rendered":"<p>Formula 1 D\u00fcnya \u015eampiyonas\u0131\u2019nda sezonun 15. yar\u0131\u015f\u0131na \u0130talya ev sahipli\u011fi yapacak.<\/p>\n<p>\u015eampiyonan\u0131n 15. aya\u011f\u0131, \u0130talya\u2019n\u0131n Monza kenti yak\u0131nlar\u0131nda bulunan 5,7 kilometrelik Autodromo Nazionale Monza pistinde d\u00fczenlenecek.<\/p>\n<p>\u0130talya Grand Prix\u2019sinin s\u0131ralama turlar\u0131 yar\u0131n TS\u0130 17.00\u2019da ba\u015flayacak. 53 turluk yar\u0131\u015f ise 3 Eyl\u00fcl Pazar g\u00fcn\u00fc TS\u0130 16.00\u2019da start alacak.<\/p>\n<p>\u015eu ana kadar Red Bull s\u00fcr\u00fcc\u00fcs\u00fc Max Verstappen\u2019in 11, tak\u0131m arkada\u015f\u0131 Sergio Perez\u2019in de 2 yar\u0131\u015f galibiyeti bulunuyor. Sezonun 6. aya\u011f\u0131 Emilia-Romagna Grand Prix\u2019si, olumsuz hava ko\u015fullar\u0131 nedeniyle iptal edilmi\u015fti.<\/p>\n<p>Pilotlar ve tak\u0131mlar klasman\u0131n\u0131n ilk 5 s\u0131ras\u0131 \u015f\u00f6yle:<\/p>\n<p><b>P\u0130LOTLAR<\/b><\/p>\n<ul>\n<li>1. Max Verstappen (Hollanda): 339 puan<\/li>\n<li>2. Sergio Perez (Meksika): 201<\/li>\n<li>3. Fernando Alonso (\u0130spanya): 168<\/li>\n<li>4. Lewis Hamilton (B\u00fcy\u00fck Britanya): 156<\/li>\n<li>5. Carlos Sainz (\u0130spanya): 102<\/li>\n<\/ul>\n<p><b>TAKIMLAR<\/b><\/p>\n<ul>\n<li>1. Red Bull: 540<\/li>\n<li>2. Mercedes: 255<\/li>\n<li>3. Aston Martin: 215<\/li>\n<li>4. Ferrari: 201<\/li>\n<li>5. McLaren: 111<\/li>\n<\/ul>\n<p>(AA)<\/p>\n","protected":false},"excerpt":{"rendered":"<p>Formula 1 d\u00fcnyas\u0131n\u0131n g\u00f6z\u00fc kula\u011f\u0131 Monza&#8217;da! Sezonun 15. yar\u0131\u015f\u0131na ev sahipli\u011fi yapacak olan Autodromo Nazionale Monza pisti, TS\u0130 17.00&#8217;da s\u0131ralama turlar\u0131yla seyircilerini selamlayacak. Lider Verstappen&#8217;in bu yar\u0131\u015ftaki performans\u0131 merakla bekleniyor.<\/p>\n","protected":false},"author":1,"featured_media":122194,"comment_status":"closed","ping_status":"open","sticky":false,"template":"","format":"standard","meta":{"footnotes":""},"categories":[31],"tags":[],"class_list":["post-122193","post","type-post","status-publish","format-standard","has-post-thumbnail","hentry","category-spor"],"_links":{"self":[{"href":"https:\/\/haberulus.net\/index.php?rest_route=\/wp\/v2\/posts\/122193","targetHints":{"allow":["GET"]}}],"collection":[{"href":"https:\/\/haberulus.net\/index.php?rest_route=\/wp\/v2\/posts"}],"about":[{"href":"https:\/\/haberulus.net\/index.php?rest_route=\/wp\/v2\/types\/post"}],"author":[{"embeddable":true,"href":"https:\/\/haberulus.net\/index.php?rest_route=\/wp\/v2\/users\/1"}],"replies":[{"embeddable":true,"href":"https:\/\/haberulus.net\/index.php?rest_route=%2Fwp%2Fv2%2Fcomments&post=122193"}],"version-history":[{"count":1,"href":"https:\/\/haberulus.net\/index.php?rest_route=\/wp\/v2\/posts\/122193\/revisions"}],"predecessor-version":[{"id":122195,"href":"https:\/\/haberulus.net\/index.php?rest_route=\/wp\/v2\/posts\/122193\/revisions\/122195"}],"wp:featuredmedia":[{"embeddable":true,"href":"https:\/\/haberulus.net\/index.php?rest_route=\/wp\/v2\/media\/122194"}],"wp:attachment":[{"href":"https:\/\/haberulus.net\/index.php?rest_route=%2Fwp%2Fv2%2Fmedia&parent=122193"}],"wp:term":[{"taxonomy":"category","embeddable":true,"href":"https:\/\/haberulus.net\/index.php?rest_route=%2Fwp%2Fv2%2Fcategories&post=122193"},{"taxonomy":"post_tag","embeddable":true,"href":"https:\/\/haberulus.net\/index.php?rest_route=%2Fwp%2Fv2%2Ftags&post=122193"}],"curies":[{"name":"wp","href":"https:\/\/api.w.org\/{rel}","templated":true}]}}