{"id":122196,"date":"2023-09-01T07:36:07","date_gmt":"2023-09-01T07:36:07","guid":{"rendered":"https:\/\/haberulus.net\/?p=122196"},"modified":"2023-09-01T07:36:07","modified_gmt":"2023-09-01T07:36:07","slug":"galatasaray-gaziantepte-galibiyet-icin-sahaya-cikacak","status":"publish","type":"post","link":"https:\/\/haberulus.net\/?p=122196","title":{"rendered":"Galatasaray, Gaziantep\u2019te galibiyet i\u00e7in sahaya \u00e7\u0131kacak"},"content":{"rendered":"<p>Galatasaray, Trendyol S\u00fcper Lig\u2019in 4. haftas\u0131nda yar\u0131n deplasmanda Gaziantep FK ile kar\u015f\u0131la\u015facak.<\/p>\n<p>Kalyon Stad\u0131\u2019nda yap\u0131lacak m\u00fcsabaka, saat 21.45\u2019te ba\u015flayacak. M\u00fccadeleyi hakem Ali \u015eansalan y\u00f6netecek.<\/p>\n<p>Son \u015fampiyon sar\u0131-k\u0131rm\u0131z\u0131l\u0131 ekip, ligde \u00e7\u0131kt\u0131\u011f\u0131 2 ma\u00e7ta birer galibiyet ve beraberlik ald\u0131. \u00dc\u00e7\u00fcnc\u00fc haftadaki \u0130stanbulspor m\u00fccadelesi UEFA \u015eampiyonlar Ligi play-off turundaki Molde ma\u00e7\u0131 nedeniyle ertelenen Galatasaray, toplad\u0131\u011f\u0131 4 puanla haftaya 8. s\u0131rada girdi.<\/p>\n<p>\u0130lk 3 ma\u00e7\u0131n\u0131 kaybeden Gaziantep temsilcisi ise son s\u0131rada yer al\u0131yor.<\/p>\n<p><b>GAZ\u0130ANTEP\u2019E TAM KADRO<\/b><\/p>\n<p>Sar\u0131-k\u0131rm\u0131z\u0131l\u0131 ekipte Gaziantep FK m\u00fcsabakas\u0131 \u00f6ncesinde eksik oyuncu bulunmuyor.<\/p>\n<p>Herhangi bir kart cezal\u0131s\u0131 veya sakat futbolcunun bulunmad\u0131\u011f\u0131 Galatasaray\u2019da Molde ma\u00e7\u0131nda hafif sakatl\u0131k ge\u00e7iren Mauro Icardi, yeni transferlerden Hakim Ziyech ve hen\u00fcz fiziksel olarak haz\u0131r olmayan Wilfried Zaha\u2019n\u0131n durumlar\u0131 bug\u00fcn yap\u0131lacak son antrenman\u0131n ard\u0131ndan belli olacak.<\/p>\n<p><b>14 RESM\u0130 MA\u00c7TA YEN\u0130LG\u0130S\u0130 YOK<\/b><\/p>\n<p>Galatasaray, \u00e7\u0131kt\u0131\u011f\u0131 son 14 resmi m\u00fcsabakada ma\u011flubiyet y\u00fcz\u00fc g\u00f6rmedi.<\/p>\n<p>Son yenilgisini ge\u00e7en sezonun 32. haftas\u0131ndaki derbide Be\u015fikta\u015f kar\u015f\u0131s\u0131nda ya\u015fayan sar\u0131-k\u0131rm\u0131z\u0131l\u0131 ekip, sonras\u0131ndaki 6 lig m\u00fccadelesini (Biri Hatayspor\u2019a kar\u015f\u0131 3-0 h\u00fckmen) kazand\u0131.<\/p>\n<p>\u201cCimbom\u201d bu sezon ise 2\u2019si Trendyol S\u00fcper Lig, 6\u2019s\u0131 UEFA \u015eampiyonlar Ligi elemesi olmak \u00fczere sahaya \u00e7\u0131kt\u0131\u011f\u0131 8 ma\u00e7ta 6 galibiyet, 2 beraberlik ya\u015fad\u0131.<\/p>\n<p><b>L\u0130GDE 7 MA\u00c7TA 1 GOL YED\u0130<\/b><\/p>\n<p>Galatasaray, S\u00fcper Lig\u2019de son 7 m\u00fcsabakada kalesinde 1 gol g\u00f6rd\u00fc.<\/p>\n<p>Ge\u00e7en sezon iyi savunmas\u0131yla dikkati \u00e7eken \u015fampiyon Galatasaray, son haftada h\u00fckmen kazand\u0131\u011f\u0131 Ataka\u015f Hatayspor m\u00fccadelesi haricinde m\u00fccadele etti\u011fi son S\u00fcper lig 7 m\u00fccadelesinde 14 gol at\u0131p, 1 gol yedi.<\/p>\n<p><b>ICARDI DURDURULAMIYOR<\/b><\/p>\n<p>Galatasaray\u2019\u0131n Arjantinli y\u0131ld\u0131z futbolcusu Mauro Icardi, sezona iyi bir giri\u015f yapt\u0131.<\/p>\n<p>Ge\u00e7en sezon sahaya \u00e7\u0131kt\u0131\u011f\u0131 son 6 S\u00fcper Lig ma\u00e7\u0131n\u0131n tamam\u0131nda fileleri havaland\u0131ran ve 9 kez gol sevinci ya\u015fayan Icardi, bu sezon da durdurulam\u0131yor.<\/p>\n<p>Bu sezon 6 resmi ma\u00e7a \u00e7\u0131kan 30 ya\u015f\u0131ndaki y\u0131ld\u0131z santrfor, tamam\u0131nda skoru de\u011fi\u015ftirdi\u011fi son 4 m\u00fcsabakada 5 kez gol sevinci ya\u015fad\u0131.<\/p>\n<p>Galatasaray\u2019da bu sezon yap\u0131lan 8 resmi m\u00fcsabakada ayr\u0131ca Dries Mertens ve Halil Dervi\u015fo\u011flu iki\u015fer, Abd\u00fclkerim Bardakc\u0131, Sergio Oliveira, Angelino, Kerem Akt\u00fcrko\u011flu ve Fredrik Midtsj\u00f6 birer kez fileleri havaland\u0131rd\u0131.<\/p>\n<p><b>G\u00dcNAY VE BATUHAN ESK\u0130 TAKIMLARINA KAR\u015eI<\/b><\/p>\n<p>Galatasaray\u2019\u0131n yeni transferi G\u00fcnay G\u00fcven\u00e7 ile bu transferde kiral\u0131k olarak giden Batuhan \u015een, ilk kez eski tak\u0131mlar\u0131na kar\u015f\u0131 m\u00fccadele edecek.<\/p>\n<p>Gaziantep temsilcisinin formas\u0131n\u0131 2018\u2019de giymeye ba\u015flayan G\u00fcnay, kaptanl\u0131\u011f\u0131n\u0131 yapt\u0131\u011f\u0131 tak\u0131m\u0131n kalesini 163 resmi m\u00fcsabaka korudu. G\u00fcnay\u2019\u0131n yar\u0131nki kar\u015f\u0131la\u015fmada yedekler aras\u0131nda yer almas\u0131 bekleniyor.<\/p>\n<p>Sar\u0131-k\u0131rm\u0131z\u0131l\u0131 ekibin altyap\u0131s\u0131ndan yeti\u015fen kaleci Batuhan \u015een de G\u00fcnay transferinde k\u0131rm\u0131z\u0131-siyahl\u0131 tak\u0131ma gitti. Ligin ilk 3 ma\u00e7\u0131nda kaleyi koruyan 24 ya\u015f\u0131ndaki file bek\u00e7isi, b\u00fcy\u00fck ihtimalle Galatasaray\u2019a kar\u015f\u0131 da forma giyecek.<\/p>\n<p><b>9. RANDEVU<\/b><\/p>\n<p>Galatasaray ile Gaziantep FK, S\u00fcper Lig\u2019in 4. haftas\u0131nda yar\u0131n yapacaklar\u0131 ma\u00e7la 9. kez kar\u015f\u0131 kar\u015f\u0131ya gelecek.<\/p>\n<p>Sar\u0131-k\u0131rm\u0131z\u0131l\u0131 ekip, S\u00fcper Lig\u2019de be\u015finci sezonunu ge\u00e7iren Gaziantep temsilcisi ile daha \u00f6nce 8 ma\u00e7 yapt\u0131. Galatasaray, s\u00f6z konusu m\u00fcsabakalarda biri h\u00fckmen olmak \u00fczere 6 galibiyet ald\u0131.<\/p>\n<p>\u0130ki tak\u0131m aras\u0131ndaki bir ma\u00e7 beraberlikle sonu\u00e7lan\u0131rken, bir m\u00fcsabakay\u0131 ise Gaziantep FK kazand\u0131.<\/p>\n<p>S\u00f6z konusu m\u00fccadelelerde 3\u2019\u00fc h\u00fckmenden olmak \u00fczere 18 gol atan \u201cCimbom\u201d kalesinde 9 gol g\u00f6rd\u00fc.<\/p>\n<p><b>GAZ\u0130ANTEP\u2019TE GALATASARAY \u00dcST\u00dcNL\u00dc\u011e\u00dc<\/b><\/p>\n<p>Galatasaray, rakibiyle deplasmanda yapt\u0131\u011f\u0131 ma\u00e7larda da \u00fcst\u00fcnl\u00fck kurdu.<\/p>\n<p>Gaziantep\u2019te 3 S\u00fcper Lig ma\u00e7\u0131na \u00e7\u0131kan sar\u0131-k\u0131rm\u0131z\u0131l\u0131 ekip, 2 galibiyet, 1 ma\u011flubiyet ya\u015fad\u0131. Galatasaray, bir ma\u00e7\u0131 da h\u00fckmen kazand\u0131.<\/p>\n<p>Sar\u0131-k\u0131rm\u0131z\u0131l\u0131lar, s\u00f6z konusu m\u00fccadelelerde 3\u2019\u00fc h\u00fckmenden olmak \u00fczere 8 gol atarken kalesinde 4 gole engel olamad\u0131. (AA)<\/p>\n","protected":false},"excerpt":{"rendered":"<p>Son \u015fampiyon Galatasaray, S\u00fcper Lig&#8217;in 4. haftas\u0131nda Gaziantep FK ile kritik bir ma\u00e7a \u00e7\u0131k\u0131yor. Arjantinli y\u0131ld\u0131z Icardi&#8217;nin durumu, yeni transferler ve iki tak\u0131m\u0131n ge\u00e7mi\u015fteki kar\u015f\u0131la\u015fmalar\u0131 hakk\u0131nda t\u00fcm detaylar haberimizde.<\/p>\n","protected":false},"author":1,"featured_media":122197,"comment_status":"closed","ping_status":"open","sticky":false,"template":"","format":"standard","meta":{"footnotes":""},"categories":[31],"tags":[323,290,102,3587,201],"class_list":["post-122196","post","type-post","status-publish","format-standard","has-post-thumbnail","hentry","category-spor","tag-gol","tag-mac","tag-mucadele","tag-musabaka","tag-sezon"],"_links":{"self":[{"href":"https:\/\/haberulus.net\/index.php?rest_route=\/wp\/v2\/posts\/122196","targetHints":{"allow":["GET"]}}],"collection":[{"href":"https:\/\/haberulus.net\/index.php?rest_route=\/wp\/v2\/posts"}],"about":[{"href":"https:\/\/haberulus.net\/index.php?rest_route=\/wp\/v2\/types\/post"}],"author":[{"embeddable":true,"href":"https:\/\/haberulus.net\/index.php?rest_route=\/wp\/v2\/users\/1"}],"replies":[{"embeddable":true,"href":"https:\/\/haberulus.net\/index.php?rest_route=%2Fwp%2Fv2%2Fcomments&post=122196"}],"version-history":[{"count":1,"href":"https:\/\/haberulus.net\/index.php?rest_route=\/wp\/v2\/posts\/122196\/revisions"}],"predecessor-version":[{"id":122198,"href":"https:\/\/haberulus.net\/index.php?rest_route=\/wp\/v2\/posts\/122196\/revisions\/122198"}],"wp:featuredmedia":[{"embeddable":true,"href":"https:\/\/haberulus.net\/index.php?rest_route=\/wp\/v2\/media\/122197"}],"wp:attachment":[{"href":"https:\/\/haberulus.net\/index.php?rest_route=%2Fwp%2Fv2%2Fmedia&parent=122196"}],"wp:term":[{"taxonomy":"category","embeddable":true,"href":"https:\/\/haberulus.net\/index.php?rest_route=%2Fwp%2Fv2%2Fcategories&post=122196"},{"taxonomy":"post_tag","embeddable":true,"href":"https:\/\/haberulus.net\/index.php?rest_route=%2Fwp%2Fv2%2Ftags&post=122196"}],"curies":[{"name":"wp","href":"https:\/\/api.w.org\/{rel}","templated":true}]}}