{"id":122211,"date":"2023-09-01T08:05:40","date_gmt":"2023-09-01T08:05:40","guid":{"rendered":"https:\/\/haberulus.net\/?p=122211"},"modified":"2023-09-01T08:05:40","modified_gmt":"2023-09-01T08:05:40","slug":"turkiyenin-ham-celik-uretimi-yilin-ilk-7-ayinda-yuzde-13-dustu","status":"publish","type":"post","link":"https:\/\/haberulus.net\/?p=122211","title":{"rendered":"T\u00fcrkiye\u2019nin ham \u00e7elik \u00fcretimi y\u0131l\u0131n ilk 7 ay\u0131nda y\u00fczde 13 d\u00fc\u015ft\u00fc"},"content":{"rendered":"<p>T\u00fcrkiye\u2019nin ham \u00e7elik \u00fcretimi, temmuzda ge\u00e7en y\u0131l\u0131n ayn\u0131 ay\u0131na g\u00f6re y\u00fczde 7,7 artarak 2,9 milyon ton oldu.<\/p>\n<p>T\u00fcrkiye \u00c7elik \u00dcreticileri Derne\u011fi (T\u00c7\u00dcD), T\u00fcrkiye\u2019nin temmuz ay\u0131na ili\u015fkin ham \u00e7elik \u00fcretim, t\u00fcketim ve d\u0131\u015f ticaret verilerini a\u00e7\u0131klad\u0131.<\/p>\n<p>Buna g\u00f6re, ham \u00e7elik \u00fcretimi, temmuzda ge\u00e7en y\u0131l\u0131n ayn\u0131 ay\u0131na g\u00f6re y\u00fczde 7,7 art\u0131\u015fla 2,9 milyon ton olarak hesapland\u0131.<\/p>\n<p>S\u00f6z konusu \u00fcretim, ocak-temmuz d\u00f6neminde ise y\u00fczde 13,3 azal\u0131\u015fla 18,8 milyon ton seviyesinde ger\u00e7ekle\u015fti.<\/p>\n<p>Nihai mamul t\u00fcketimi temmuzda ge\u00e7en y\u0131l\u0131n ayn\u0131 ay\u0131na k\u0131yasla y\u00fczde 26,9 art\u0131\u015fla 3,4 milyon ton, ocak-temmuz d\u00f6neminde ise y\u00fczde 17,1 art\u0131\u015fla 23,3 milyon ton oldu.<\/p>\n<p><b>\u00c7EL\u0130K \u0130HRACATINDA Y\u00dcZDE 27,4 D\u00dc\u015e\u00dc\u015e<\/b><\/p>\n<p>Temmuzda \u00e7elik \u00fcr\u00fcnleri ihracat\u0131, ge\u00e7en y\u0131l\u0131n ayn\u0131 ay\u0131na g\u00f6re miktar y\u00f6n\u00fcnden y\u00fczde 27,4 azal\u0131\u015fla 851,7 bin tona, de\u011fer y\u00f6n\u00fcnden ise y\u00fczde 40,2 azal\u0131\u015fla 675,5 milyon dolara geriledi.<\/p>\n<p>\u0130hracat, ocak-temmuz d\u00f6neminde 2022 y\u0131l\u0131n\u0131n ayn\u0131 d\u00f6nemine k\u0131yasla miktar y\u00f6n\u00fcnden y\u00fczde 44,2 azal\u0131\u015fla 5,3 milyon ton, de\u011fer y\u00f6n\u00fcnden ise y\u00fczde 51,1 d\u00fc\u015f\u00fc\u015fle 4,6 milyar dolar seviyesinde ger\u00e7ekle\u015fti.<\/p>\n<p>\u00c7elik \u00fcr\u00fcnleri ithalat\u0131 temmuzda y\u0131ll\u0131k bazda miktar y\u00f6n\u00fcnden y\u00fczde 16,1 art\u0131\u015fla 1,5 milyon ton, de\u011fer y\u00f6n\u00fcnden ise y\u00fczde 7,1 azal\u0131\u015fla 1,4 milyar dolar oldu.<\/p>\n<p>\u0130thalat, ocak-temmuz d\u00f6neminde ise ge\u00e7en y\u0131l\u0131n ayn\u0131 d\u00f6nemine k\u0131yasla miktar y\u00f6n\u00fcnden y\u00fczde 22 art\u0131\u015fla 11 milyon ton, de\u011fer y\u00f6n\u00fcnden y\u00fczde 4,7 azal\u0131\u015fla 9,5 milyar dolar olarak kay\u0131tlara ge\u00e7ti.<\/p>\n<p>Ge\u00e7en y\u0131l\u0131n ocak-temmuz d\u00f6neminde y\u00fczde 93,4 olan ihracat\u0131n ithalat\u0131 kar\u015f\u0131lama oran\u0131, bu y\u0131l\u0131n ayn\u0131 d\u00f6neminde y\u00fczde 48 seviyesine geriledi.<\/p>\n<p>Temmuz ay\u0131nda ya\u015fanan art\u0131\u015fla T\u00fcrkiye\u2019nin ham \u00e7elik \u00fcretiminde 14 ay sonra ilk kez art\u0131\u015f g\u00f6r\u00fcld\u00fc. T\u00fcrk \u00e7elik sekt\u00f6r\u00fc bu \u00fcretimiyle Almanya\u2019n\u0131n ard\u0131ndan 8\u2019inci s\u0131raya y\u00fckseldi.<\/p>\n<p>A\u00e7\u0131klamaya g\u00f6re, T\u00fcrkiye\u2019nin \u00c7in\u2019den yap\u0131lan \u00e7elik \u00fcr\u00fcnleri ithalat\u0131 y\u0131l\u0131n 7 ay\u0131nda y\u00fczde 84 artarken sekt\u00f6r taraf\u0131ndan \u00c7in\u2019in \u00fcretim fazlas\u0131n\u0131 T\u00fcrkiye\u2019ye g\u00f6ndermesinin engellenmesi talep ediliyor. (AA)<\/p>\n","protected":false},"excerpt":{"rendered":"<p>T\u00fcrkiye \u00c7elik \u00dcreticileri Derne\u011fi, T\u00fcrkiye&#8217;nin ham \u00e7elik \u00fcretiminin y\u0131l\u0131n ilk 7 ay\u0131nda y\u00fczde 13,3 azal\u0131\u015fla 18,8 milyon ton oldu\u011funu a\u00e7\u0131klad\u0131.<\/p>\n","protected":false},"author":1,"featured_media":122212,"comment_status":"closed","ping_status":"open","sticky":false,"template":"","format":"standard","meta":{"footnotes":""},"categories":[25],"tags":[68,10018,73,15,628],"class_list":["post-122211","post","type-post","status-publish","format-standard","has-post-thumbnail","hentry","category-ekonomi","tag-artisla","tag-ayina","tag-celik","tag-turkiye","tag-uretim"],"_links":{"self":[{"href":"https:\/\/haberulus.net\/index.php?rest_route=\/wp\/v2\/posts\/122211","targetHints":{"allow":["GET"]}}],"collection":[{"href":"https:\/\/haberulus.net\/index.php?rest_route=\/wp\/v2\/posts"}],"about":[{"href":"https:\/\/haberulus.net\/index.php?rest_route=\/wp\/v2\/types\/post"}],"author":[{"embeddable":true,"href":"https:\/\/haberulus.net\/index.php?rest_route=\/wp\/v2\/users\/1"}],"replies":[{"embeddable":true,"href":"https:\/\/haberulus.net\/index.php?rest_route=%2Fwp%2Fv2%2Fcomments&post=122211"}],"version-history":[{"count":1,"href":"https:\/\/haberulus.net\/index.php?rest_route=\/wp\/v2\/posts\/122211\/revisions"}],"predecessor-version":[{"id":122213,"href":"https:\/\/haberulus.net\/index.php?rest_route=\/wp\/v2\/posts\/122211\/revisions\/122213"}],"wp:featuredmedia":[{"embeddable":true,"href":"https:\/\/haberulus.net\/index.php?rest_route=\/wp\/v2\/media\/122212"}],"wp:attachment":[{"href":"https:\/\/haberulus.net\/index.php?rest_route=%2Fwp%2Fv2%2Fmedia&parent=122211"}],"wp:term":[{"taxonomy":"category","embeddable":true,"href":"https:\/\/haberulus.net\/index.php?rest_route=%2Fwp%2Fv2%2Fcategories&post=122211"},{"taxonomy":"post_tag","embeddable":true,"href":"https:\/\/haberulus.net\/index.php?rest_route=%2Fwp%2Fv2%2Ftags&post=122211"}],"curies":[{"name":"wp","href":"https:\/\/api.w.org\/{rel}","templated":true}]}}