{"id":122220,"date":"2023-09-01T08:21:05","date_gmt":"2023-09-01T08:21:05","guid":{"rendered":"https:\/\/haberulus.net\/?p=122220"},"modified":"2023-09-01T08:21:05","modified_gmt":"2023-09-01T08:21:05","slug":"pentagon-wagner-esasen-sona-erdi","status":"publish","type":"post","link":"https:\/\/haberulus.net\/?p=122220","title":{"rendered":"Pentagon: Wagner esasen sona erdi"},"content":{"rendered":"<p>Pentagon S\u00f6zc\u00fcs\u00fc Tu\u011fgeneral Patrick\u00a0Ryder, d\u00fczenledi\u011fi g\u00fcnl\u00fck bas\u0131n toplant\u0131s\u0131nda g\u00fcndemi de\u011ferlendirdi ve gazetecilerin sorular\u0131n\u0131 yan\u0131tlad\u0131.<\/p>\n<p>Toplant\u0131da bir gazeteci, Kuzey Kore\u2019nin Wagner\u2019e silah satt\u0131\u011f\u0131na dair ge\u00e7en y\u0131l ortaya at\u0131lan iddialar\u0131 an\u0131msatarak, \u201cWagner ile Kuzey Kore aras\u0131ndaki silah anla\u015fmas\u0131n\u0131n bitti\u011fine inan\u0131yor musunuz?\u201d sorusunu y\u00f6neltti. Ryder, Wagner\u2019in kurucusu Prigojin\u2019in \u00f6l\u00fcm\u00fcne at\u0131fta bulunarak, \u201cBuradaki as\u0131l mevzu, Wagner grubu esasen bitti. Bu nedenle ortada bir m\u00fczakere olmad\u0131\u011f\u0131n\u0131 da s\u00f6yleyebilirim.\u201d ifadelerini kulland\u0131.<\/p>\n<p>Wagner\u2019in bir d\u00f6nem Rusya-Ukrayna Sava\u015f\u0131\u2019nda sahadaki en etkili fakt\u00f6r oldu\u011funu belirten Ryder, \u201cRusya, \u0130ran ve Kuzey Kore gibi zorba rejimlerden cephane ya da silah almaya \u00e7al\u0131\u015f\u0131yor.\u201d diye konu\u015ftu. Ryder, Kuzey Kore\u2019ye Rusya\u2019ya hi\u00e7bir \u015fekilde silah vermeme \u00e7a\u011fr\u0131s\u0131n\u0131 yineledi.<\/p>\n<p>Rusya Federal Hava Ta\u015f\u0131mac\u0131l\u0131\u011f\u0131 Ajans\u0131ndan (Rosaviatsiya) 23 A\u011fustos&#8217;ta yap\u0131lan a\u00e7\u0131klamada, Prigojin&#8217;in de bulundu\u011fu \u00f6zel jetin Tver&#8217;de d\u00fc\u015fmesi sonucu 10 ki\u015finin \u00f6ld\u00fc\u011f\u00fc bildirilmi\u015fti. A\u00e7\u0131klamaya g\u00f6re, u\u00e7akta yer alan yolcu listesinde Prigojin&#8217;in yan\u0131 s\u0131ra yard\u0131mc\u0131s\u0131 ve Wagner&#8217;in kurucular\u0131ndan Dmitriy Utkin ile Sergey Propustin, Yevgeniy Makaryan, Aleksandr Totmin, Valeriy \u00c7ekalov, Nikolay Matuseyev&#8217;in isimleri yer alm\u0131\u015ft\u0131.<\/p>\n<p>Rusya Soru\u015fturma Komitesi, 27 A\u011fustos\u2019taki a\u00e7\u0131klamas\u0131nda Tver b\u00f6lgesinde \u00f6zel jetin d\u00fc\u015fmesi sonucu \u00f6lenlerin aras\u0131nda Wagner&#8217;in kurucusu Yevgeniy Prigojin&#8217;in bulundu\u011funu teyit etmi\u015fti.<\/p>\n<p>Prigojin&#8217;in cenaze t\u00f6reninin 29 A\u011fustos\u2019ta \u201cd\u0131\u015far\u0131ya kapal\u0131 \u015fekilde\u201d St. Petersburg&#8217;daki mezarl\u0131kta yap\u0131ld\u0131\u011f\u0131 bildirilmi\u015fti. (AA)<\/p>\n","protected":false},"excerpt":{"rendered":"<p>Pentagon S\u00f6zc\u00fcs\u00fc Tu\u011fgeneral Patrick Ryder, Wagner\u2019in kurucusu Yevgeniy Prigojin&#8217;in \u00f6l\u00fcm\u00fcyle ilgili &#8220;Wagner grubu esasen bitti&#8221; dedi.<\/p>\n","protected":false},"author":1,"featured_media":122221,"comment_status":"closed","ping_status":"open","sticky":false,"template":"","format":"standard","meta":{"footnotes":""},"categories":[24],"tags":[42,5020],"class_list":["post-122220","post","type-post","status-publish","format-standard","has-post-thumbnail","hentry","category-dunya","tag-rusya","tag-wagner"],"_links":{"self":[{"href":"https:\/\/haberulus.net\/index.php?rest_route=\/wp\/v2\/posts\/122220","targetHints":{"allow":["GET"]}}],"collection":[{"href":"https:\/\/haberulus.net\/index.php?rest_route=\/wp\/v2\/posts"}],"about":[{"href":"https:\/\/haberulus.net\/index.php?rest_route=\/wp\/v2\/types\/post"}],"author":[{"embeddable":true,"href":"https:\/\/haberulus.net\/index.php?rest_route=\/wp\/v2\/users\/1"}],"replies":[{"embeddable":true,"href":"https:\/\/haberulus.net\/index.php?rest_route=%2Fwp%2Fv2%2Fcomments&post=122220"}],"version-history":[{"count":1,"href":"https:\/\/haberulus.net\/index.php?rest_route=\/wp\/v2\/posts\/122220\/revisions"}],"predecessor-version":[{"id":122222,"href":"https:\/\/haberulus.net\/index.php?rest_route=\/wp\/v2\/posts\/122220\/revisions\/122222"}],"wp:featuredmedia":[{"embeddable":true,"href":"https:\/\/haberulus.net\/index.php?rest_route=\/wp\/v2\/media\/122221"}],"wp:attachment":[{"href":"https:\/\/haberulus.net\/index.php?rest_route=%2Fwp%2Fv2%2Fmedia&parent=122220"}],"wp:term":[{"taxonomy":"category","embeddable":true,"href":"https:\/\/haberulus.net\/index.php?rest_route=%2Fwp%2Fv2%2Fcategories&post=122220"},{"taxonomy":"post_tag","embeddable":true,"href":"https:\/\/haberulus.net\/index.php?rest_route=%2Fwp%2Fv2%2Ftags&post=122220"}],"curies":[{"name":"wp","href":"https:\/\/api.w.org\/{rel}","templated":true}]}}